{"id":923,"date":"2013-09-26T14:56:37","date_gmt":"2013-09-26T14:56:37","guid":{"rendered":"\/ccbsa\/?p=923"},"modified":"2013-09-26T14:56:37","modified_gmt":"2013-09-26T14:56:37","slug":"arquivista-do-campus-v-e-egressa-da-uepb-ministrarao-oficinas-durante-semana-academica","status":"publish","type":"post","link":"https:\/\/centros.uepb.edu.br\/ccbsa\/arquivista-do-campus-v-e-egressa-da-uepb-ministrarao-oficinas-durante-semana-academica\/","title":{"rendered":"Arquivista do Campus V e egressa da UEPB ministrar\u00e3o oficinas durante Semana Acad\u00eamica"},"content":{"rendered":"<p>As arquivistas Hilza Cavalcante, do Campus V da Universidade Estadual da Para\u00edba, e R\u00e9gia Sueli, egressa do curso de Arquivologia da UEPB, ministrar\u00e3o, no dia 8 de outubro, das 19 \u00e0s 21h, duas oficinas que integram a programa\u00e7\u00e3o da Semana Acad\u00eamica de Arquivologia, realizada pela Universidade Federal da Para\u00edba.<\/p>\n<p>Com o tema \u201cArquivo sustent\u00e1vel\u201d, a arquivista Hilza Cavalcante apresentar\u00e1 durante a oficina as formas de aproveitamento da pasta AZ, pastas suspensas para criar porta-retratos, lixeiros, porta caneta, caixas de presente, flores, entre outros produtos. Para esta atividade s\u00e3o ofertadas 20 vagas.<\/p>\n<p>J\u00e1 a oficina \u201cM\u00e9todo Variadex\u201d, ser\u00e1 ministrada pela arquivista R\u00e9gia Felix, que apresentar\u00e1 a varia\u00e7\u00e3o criada por ela para o m\u00e9todo de arquivamento conhecido como Variadex, que emprega cores como elementos auxiliares para facilitar o arquivamento e a localiza\u00e7\u00e3o de documentos. O trabalho desenvolvido por R\u00e9gia, j\u00e1 foi destaque em v\u00e1rias publica\u00e7\u00f5es especializadas e em eventos da \u00e1rea. Para esta oficina s\u00e3o ofertadas 40 vagas.<\/p>\n","protected":false},"excerpt":{"rendered":"<p>As arquivistas Hilza Cavalcante, do Campus V da Universidade Estadual da Para\u00edba, e R\u00e9gia Sueli, egressa do curso de Arquivologia da UEPB, ministrar\u00e3o, no dia 8 de outubro, das 19 \u00e0s 21h, duas oficinas que integram a programa\u00e7\u00e3o da Semana Acad\u00eamica de Arquivologia, realizada pela Universidade Federal da Para\u00edba. Com o tema \u201cArquivo sustent\u00e1vel\u201d, a <a class=\"leiamais\" href=\"https:\/\/centros.uepb.edu.br\/ccbsa\/arquivista-do-campus-v-e-egressa-da-uepb-ministrarao-oficinas-durante-semana-academica\/\">Leia Mais&#8230;<\/a><\/p>\n","protected":false},"author":8,"featured_media":0,"comment_status":"open","ping_status":"open","sticky":false,"template":"","format":"standard","meta":{"footnotes":""},"categories":[3,5],"tags":[],"class_list":["post-923","post","type-post","status-publish","format-standard","hentry","category-noticias","category-visiveis"],"jetpack_featured_media_url":"","_links":{"self":[{"href":"https:\/\/centros.uepb.edu.br\/ccbsa\/wp-json\/wp\/v2\/posts\/923","targetHints":{"allow":["GET"]}}],"collection":[{"href":"https:\/\/centros.uepb.edu.br\/ccbsa\/wp-json\/wp\/v2\/posts"}],"about":[{"href":"https:\/\/centros.uepb.edu.br\/ccbsa\/wp-json\/wp\/v2\/types\/post"}],"author":[{"embeddable":true,"href":"https:\/\/centros.uepb.edu.br\/ccbsa\/wp-json\/wp\/v2\/users\/8"}],"replies":[{"embeddable":true,"href":"https:\/\/centros.uepb.edu.br\/ccbsa\/wp-json\/wp\/v2\/comments?post=923"}],"version-history":[{"count":0,"href":"https:\/\/centros.uepb.edu.br\/ccbsa\/wp-json\/wp\/v2\/posts\/923\/revisions"}],"wp:attachment":[{"href":"https:\/\/centros.uepb.edu.br\/ccbsa\/wp-json\/wp\/v2\/media?parent=923"}],"wp:term":[{"taxonomy":"category","embeddable":true,"href":"https:\/\/centros.uepb.edu.br\/ccbsa\/wp-json\/wp\/v2\/categories?post=923"},{"taxonomy":"post_tag","embeddable":true,"href":"https:\/\/centros.uepb.edu.br\/ccbsa\/wp-json\/wp\/v2\/tags?post=923"}],"curies":[{"name":"wp","href":"https:\/\/api.w.org\/{rel}","templated":true}]}}