{"id":9225,"date":"2022-08-30T13:15:43","date_gmt":"2022-08-30T13:15:43","guid":{"rendered":"https:\/\/centros.uepb.edu.br\/ccbsa\/?p=9225"},"modified":"2022-08-30T20:42:42","modified_gmt":"2022-08-30T20:42:42","slug":"programacao-especial-marca-o-aniversario-e-o-inicio-do-semestre-2022-2-do-campus-v","status":"publish","type":"post","link":"https:\/\/centros.uepb.edu.br\/ccbsa\/programacao-especial-marca-o-aniversario-e-o-inicio-do-semestre-2022-2-do-campus-v\/","title":{"rendered":"Programa\u00e7\u00e3o especial marca o anivers\u00e1rio e o in\u00edcio do semestre 2022.2 do C\u00e2mpus V"},"content":{"rendered":"\n\t\t<style type=\"text\/css\">\n\t\t\t#gallery-1 {\n\t\t\t\tmargin: auto;\n\t\t\t}\n\t\t\t#gallery-1 .gallery-item {\n\t\t\t\tfloat: left;\n\t\t\t\tmargin-top: 10px;\n\t\t\t\ttext-align: center;\n\t\t\t\twidth: 33%;\n\t\t\t}\n\t\t\t#gallery-1 img {\n\t\t\t\tborder: 2px solid #cfcfcf;\n\t\t\t}\n\t\t\t#gallery-1 .gallery-caption {\n\t\t\t\tmargin-left: 0;\n\t\t\t}\n\t\t\t\/* see gallery_shortcode() in wp-includes\/media.php *\/\n\t\t<\/style>\n\t\t<div id='gallery-1' class='gallery galleryid-9225 gallery-columns-3 gallery-size-full'><dl class='gallery-item'>\n\t\t\t<dt class='gallery-icon landscape'>\n\t\t\t\t<a href='https:\/\/centros.uepb.edu.br\/ccbsa\/files\/2022\/08\/INICIO-DE-SEMESTRE-2022.2-MESA2.jpg'><img loading=\"lazy\" decoding=\"async\" width=\"1200\" height=\"661\" src=\"https:\/\/centros.uepb.edu.br\/ccbsa\/files\/2022\/08\/INICIO-DE-SEMESTRE-2022.2-MESA2.jpg\" class=\"attachment-full size-full\" alt=\"\" srcset=\"https:\/\/centros.uepb.edu.br\/ccbsa\/files\/2022\/08\/INICIO-DE-SEMESTRE-2022.2-MESA2.jpg 1200w, https:\/\/centros.uepb.edu.br\/ccbsa\/files\/2022\/08\/INICIO-DE-SEMESTRE-2022.2-MESA2-300x165.jpg 300w, https:\/\/centros.uepb.edu.br\/ccbsa\/files\/2022\/08\/INICIO-DE-SEMESTRE-2022.2-MESA2-1120x617.jpg 1120w\" sizes=\"auto, (max-width: 1200px) 100vw, 1200px\" \/><\/a>\n\t\t\t<\/dt><\/dl><dl class='gallery-item'>\n\t\t\t<dt class='gallery-icon landscape'>\n\t\t\t\t<a href='https:\/\/centros.uepb.edu.br\/ccbsa\/files\/2022\/08\/IMG_5853.jpg'><img loading=\"lazy\" decoding=\"async\" width=\"1200\" height=\"720\" src=\"https:\/\/centros.uepb.edu.br\/ccbsa\/files\/2022\/08\/IMG_5853.jpg\" class=\"attachment-full size-full\" alt=\"\" srcset=\"https:\/\/centros.uepb.edu.br\/ccbsa\/files\/2022\/08\/IMG_5853.jpg 1200w, https:\/\/centros.uepb.edu.br\/ccbsa\/files\/2022\/08\/IMG_5853-300x180.jpg 300w, https:\/\/centros.uepb.edu.br\/ccbsa\/files\/2022\/08\/IMG_5853-1120x672.jpg 1120w\" sizes=\"auto, (max-width: 1200px) 100vw, 1200px\" \/><\/a>\n\t\t\t<\/dt><\/dl><dl class='gallery-item'>\n\t\t\t<dt class='gallery-icon landscape'>\n\t\t\t\t<a href='https:\/\/centros.uepb.edu.br\/ccbsa\/files\/2022\/08\/IMG_5863.jpg'><img loading=\"lazy\" decoding=\"async\" width=\"1200\" height=\"777\" src=\"https:\/\/centros.uepb.edu.br\/ccbsa\/files\/2022\/08\/IMG_5863.jpg\" class=\"attachment-full size-full\" alt=\"\" srcset=\"https:\/\/centros.uepb.edu.br\/ccbsa\/files\/2022\/08\/IMG_5863.jpg 1200w, https:\/\/centros.uepb.edu.br\/ccbsa\/files\/2022\/08\/IMG_5863-300x194.jpg 300w, https:\/\/centros.uepb.edu.br\/ccbsa\/files\/2022\/08\/IMG_5863-1120x725.jpg 1120w\" sizes=\"auto, (max-width: 1200px) 100vw, 1200px\" \/><\/a>\n\t\t\t<\/dt><\/dl><br style=\"clear: both\" \/><dl class='gallery-item'>\n\t\t\t<dt class='gallery-icon landscape'>\n\t\t\t\t<a href='https:\/\/centros.uepb.edu.br\/ccbsa\/files\/2022\/08\/Thayna.jpg'><img loading=\"lazy\" decoding=\"async\" width=\"1200\" height=\"822\" src=\"https:\/\/centros.uepb.edu.br\/ccbsa\/files\/2022\/08\/Thayna.jpg\" class=\"attachment-full size-full\" alt=\"\" srcset=\"https:\/\/centros.uepb.edu.br\/ccbsa\/files\/2022\/08\/Thayna.jpg 1200w, https:\/\/centros.uepb.edu.br\/ccbsa\/files\/2022\/08\/Thayna-300x206.jpg 300w, https:\/\/centros.uepb.edu.br\/ccbsa\/files\/2022\/08\/Thayna-1120x767.jpg 1120w\" sizes=\"auto, (max-width: 1200px) 100vw, 1200px\" \/><\/a>\n\t\t\t<\/dt><\/dl><dl class='gallery-item'>\n\t\t\t<dt class='gallery-icon landscape'>\n\t\t\t\t<a href='https:\/\/centros.uepb.edu.br\/ccbsa\/files\/2022\/08\/INICIO-DE-SEMESTRE-2022.2-MESA.jpg'><img loading=\"lazy\" decoding=\"async\" width=\"1200\" height=\"680\" src=\"https:\/\/centros.uepb.edu.br\/ccbsa\/files\/2022\/08\/INICIO-DE-SEMESTRE-2022.2-MESA.jpg\" class=\"attachment-full size-full\" alt=\"\" srcset=\"https:\/\/centros.uepb.edu.br\/ccbsa\/files\/2022\/08\/INICIO-DE-SEMESTRE-2022.2-MESA.jpg 1200w, https:\/\/centros.uepb.edu.br\/ccbsa\/files\/2022\/08\/INICIO-DE-SEMESTRE-2022.2-MESA-300x170.jpg 300w, https:\/\/centros.uepb.edu.br\/ccbsa\/files\/2022\/08\/INICIO-DE-SEMESTRE-2022.2-MESA-1120x635.jpg 1120w\" sizes=\"auto, (max-width: 1200px) 100vw, 1200px\" \/><\/a>\n\t\t\t<\/dt><\/dl><dl class='gallery-item'>\n\t\t\t<dt class='gallery-icon landscape'>\n\t\t\t\t<a href='https:\/\/centros.uepb.edu.br\/ccbsa\/files\/2022\/08\/INICIO-DE-SEMESTRE-2022.2-PRPGP.jpg'><img loading=\"lazy\" decoding=\"async\" width=\"1200\" height=\"800\" src=\"https:\/\/centros.uepb.edu.br\/ccbsa\/files\/2022\/08\/INICIO-DE-SEMESTRE-2022.2-PRPGP.jpg\" class=\"attachment-full size-full\" alt=\"\" srcset=\"https:\/\/centros.uepb.edu.br\/ccbsa\/files\/2022\/08\/INICIO-DE-SEMESTRE-2022.2-PRPGP.jpg 1200w, https:\/\/centros.uepb.edu.br\/ccbsa\/files\/2022\/08\/INICIO-DE-SEMESTRE-2022.2-PRPGP-300x200.jpg 300w, https:\/\/centros.uepb.edu.br\/ccbsa\/files\/2022\/08\/INICIO-DE-SEMESTRE-2022.2-PRPGP-1120x747.jpg 1120w\" sizes=\"auto, (max-width: 1200px) 100vw, 1200px\" \/><\/a>\n\t\t\t<\/dt><\/dl><br style=\"clear: both\" \/><dl class='gallery-item'>\n\t\t\t<dt class='gallery-icon landscape'>\n\t\t\t\t<a href='https:\/\/centros.uepb.edu.br\/ccbsa\/files\/2022\/08\/INICIO-SEMESTRE-2022.2-PROEX.jpg'><img loading=\"lazy\" decoding=\"async\" width=\"1200\" height=\"800\" src=\"https:\/\/centros.uepb.edu.br\/ccbsa\/files\/2022\/08\/INICIO-SEMESTRE-2022.2-PROEX.jpg\" class=\"attachment-full size-full\" alt=\"\" srcset=\"https:\/\/centros.uepb.edu.br\/ccbsa\/files\/2022\/08\/INICIO-SEMESTRE-2022.2-PROEX.jpg 1200w, https:\/\/centros.uepb.edu.br\/ccbsa\/files\/2022\/08\/INICIO-SEMESTRE-2022.2-PROEX-300x200.jpg 300w, https:\/\/centros.uepb.edu.br\/ccbsa\/files\/2022\/08\/INICIO-SEMESTRE-2022.2-PROEX-1120x747.jpg 1120w\" sizes=\"auto, (max-width: 1200px) 100vw, 1200px\" \/><\/a>\n\t\t\t<\/dt><\/dl><dl class='gallery-item'>\n\t\t\t<dt class='gallery-icon landscape'>\n\t\t\t\t<a href='https:\/\/centros.uepb.edu.br\/ccbsa\/files\/2022\/08\/IMG_5968.jpg'><img loading=\"lazy\" decoding=\"async\" width=\"1200\" height=\"800\" src=\"https:\/\/centros.uepb.edu.br\/ccbsa\/files\/2022\/08\/IMG_5968.jpg\" class=\"attachment-full size-full\" alt=\"\" srcset=\"https:\/\/centros.uepb.edu.br\/ccbsa\/files\/2022\/08\/IMG_5968.jpg 1200w, https:\/\/centros.uepb.edu.br\/ccbsa\/files\/2022\/08\/IMG_5968-300x200.jpg 300w, https:\/\/centros.uepb.edu.br\/ccbsa\/files\/2022\/08\/IMG_5968-1120x747.jpg 1120w\" sizes=\"auto, (max-width: 1200px) 100vw, 1200px\" \/><\/a>\n\t\t\t<\/dt><\/dl><dl class='gallery-item'>\n\t\t\t<dt class='gallery-icon landscape'>\n\t\t\t\t<a href='https:\/\/centros.uepb.edu.br\/ccbsa\/files\/2022\/08\/IMG_5971.jpg'><img loading=\"lazy\" decoding=\"async\" width=\"1200\" height=\"800\" src=\"https:\/\/centros.uepb.edu.br\/ccbsa\/files\/2022\/08\/IMG_5971.jpg\" class=\"attachment-full size-full\" alt=\"\" srcset=\"https:\/\/centros.uepb.edu.br\/ccbsa\/files\/2022\/08\/IMG_5971.jpg 1200w, https:\/\/centros.uepb.edu.br\/ccbsa\/files\/2022\/08\/IMG_5971-300x200.jpg 300w, https:\/\/centros.uepb.edu.br\/ccbsa\/files\/2022\/08\/IMG_5971-1120x747.jpg 1120w\" sizes=\"auto, (max-width: 1200px) 100vw, 1200px\" \/><\/a>\n\t\t\t<\/dt><\/dl><br style=\"clear: both\" \/><dl class='gallery-item'>\n\t\t\t<dt class='gallery-icon landscape'>\n\t\t\t\t<a href='https:\/\/centros.uepb.edu.br\/ccbsa\/files\/2022\/08\/INICIO-DE-SEMESTRE-2022.2-PROEST-2.jpg'><img loading=\"lazy\" decoding=\"async\" width=\"1200\" height=\"719\" src=\"https:\/\/centros.uepb.edu.br\/ccbsa\/files\/2022\/08\/INICIO-DE-SEMESTRE-2022.2-PROEST-2.jpg\" class=\"attachment-full size-full\" alt=\"\" srcset=\"https:\/\/centros.uepb.edu.br\/ccbsa\/files\/2022\/08\/INICIO-DE-SEMESTRE-2022.2-PROEST-2.jpg 1200w, https:\/\/centros.uepb.edu.br\/ccbsa\/files\/2022\/08\/INICIO-DE-SEMESTRE-2022.2-PROEST-2-300x180.jpg 300w, https:\/\/centros.uepb.edu.br\/ccbsa\/files\/2022\/08\/INICIO-DE-SEMESTRE-2022.2-PROEST-2-1120x671.jpg 1120w\" sizes=\"auto, (max-width: 1200px) 100vw, 1200px\" \/><\/a>\n\t\t\t<\/dt><\/dl><dl class='gallery-item'>\n\t\t\t<dt class='gallery-icon landscape'>\n\t\t\t\t<a href='https:\/\/centros.uepb.edu.br\/ccbsa\/files\/2022\/08\/VISITA-GUIADA.jpg'><img loading=\"lazy\" decoding=\"async\" width=\"1200\" height=\"673\" src=\"https:\/\/centros.uepb.edu.br\/ccbsa\/files\/2022\/08\/VISITA-GUIADA.jpg\" class=\"attachment-full size-full\" alt=\"\" srcset=\"https:\/\/centros.uepb.edu.br\/ccbsa\/files\/2022\/08\/VISITA-GUIADA.jpg 1200w, https:\/\/centros.uepb.edu.br\/ccbsa\/files\/2022\/08\/VISITA-GUIADA-300x168.jpg 300w, https:\/\/centros.uepb.edu.br\/ccbsa\/files\/2022\/08\/VISITA-GUIADA-1120x628.jpg 1120w\" sizes=\"auto, (max-width: 1200px) 100vw, 1200px\" \/><\/a>\n\t\t\t<\/dt><\/dl>\n\t\t\t<br style='clear: both' \/>\n\t\t<\/div>\n\n<p>Com uma roda de di\u00e1logo realizada com estudantes que participam de projetos de monitoria, pesquisa e extens\u00e3o, seguida de mesa solene com a participa\u00e7\u00e3o da dire\u00e7\u00e3o do Centro de Centro de Ci\u00eancias Biol\u00f3gicas e Sociais Aplicadas (CCBSA), coordena\u00e7\u00f5es de cursos, Pr\u00f3-reitoria de P\u00f3s-gradua\u00e7\u00e3o e Pesquisa, Pr\u00f3-reitoria de Extens\u00e3o e Pr\u00f3-reitoria Estudantil, teve in\u00edcio nesta segunda-feira (29) a programa\u00e7\u00e3o alusiva aos 16 anos do da Universidade Estadual da Para\u00edba (UEPB) e que marca o in\u00edcio do semestre 2022.2.<\/p>\n<p>A roda de di\u00e1logo com discentes premiados na mostra cient\u00edfica de 2021, contou com a participa\u00e7\u00e3o da estudante de Arquivologia premiada na categoria monitoria com experi\u00eancia na disciplina \u201cPr\u00e1tica de Leitura e Produ\u00e7\u00e3o de Texto\u201d, L\u00eddia Gomes; da discente de Rela\u00e7\u00f5es Internacionais que foi destaque na Mostra com a pesquisa \u201cOs muros do mundo contempor\u00e2neo\u201d e que apresentou um relato da experi\u00eancia no Programa de Bolsas Santander, que possibilitou o interc\u00e2mbio na Universidade de Salamanca, e do estudante de Arquivologia que , premiado na categoria extens\u00e3o com o trabalho \u201cComunica UEPB\u201d, Douglas Nascimento.<\/p>\n<p>Integraram a mesa solene de abertura da semana de atividades o diretor do CCBSA, professor Cleber Salimon; a pro-reitora de extens\u00e3o, professor Dauci Pinheiro Rodrigues; o pro-reitor de P\u00f3s-gradua\u00e7\u00e3o e Pesquisa, professor Francisco Jaime; a assistente social e a psic\u00f3loga da Pro-reitoria Estudantil, respectivamente, Thayza Greg\u00f3rio e Kyara Dias; a coordenadora do curso de gradua\u00e7\u00e3o em Arquivologia, professora Eliete Correia dos Santos; a coordenadora da gradua\u00e7\u00e3o em Ci\u00eancias Biol\u00f3gicas, professora Brigida Lucena e o coordenador do bacharelado em Rela\u00e7\u00f5es Internacionais, professor Filipe Reis.<\/p>\n<p>Tamb\u00e9m na manh\u00e3 desta segunda-feira (29) o N\u00facleo de L\u00ednguas realizou os minicursos de l\u00edngua inglesa \u201cLearning English through songs\u201d, \u201cLa langue fran\u00e7aise et les arts\u201d e \u201cLa m\u00fasica como una herramienta pedag\u00f3gica para la ense\u00f1anza del espa\u00f1ol lengua extranjera (ELE)\u201d. A manh\u00e3 de atividades foi encerrada com uma visita guiada organizada pela equipe do Programa \u201cDa a\u00e7\u00e3o cidad\u00e3 \u00e0s redes sociais cient\u00edficas: os la\u00e7os e possibilidades da ci\u00eancia aberta na UEPB\u201d e destinada aos calouros do per\u00edodo 2022.2.<\/p>\n<p>Al\u00e9m de visitar os setores administrativos e biblioteca do CCBSA, os discentes puderam conhecer os projetos \u201cNas trilhas da difus\u00e3o cient\u00edfica: a visibilidade dos projetos do c\u00e2mpus V da Universidade Estadual da Para\u00edba\u201d, \u201cComunica UEPB: o despertar da consci\u00eancia cr\u00edtica e o combate \u00e0 desinforma\u00e7\u00e3o como a\u00e7\u00f5es de comunica\u00e7\u00e3o extra-muros\u201d e \u201cRede de prote\u00e7\u00e3o e adapta\u00e7\u00e3o de materiais informacionais na biblioteca do c\u00e2mpus V por meio do Sistema Integrado de Bibliotecas (SIB)\u201d.<\/p>\n<p>No turno da noite foi realizada a mesa com as coordena\u00e7\u00f5es de curso, dire\u00e7\u00e3o de centro e pro-reitorias que apresentaram aos calouros os servi\u00e7os ofertados por cada pro-reitoria e as possibilidades de desenvolvimento acad\u00eamico dos discentes.<\/p>\n<p>A aula magna do per\u00edodo letivo 2022.2 ser\u00e1 realizada no audit\u00f3rio Pioneiros, nesta quarta-feira, 31 de agosto, \u00e0s 19h, com o tema \u201cInforma\u00e7\u00e3o e respeito \u00e0 diversidade\u201d, ministrada pela professora do Centro de Estudos de Sociologia do Instituto Universit\u00e1rio de Lisboa, professora Sarita Mota, que apresentar\u00e1 a tem\u00e1tica \u201carquivos coloniais e percep\u00e7\u00e3o do racismo institucional, e pela superintendente da Escola do Servi\u00e7o P\u00fablico do Estado da Para\u00edba (ESPEP), professora Ivanilda Matias Gentle. Esta atividade ser\u00e1 mediada pelo professor Rams\u00e9s Nunes e Silva.<\/p>\n<p>Al\u00e9m da programa\u00e7\u00e3o destinada a toda a comunidade acad\u00eamica do c\u00e2mpus V, o evento ter\u00e1 atividades paralelas programadas ao p\u00fablico espec\u00edfico de cada curso. O Curso de Ci\u00eancias Biol\u00f3gicas, promove, no dia 2 de setembro, das 14 \u00e0s 17h, no audit\u00f3rio Pioneiros, um ciclo de palestras alusivo ao Dia do bi\u00f3logo, celebrado na data em que foi regulamentada a profiss\u00e3o, 2 de setembro de 1979.<\/p>\n<p>Na oportunidade ser\u00e1 proferida a palestra \u201cA biologia na Per\u00edcia Criminal\u201d, tem\u00e1tica que ser\u00e1 ministrada pelo professor Rodrigo Cesar Farias e \u201d Ecologia e Economia: as a\u00e7\u00f5es do Estado nas \u00e1reas naturais do Brasil\u201d, que ter\u00e1 como ministrante o professor Lauro Henrique de Paiva Jr.<\/p>\n<p>J\u00e1 o Centro Acad\u00eamico de Rela\u00e7\u00f5es Internacionais realizar\u00e1, na ter\u00e7a-feira, dia 30 de agosto, \u00e0s 18h30, no audit\u00f3rio Pioneiros, um trote solid\u00e1rio, no qual os estudantes buscam arrecadar alimentos n\u00e3o perec\u00edveis para serem doados posteriormente. Na sequ\u00eancia ser\u00e3o apresentados os projetos de pesquisa e extens\u00e3o do curso de Rela\u00e7\u00f5es Internacionais e a Eleven, empresa J\u00fanior. Essa programa\u00e7\u00e3o se repete para os calouros da manh\u00e3 na quarta-feira, 31 de agosto, a partir das 8h.<\/p>\n<p>Na manh\u00e3 da quinta-feira, 1\u00ba de setembro, no turno da manh\u00e3, nos corredores do CCBSA, ser\u00e1 realizada uma feira cultural que deve contar com a exposi\u00e7\u00e3o de fotografias, desenhos, poesias, cord\u00e9is e similares; um sarau de canto, dan\u00e7a, declama\u00e7\u00e3o; e venda de comida, artesanato, arte e similares. A partir das 9h, no audit\u00f3rio Pioneiros ser\u00e1 realizada a mesa &#8220;Os limites da liberdade de express\u00e3o: fake news como amea\u00e7a \u00e0 democracia\u201d.<\/p>\n<p>A manh\u00e3 de atividades deve encerrar com uma partida de queimada. No turno da noite, \u00e0s 19h, no audit\u00f3rio Pioneiros, ser\u00e1 realizada a mesa \u201cEstados e nacionalismos na Am\u00e9rica Latina\u201d. A programa\u00e7\u00e3o da noite tamb\u00e9m deve ser encerrada com uma partida de queimada.<\/p>\n<p>A programa\u00e7\u00e3o para os estudantes de Rela\u00e7\u00f5es Internacionais encerra na sexta-feira, 2 de setembro, com a mesa \u201cAfinal, vai ter golpe? Perspectivas para a Democracia nas Elei\u00e7\u00f5es de 2022\u201d, que ocorrer\u00e1 \u00e0s 9h, no audit\u00f3rio Pioneiros.<\/p>\n<p>Texto: Juliana Marques<br \/>\nFotos: Juliana Marques e Gabrielle Torres.<\/p>\n","protected":false},"excerpt":{"rendered":"<p>Com uma roda de di\u00e1logo realizada com estudantes que participam de projetos de monitoria, pesquisa e extens\u00e3o, seguida de mesa solene com a participa\u00e7\u00e3o da dire\u00e7\u00e3o do Centro de Centro de Ci\u00eancias Biol\u00f3gicas e Sociais Aplicadas (CCBSA), coordena\u00e7\u00f5es de cursos, Pr\u00f3-reitoria de P\u00f3s-gradua\u00e7\u00e3o e Pesquisa, Pr\u00f3-reitoria de Extens\u00e3o e Pr\u00f3-reitoria Estudantil, teve in\u00edcio nesta segunda-feira <a class=\"leiamais\" href=\"https:\/\/centros.uepb.edu.br\/ccbsa\/programacao-especial-marca-o-aniversario-e-o-inicio-do-semestre-2022-2-do-campus-v\/\">Leia Mais&#8230;<\/a><\/p>\n","protected":false},"author":8,"featured_media":9226,"comment_status":"closed","ping_status":"closed","sticky":false,"template":"","format":"standard","meta":{"footnotes":""},"categories":[3,11],"tags":[],"class_list":["post-9225","post","type-post","status-publish","format-standard","has-post-thumbnail","hentry","category-noticias","category-noticias-destaque-img"],"jetpack_featured_media_url":"https:\/\/centros.uepb.edu.br\/ccbsa\/files\/2022\/08\/INICIO-DE-SEMESTRE-2022.2-MESA.jpg","_links":{"self":[{"href":"https:\/\/centros.uepb.edu.br\/ccbsa\/wp-json\/wp\/v2\/posts\/9225","targetHints":{"allow":["GET"]}}],"collection":[{"href":"https:\/\/centros.uepb.edu.br\/ccbsa\/wp-json\/wp\/v2\/posts"}],"about":[{"href":"https:\/\/centros.uepb.edu.br\/ccbsa\/wp-json\/wp\/v2\/types\/post"}],"author":[{"embeddable":true,"href":"https:\/\/centros.uepb.edu.br\/ccbsa\/wp-json\/wp\/v2\/users\/8"}],"replies":[{"embeddable":true,"href":"https:\/\/centros.uepb.edu.br\/ccbsa\/wp-json\/wp\/v2\/comments?post=9225"}],"version-history":[{"count":0,"href":"https:\/\/centros.uepb.edu.br\/ccbsa\/wp-json\/wp\/v2\/posts\/9225\/revisions"}],"wp:featuredmedia":[{"embeddable":true,"href":"https:\/\/centros.uepb.edu.br\/ccbsa\/wp-json\/wp\/v2\/media\/9226"}],"wp:attachment":[{"href":"https:\/\/centros.uepb.edu.br\/ccbsa\/wp-json\/wp\/v2\/media?parent=9225"}],"wp:term":[{"taxonomy":"category","embeddable":true,"href":"https:\/\/centros.uepb.edu.br\/ccbsa\/wp-json\/wp\/v2\/categories?post=9225"},{"taxonomy":"post_tag","embeddable":true,"href":"https:\/\/centros.uepb.edu.br\/ccbsa\/wp-json\/wp\/v2\/tags?post=9225"}],"curies":[{"name":"wp","href":"https:\/\/api.w.org\/{rel}","templated":true}]}}