{"id":9220,"date":"2022-08-26T17:06:45","date_gmt":"2022-08-26T17:06:45","guid":{"rendered":"https:\/\/centros.uepb.edu.br\/ccbsa\/?p=9220"},"modified":"2022-08-26T17:06:45","modified_gmt":"2022-08-26T17:06:45","slug":"comite-de-contingencia-e-crise-da-universidade-estadual-promove-acoes-de-prevencao-e-mitigacao-da-covid-19","status":"publish","type":"post","link":"https:\/\/centros.uepb.edu.br\/ccbsa\/comite-de-contingencia-e-crise-da-universidade-estadual-promove-acoes-de-prevencao-e-mitigacao-da-covid-19\/","title":{"rendered":"Comit\u00ea de Conting\u00eancia e Crise da Universidade Estadual promove a\u00e7\u00f5es de preven\u00e7\u00e3o e mitiga\u00e7\u00e3o da covid-19"},"content":{"rendered":"<p><a href=\"https:\/\/centros.uepb.edu.br\/ccbsa\/files\/2022\/08\/Arte-25082022-1.png\"><img loading=\"lazy\" decoding=\"async\" class=\"aligncenter size-full wp-image-9222 img-responsive\" src=\"https:\/\/centros.uepb.edu.br\/ccbsa\/files\/2022\/08\/Arte-25082022-1.png\" alt=\"\" width=\"1200\" height=\"680\" srcset=\"https:\/\/centros.uepb.edu.br\/ccbsa\/files\/2022\/08\/Arte-25082022-1.png 1200w, https:\/\/centros.uepb.edu.br\/ccbsa\/files\/2022\/08\/Arte-25082022-1-300x170.png 300w, https:\/\/centros.uepb.edu.br\/ccbsa\/files\/2022\/08\/Arte-25082022-1-1120x635.png 1120w\" sizes=\"auto, (max-width: 1200px) 100vw, 1200px\" \/><\/a><\/p>\n<p>O Comit\u00ea de Conting\u00eancia e Crise de covid-19 da Universidade Estadual da Para\u00edba (UEPB) inicia, nesta segunda-feira (29), uma s\u00e9rie de a\u00e7\u00f5es como parte da programa\u00e7\u00e3o na Institui\u00e7\u00e3o no que se refere \u00e0 preven\u00e7\u00e3o e mitiga\u00e7\u00e3o do novo Coronav\u00edrus. A primeira atividade marca o in\u00edcio do semestre letivo 2022.2 para professores, estudantes e t\u00e9cnicos administrativos, a fim de promover um retorno seguro para toda a comunidade universit\u00e1ria.<\/p>\n<p>Em parceria com o setor de Sa\u00fade do Trabalhador e de Servi\u00e7o Social da Pr\u00f3-Reitoria de Gest\u00e3o de Pessoas (PROGEP), al\u00e9m das secretarias de Sa\u00fade dos munic\u00edpios em que a UEPB possui c\u00e2mpus universit\u00e1rio, ser\u00e1 organizado um mutir\u00e3o de vacina\u00e7\u00e3o para servidores e estudantes durante toda a manh\u00e3. No C\u00e2mpus V, a vacina\u00e7\u00e3o ser\u00e1 realizada pr\u00f3ximo ao audit\u00f3rio Pioneiros.<\/p>\n<p>O Comit\u00ea de Conting\u00eancia e Crise refor\u00e7a a import\u00e2ncia de que todos os membros da comunidade universit\u00e1ria estejam com esquema vacinal completo para que seja poss\u00edvel manter um ambiente seguro para toda comunidade da UEPB.<\/p>\n<p>As a\u00e7\u00f5es continuam na ter\u00e7a-feira (30), a partir das 19h, no Museu de Arte Popular da Para\u00edba (MAAP), quando ocorrer\u00e1 o lan\u00e7amento do e-book \u201cProcedimentos necess\u00e1rios para um retorno seguro das atividades acad\u00eamicas e administrativas presenciais na UEPB\u201d. A obra \u00e9 fruto do trabalho do Comit\u00ea, em conjunto com outros setores da Institui\u00e7\u00e3o, a fim de proporcionar orienta\u00e7\u00f5es para a\u00e7\u00f5es de precau\u00e7\u00e3o, preven\u00e7\u00e3o de perigos, redu\u00e7\u00e3o de riscos ou elimina\u00e7\u00e3o do perigo ao cont\u00e1gio da covid-19.<\/p>\n<p><strong>Pesquisa e testagem covid-19<\/strong><br \/>\nComo parte das a\u00e7\u00f5es do Programa Continuar Cuidando Educa\u00e7\u00e3o, promovido pelo Governo da Para\u00edba, ser\u00e1 realizado durante os dias 31 de agosto e 1\u00ba e 2 de setembro, nos c\u00e2mpus I, II, III, V, VI, VII e VIII da UEPB, a pesquisa e testagem para avaliar cen\u00e1rio da covid-19 na Institui\u00e7\u00e3o. Esta amostragem funcionar\u00e1 como um inqu\u00e9rito sorol\u00f3gico a partir de uma a\u00e7\u00e3o da Secretaria de Estado da Educa\u00e7\u00e3o e da Ci\u00eancia e Tecnologia, Secretaria de Estado da Sa\u00fade (SES), Funda\u00e7\u00e3o de Apoio \u00e0 Pesquisa do Estado da Para\u00edba (Fapesq) e Escola de Sa\u00fade P\u00fablica da Para\u00edba (ESP-PB), em parceria com o Observat\u00f3rio de S\u00edndromes Respirat\u00f3rias da Universidade Federal da Para\u00edba.<\/p>\n<p>O objetivo do inqu\u00e9rito \u00e9 avaliar como est\u00e1 a situa\u00e7\u00e3o da pandemia da covid-19 no ambiente educacional de todas as regi\u00f5es de educa\u00e7\u00e3o da Para\u00edba. Nesta fase, a Universidade Estadual ser\u00e1 avaliada, de modo que os seus resultados possam servir de base para tomada de decis\u00f5es futuras por partes dos gestores.<\/p>\n<p>Participar\u00e3o da pesquisa docentes e discentes que foram sorteados previamente. Estes, tamb\u00e9m responder\u00e3o perguntas de interesse para o inqu\u00e9rito. No C\u00e2mpus I, o inqu\u00e9rito sorol\u00f3gico ser\u00e1 realizado na Central de Integra\u00e7\u00e3o Acad\u00eamica Paulo Freire e no hall do Departamento de Psicologia, das 8h \u00e0s 11h30 e das 14h \u00e0s 16h30. As listagens dos discentes e docentes sorteados dos c\u00e2mpus indicados podem ser acessadas neste\u00a0<a href=\"https:\/\/uepb.edu.br\/listas-dos-discentes-e-docentes-sorteados-para-realizacao-de-um-inquerito-sorologico\/\" target=\"_blank\" rel=\"noopener\"><strong>link<\/strong><\/a>.<\/p>\n<p><em><strong>Texto:<\/strong> Givaldo Cavalcanti<\/em><\/p>\n","protected":false},"excerpt":{"rendered":"<p>O Comit\u00ea de Conting\u00eancia e Crise de covid-19 da Universidade Estadual da Para\u00edba (UEPB) inicia, nesta segunda-feira (29), uma s\u00e9rie de a\u00e7\u00f5es como parte da programa\u00e7\u00e3o na Institui\u00e7\u00e3o no que se refere \u00e0 preven\u00e7\u00e3o e mitiga\u00e7\u00e3o do novo Coronav\u00edrus. A primeira atividade marca o in\u00edcio do semestre letivo 2022.2 para professores, estudantes e t\u00e9cnicos administrativos, <a class=\"leiamais\" href=\"https:\/\/centros.uepb.edu.br\/ccbsa\/comite-de-contingencia-e-crise-da-universidade-estadual-promove-acoes-de-prevencao-e-mitigacao-da-covid-19\/\">Leia Mais&#8230;<\/a><\/p>\n","protected":false},"author":8,"featured_media":9221,"comment_status":"closed","ping_status":"closed","sticky":false,"template":"","format":"standard","meta":{"footnotes":""},"categories":[3,11],"tags":[],"class_list":["post-9220","post","type-post","status-publish","format-standard","has-post-thumbnail","hentry","category-noticias","category-noticias-destaque-img"],"jetpack_featured_media_url":"https:\/\/centros.uepb.edu.br\/ccbsa\/files\/2022\/08\/Arte-25082022.png","_links":{"self":[{"href":"https:\/\/centros.uepb.edu.br\/ccbsa\/wp-json\/wp\/v2\/posts\/9220","targetHints":{"allow":["GET"]}}],"collection":[{"href":"https:\/\/centros.uepb.edu.br\/ccbsa\/wp-json\/wp\/v2\/posts"}],"about":[{"href":"https:\/\/centros.uepb.edu.br\/ccbsa\/wp-json\/wp\/v2\/types\/post"}],"author":[{"embeddable":true,"href":"https:\/\/centros.uepb.edu.br\/ccbsa\/wp-json\/wp\/v2\/users\/8"}],"replies":[{"embeddable":true,"href":"https:\/\/centros.uepb.edu.br\/ccbsa\/wp-json\/wp\/v2\/comments?post=9220"}],"version-history":[{"count":0,"href":"https:\/\/centros.uepb.edu.br\/ccbsa\/wp-json\/wp\/v2\/posts\/9220\/revisions"}],"wp:featuredmedia":[{"embeddable":true,"href":"https:\/\/centros.uepb.edu.br\/ccbsa\/wp-json\/wp\/v2\/media\/9221"}],"wp:attachment":[{"href":"https:\/\/centros.uepb.edu.br\/ccbsa\/wp-json\/wp\/v2\/media?parent=9220"}],"wp:term":[{"taxonomy":"category","embeddable":true,"href":"https:\/\/centros.uepb.edu.br\/ccbsa\/wp-json\/wp\/v2\/categories?post=9220"},{"taxonomy":"post_tag","embeddable":true,"href":"https:\/\/centros.uepb.edu.br\/ccbsa\/wp-json\/wp\/v2\/tags?post=9220"}],"curies":[{"name":"wp","href":"https:\/\/api.w.org\/{rel}","templated":true}]}}