{"id":9209,"date":"2022-08-24T18:31:42","date_gmt":"2022-08-24T18:31:42","guid":{"rendered":"https:\/\/centros.uepb.edu.br\/ccbsa\/?p=9209"},"modified":"2022-08-25T13:45:36","modified_gmt":"2022-08-25T13:45:36","slug":"campus-v-divulga-programacao-de-inicio-do-semestre-2022-2-e-aniversario-de-16-anos-de-fundacao","status":"publish","type":"post","link":"https:\/\/centros.uepb.edu.br\/ccbsa\/campus-v-divulga-programacao-de-inicio-do-semestre-2022-2-e-aniversario-de-16-anos-de-fundacao\/","title":{"rendered":"C\u00e2mpus V divulga programa\u00e7\u00e3o de in\u00edcio do semestre 2022.2 e anivers\u00e1rio de 16 anos de funda\u00e7\u00e3o"},"content":{"rendered":"<p><a href=\"https:\/\/centros.uepb.edu.br\/ccbsa\/files\/2022\/08\/IMG_4868-13-1.jpg\"><img loading=\"lazy\" decoding=\"async\" class=\"aligncenter size-full wp-image-9211 img-responsive\" src=\"https:\/\/centros.uepb.edu.br\/ccbsa\/files\/2022\/08\/IMG_4868-13-1.jpg\" alt=\"\" width=\"1200\" height=\"680\" srcset=\"https:\/\/centros.uepb.edu.br\/ccbsa\/files\/2022\/08\/IMG_4868-13-1.jpg 1200w, https:\/\/centros.uepb.edu.br\/ccbsa\/files\/2022\/08\/IMG_4868-13-1-300x170.jpg 300w, https:\/\/centros.uepb.edu.br\/ccbsa\/files\/2022\/08\/IMG_4868-13-1-1120x635.jpg 1120w\" sizes=\"auto, (max-width: 1200px) 100vw, 1200px\" \/><\/a><\/p>\n<p>Mesas de di\u00e1logo, aula magna, palestras, plantio de mudas, s\u00e3o algumas das atividades previstas para ocorrer a partir da segunda-feira, dia 29 de agosto, para marcar o in\u00edcio do semestre letivo 2022.2 e celebrar os 16 anos de cria\u00e7\u00e3o do Centro de Ci\u00eancias Biol\u00f3gicas e Sociais Aplicadas (CCBSA) da Universidade Estadual da Para\u00edba (UEPB).<\/p>\n<p>O evento tem in\u00edcio nesta segunda-feira, 29 de agosto, \u00e0s 8h, no audit\u00f3rio Pioneiros, com a mesa de trabalhos que obtiveram o primeiro lugar na mostra cient\u00edfica de 2021, realizada por meio de v\u00eddeos no canal do YouTube do CCBSA. Os estudantes com trabalhos de monitoria, pesquisa e extens\u00e3o, ir\u00e3o compartilhar as experi\u00eancias com os calouros.<\/p>\n<p>Ap\u00f3s essa atividade, \u00e0s 9h e \u00e0s 19h, tamb\u00e9m no audit\u00f3rio do c\u00e2mpus V, ser\u00e1 realizada a mesa de abertura de semestre com a participa\u00e7\u00e3o de coordenadores de cursos, dire\u00e7\u00e3o de centro, N\u00facleo de L\u00ednguas, Pro-reitoria Estudantil e Pr\u00f3-reitoria P\u00f3s-gradua\u00e7\u00e3o e Pesquisa. Na sequ\u00eancia, \u00e0s 11h, ser\u00e1 realizada a visita guiada destinada aos feras do per\u00edodo letivo 2022., que ser\u00e1 organizada pela equipe do Programa \u201cDa a\u00e7\u00e3o cidad\u00e3 \u00e0s redes sociais cient\u00edficas: os la\u00e7os e possibilidades da ci\u00eancia aberta na UEPB\u201d.<\/p>\n<p>Tamb\u00e9m na segunda-feira, 29 de agosto, das 10 \u00e0s 12h, o N\u00facleo de L\u00ednguas, ir\u00e1 ofertar \u00e0 comunidade acad\u00eamica, gratuitamente, os minicursos de l\u00edngua inglesa \u201cLearning English through songs\u201d, a ser ministrad na sala 2 do N\u00facleo de L\u00ednguas pela professora Thais de Matos Barbosa; de franc\u00eas \u201cLa langue fran\u00e7aise et les arts\u201d, que tem como ministrante a professora Adriana Cl\u00e1udia Costa e ser\u00e1 realizado na sala 3; e de espanhol \u201cLa m\u00fasica como una herramienta pedag\u00f3gica para la ense\u00f1anza del espa\u00f1ol lengua extranjera (ELE)\u201d, a ser ministrado pelas professoras Eneida Gurgel e Kariny Oliveira, previsto para ser realizado na sala 1. As inscri\u00e7\u00f5es para as oficinas s\u00e3o feitas por <a href=\"https:\/\/forms.gle\/5FSZMKmESGvACARk7\">formul\u00e1rio eletr\u00f4nico<\/a> e ser\u00e3o reservadas 20 vagas pra cada oficina.<\/p>\n<p>No dia 31 de agosto, \u00e0s 15h, no canteiro localizado no pr\u00e9dio antigo, no acesso interno \u00e0 quadra, ser\u00e1 realizado um plantio de mudas na horta do CCBSA. A atividade coordenada pelo diretor do CCBSA, Cleber Salimon, \u00e9 aberta \u00e0 quaisquer interessados, e, sobretudo os feras, est\u00e3o convidados a participar. No turno da noite, \u00e0s 19h, ser\u00e1 realizada a aula magna \u201cInforma\u00e7\u00e3o e respeito \u00e0 diversidade\u201d, ministrada pela professora do Centro de Estudos de Sociologia do Instituto Universit\u00e1rio de Lisboa, professora Sarita Mota, que apresentar\u00e1 a tem\u00e1tica \u201carquivos coloniais e percep\u00e7\u00e3o do racismo institucional, e pela superintendente da Escola do Servi\u00e7o P\u00fablico do Estado da Para\u00edba (ESPEP), professora Ivanilda Matias Gentle. Esta atividade ser\u00e1 mediada pelo professor Rams\u00e9s Nunes e Silva.<\/p>\n<p>Al\u00e9m da programa\u00e7\u00e3o destinada a toda a comunidade acad\u00eamica do c\u00e2mpus V, o evento ter\u00e1 atividades paralelas programadas ao p\u00fablico espec\u00edfico de cada curso. O Curso de Ci\u00eancias Biol\u00f3gicas, promove, no dia 2 de setembro, das 14 \u00e0s 17h, no audit\u00f3rio Pioneiros, um ciclo de palestras alusivo ao Dia do bi\u00f3logo, celebrado na data em que foi regulamentada a profiss\u00e3o, 2 de setembro de 1979.<\/p>\n<p>Na oportunidade ser\u00e1 proferida a palestra \u201cA biologia na Per\u00edcia Criminal\u201d, tem\u00e1tica que ser\u00e1 ministrada pelo professor Rodrigo Cesar Farias e \u201d Ecologia e Economia: as a\u00e7\u00f5es do Estado nas \u00e1reas naturais do Brasil\u201d, que ter\u00e1 como ministrante o professor Lauro Henrique de Paiva Jr. Os interessados em participar do evento devem efetuar inscri\u00e7\u00e3o por\u00a0<a href=\"https:\/\/forms.gle\/MYdfY4fGSeUsTim8A\">formul\u00e1rio eletr\u00f4nico<\/a>\u00a0at\u00e9 o dia 30 de agosto. Os inscritos que participarem do evento recebem certificado de participa\u00e7\u00e3o<\/p>\n<p>J\u00e1 o Centro Acad\u00eamico de Rela\u00e7\u00f5es Internacionais realizar\u00e1, na ter\u00e7a-feira, dia 30 de agosto, \u00e0s 18h30, no audit\u00f3rio Pioneiros, um trote solid\u00e1rio, no qual os estudantes buscam arrecadar alimentos n\u00e3o perec\u00edveis para serem doados posteriormente. Na sequ\u00eancia ser\u00e3o apresentados os projetos de pesquisa e extens\u00e3o do curso de Rela\u00e7\u00f5es Internacionais e a Eleven, empresa J\u00fanior. Essa programa\u00e7\u00e3o se repete para os calouros da manh\u00e3 na quarta-feira, 31 de agosto, a partir das 8h.<\/p>\n<p>Na manh\u00e3 da quinta-feira, 1\u00ba de setembro, no turno da manh\u00e3, nos corredores do CCBSA, ser\u00e1 realizada uma feira cultural que deve contar com a exposi\u00e7\u00e3o de fotografias, desenhos, poesias, cord\u00e9is e similares; um sarau de canto, dan\u00e7a, declama\u00e7\u00e3o; e venda de comida, artesanato, arte e similares. A partir das 9h, no audit\u00f3rio Pioneiros ser\u00e1 realizada a mesa Os limites da liberdade de express\u00e3o: fake news como amea\u00e7a \u00e0 democracia\u201d. A manh\u00e3 de atividades deve encerrar com uma partida de queimada. No turno da noite, \u00e0s 19h, no audit\u00f3rio Pioneiros, ser\u00e1 realizada a mesa &#8220;Estados e nacionalismos na Am\u00e9rica Latina&#8221;. A programa\u00e7\u00e3o da noite tamb\u00e9m deve ser encerrada com uma partida de queimada.<\/p>\n<p>A programa\u00e7\u00e3o para os estudantes de Rela\u00e7\u00f5es Internacionais encerra na sexta-feira, 2 de setembro, com a mesa &#8220;Afinal, vai ter golpe? Perspectivas para a Democracia nas Elei\u00e7\u00f5es de 2022&#8221;, que ocorrer\u00e1 \u00e0s 9h, no audit\u00f3rio Pioneiros.<\/p>\n<p>Texto e foto: Juliana Marques<\/p>\n","protected":false},"excerpt":{"rendered":"<p>Mesas de di\u00e1logo, aula magna, palestras, plantio de mudas, s\u00e3o algumas das atividades previstas para ocorrer a partir da segunda-feira, dia 29 de agosto, para marcar o in\u00edcio do semestre letivo 2022.2 e celebrar os 16 anos de cria\u00e7\u00e3o do Centro de Ci\u00eancias Biol\u00f3gicas e Sociais Aplicadas (CCBSA) da Universidade Estadual da Para\u00edba (UEPB). O <a class=\"leiamais\" href=\"https:\/\/centros.uepb.edu.br\/ccbsa\/campus-v-divulga-programacao-de-inicio-do-semestre-2022-2-e-aniversario-de-16-anos-de-fundacao\/\">Leia Mais&#8230;<\/a><\/p>\n","protected":false},"author":8,"featured_media":9210,"comment_status":"closed","ping_status":"closed","sticky":false,"template":"","format":"standard","meta":{"footnotes":""},"categories":[3,11],"tags":[],"class_list":["post-9209","post","type-post","status-publish","format-standard","has-post-thumbnail","hentry","category-noticias","category-noticias-destaque-img"],"jetpack_featured_media_url":"https:\/\/centros.uepb.edu.br\/ccbsa\/files\/2022\/08\/IMG_4868-13.jpg","_links":{"self":[{"href":"https:\/\/centros.uepb.edu.br\/ccbsa\/wp-json\/wp\/v2\/posts\/9209","targetHints":{"allow":["GET"]}}],"collection":[{"href":"https:\/\/centros.uepb.edu.br\/ccbsa\/wp-json\/wp\/v2\/posts"}],"about":[{"href":"https:\/\/centros.uepb.edu.br\/ccbsa\/wp-json\/wp\/v2\/types\/post"}],"author":[{"embeddable":true,"href":"https:\/\/centros.uepb.edu.br\/ccbsa\/wp-json\/wp\/v2\/users\/8"}],"replies":[{"embeddable":true,"href":"https:\/\/centros.uepb.edu.br\/ccbsa\/wp-json\/wp\/v2\/comments?post=9209"}],"version-history":[{"count":0,"href":"https:\/\/centros.uepb.edu.br\/ccbsa\/wp-json\/wp\/v2\/posts\/9209\/revisions"}],"wp:featuredmedia":[{"embeddable":true,"href":"https:\/\/centros.uepb.edu.br\/ccbsa\/wp-json\/wp\/v2\/media\/9210"}],"wp:attachment":[{"href":"https:\/\/centros.uepb.edu.br\/ccbsa\/wp-json\/wp\/v2\/media?parent=9209"}],"wp:term":[{"taxonomy":"category","embeddable":true,"href":"https:\/\/centros.uepb.edu.br\/ccbsa\/wp-json\/wp\/v2\/categories?post=9209"},{"taxonomy":"post_tag","embeddable":true,"href":"https:\/\/centros.uepb.edu.br\/ccbsa\/wp-json\/wp\/v2\/tags?post=9209"}],"curies":[{"name":"wp","href":"https:\/\/api.w.org\/{rel}","templated":true}]}}