{"id":9196,"date":"2022-08-24T10:36:22","date_gmt":"2022-08-24T10:36:22","guid":{"rendered":"https:\/\/centros.uepb.edu.br\/ccbsa\/?p=9196"},"modified":"2022-08-24T10:36:22","modified_gmt":"2022-08-24T10:36:22","slug":"colacao-de-grau-do-ccbsa-do-semestre-2022-1-forma-36-arquivistas-biologos-e-internacionalistas","status":"publish","type":"post","link":"https:\/\/centros.uepb.edu.br\/ccbsa\/colacao-de-grau-do-ccbsa-do-semestre-2022-1-forma-36-arquivistas-biologos-e-internacionalistas\/","title":{"rendered":"Cola\u00e7\u00e3o de grau do CCBSA do semestre 2022.1 forma 36 arquivistas, bi\u00f3logos e internacionalistas"},"content":{"rendered":"\n\t\t<style type=\"text\/css\">\n\t\t\t#gallery-1 {\n\t\t\t\tmargin: auto;\n\t\t\t}\n\t\t\t#gallery-1 .gallery-item {\n\t\t\t\tfloat: left;\n\t\t\t\tmargin-top: 10px;\n\t\t\t\ttext-align: center;\n\t\t\t\twidth: 33%;\n\t\t\t}\n\t\t\t#gallery-1 img {\n\t\t\t\tborder: 2px solid #cfcfcf;\n\t\t\t}\n\t\t\t#gallery-1 .gallery-caption {\n\t\t\t\tmargin-left: 0;\n\t\t\t}\n\t\t\t\/* see gallery_shortcode() in wp-includes\/media.php *\/\n\t\t<\/style>\n\t\t<div id='gallery-1' class='gallery galleryid-9196 gallery-columns-3 gallery-size-full'><dl class='gallery-item'>\n\t\t\t<dt class='gallery-icon landscape'>\n\t\t\t\t<a href='https:\/\/centros.uepb.edu.br\/ccbsa\/files\/2022\/08\/IMG_5794.jpg'><img loading=\"lazy\" decoding=\"async\" width=\"1200\" height=\"800\" src=\"https:\/\/centros.uepb.edu.br\/ccbsa\/files\/2022\/08\/IMG_5794.jpg\" class=\"attachment-full size-full\" alt=\"\" srcset=\"https:\/\/centros.uepb.edu.br\/ccbsa\/files\/2022\/08\/IMG_5794.jpg 1200w, https:\/\/centros.uepb.edu.br\/ccbsa\/files\/2022\/08\/IMG_5794-300x200.jpg 300w, https:\/\/centros.uepb.edu.br\/ccbsa\/files\/2022\/08\/IMG_5794-1120x747.jpg 1120w\" sizes=\"auto, (max-width: 1200px) 100vw, 1200px\" \/><\/a>\n\t\t\t<\/dt><\/dl><dl class='gallery-item'>\n\t\t\t<dt class='gallery-icon landscape'>\n\t\t\t\t<a href='https:\/\/centros.uepb.edu.br\/ccbsa\/files\/2022\/08\/IMG_5802.jpg'><img loading=\"lazy\" decoding=\"async\" width=\"1200\" height=\"743\" src=\"https:\/\/centros.uepb.edu.br\/ccbsa\/files\/2022\/08\/IMG_5802.jpg\" class=\"attachment-full size-full\" alt=\"\" srcset=\"https:\/\/centros.uepb.edu.br\/ccbsa\/files\/2022\/08\/IMG_5802.jpg 1200w, https:\/\/centros.uepb.edu.br\/ccbsa\/files\/2022\/08\/IMG_5802-300x186.jpg 300w, https:\/\/centros.uepb.edu.br\/ccbsa\/files\/2022\/08\/IMG_5802-1120x693.jpg 1120w\" sizes=\"auto, (max-width: 1200px) 100vw, 1200px\" \/><\/a>\n\t\t\t<\/dt><\/dl><dl class='gallery-item'>\n\t\t\t<dt class='gallery-icon landscape'>\n\t\t\t\t<a href='https:\/\/centros.uepb.edu.br\/ccbsa\/files\/2022\/08\/IMG_5806.jpg'><img loading=\"lazy\" decoding=\"async\" width=\"1200\" height=\"800\" src=\"https:\/\/centros.uepb.edu.br\/ccbsa\/files\/2022\/08\/IMG_5806.jpg\" class=\"attachment-full size-full\" alt=\"\" srcset=\"https:\/\/centros.uepb.edu.br\/ccbsa\/files\/2022\/08\/IMG_5806.jpg 1200w, https:\/\/centros.uepb.edu.br\/ccbsa\/files\/2022\/08\/IMG_5806-300x200.jpg 300w, https:\/\/centros.uepb.edu.br\/ccbsa\/files\/2022\/08\/IMG_5806-1120x747.jpg 1120w\" sizes=\"auto, (max-width: 1200px) 100vw, 1200px\" \/><\/a>\n\t\t\t<\/dt><\/dl><br style=\"clear: both\" \/><dl class='gallery-item'>\n\t\t\t<dt class='gallery-icon landscape'>\n\t\t\t\t<a href='https:\/\/centros.uepb.edu.br\/ccbsa\/files\/2022\/08\/IMG_5808.jpg'><img loading=\"lazy\" decoding=\"async\" width=\"1200\" height=\"800\" src=\"https:\/\/centros.uepb.edu.br\/ccbsa\/files\/2022\/08\/IMG_5808.jpg\" class=\"attachment-full size-full\" alt=\"\" srcset=\"https:\/\/centros.uepb.edu.br\/ccbsa\/files\/2022\/08\/IMG_5808.jpg 1200w, https:\/\/centros.uepb.edu.br\/ccbsa\/files\/2022\/08\/IMG_5808-300x200.jpg 300w, https:\/\/centros.uepb.edu.br\/ccbsa\/files\/2022\/08\/IMG_5808-1120x747.jpg 1120w\" sizes=\"auto, (max-width: 1200px) 100vw, 1200px\" \/><\/a>\n\t\t\t<\/dt><\/dl><dl class='gallery-item'>\n\t\t\t<dt class='gallery-icon landscape'>\n\t\t\t\t<a href='https:\/\/centros.uepb.edu.br\/ccbsa\/files\/2022\/08\/IMG_5809.jpg'><img loading=\"lazy\" decoding=\"async\" width=\"1200\" height=\"800\" src=\"https:\/\/centros.uepb.edu.br\/ccbsa\/files\/2022\/08\/IMG_5809.jpg\" class=\"attachment-full size-full\" alt=\"\" srcset=\"https:\/\/centros.uepb.edu.br\/ccbsa\/files\/2022\/08\/IMG_5809.jpg 1200w, https:\/\/centros.uepb.edu.br\/ccbsa\/files\/2022\/08\/IMG_5809-300x200.jpg 300w, https:\/\/centros.uepb.edu.br\/ccbsa\/files\/2022\/08\/IMG_5809-1120x747.jpg 1120w\" sizes=\"auto, (max-width: 1200px) 100vw, 1200px\" \/><\/a>\n\t\t\t<\/dt><\/dl><dl class='gallery-item'>\n\t\t\t<dt class='gallery-icon landscape'>\n\t\t\t\t<a href='https:\/\/centros.uepb.edu.br\/ccbsa\/files\/2022\/08\/IMG_5818.jpg'><img loading=\"lazy\" decoding=\"async\" width=\"1200\" height=\"800\" src=\"https:\/\/centros.uepb.edu.br\/ccbsa\/files\/2022\/08\/IMG_5818.jpg\" class=\"attachment-full size-full\" alt=\"\" srcset=\"https:\/\/centros.uepb.edu.br\/ccbsa\/files\/2022\/08\/IMG_5818.jpg 1200w, https:\/\/centros.uepb.edu.br\/ccbsa\/files\/2022\/08\/IMG_5818-300x200.jpg 300w, https:\/\/centros.uepb.edu.br\/ccbsa\/files\/2022\/08\/IMG_5818-1120x747.jpg 1120w\" sizes=\"auto, (max-width: 1200px) 100vw, 1200px\" \/><\/a>\n\t\t\t<\/dt><\/dl><br style=\"clear: both\" \/><dl class='gallery-item'>\n\t\t\t<dt class='gallery-icon landscape'>\n\t\t\t\t<a href='https:\/\/centros.uepb.edu.br\/ccbsa\/files\/2022\/08\/IMG_5835.jpg'><img loading=\"lazy\" decoding=\"async\" width=\"1200\" height=\"800\" src=\"https:\/\/centros.uepb.edu.br\/ccbsa\/files\/2022\/08\/IMG_5835.jpg\" class=\"attachment-full size-full\" alt=\"\" srcset=\"https:\/\/centros.uepb.edu.br\/ccbsa\/files\/2022\/08\/IMG_5835.jpg 1200w, https:\/\/centros.uepb.edu.br\/ccbsa\/files\/2022\/08\/IMG_5835-300x200.jpg 300w, https:\/\/centros.uepb.edu.br\/ccbsa\/files\/2022\/08\/IMG_5835-1120x747.jpg 1120w\" sizes=\"auto, (max-width: 1200px) 100vw, 1200px\" \/><\/a>\n\t\t\t<\/dt><\/dl><dl class='gallery-item'>\n\t\t\t<dt class='gallery-icon landscape'>\n\t\t\t\t<a href='https:\/\/centros.uepb.edu.br\/ccbsa\/files\/2022\/08\/IMG_5798.jpg'><img loading=\"lazy\" decoding=\"async\" width=\"1200\" height=\"680\" src=\"https:\/\/centros.uepb.edu.br\/ccbsa\/files\/2022\/08\/IMG_5798.jpg\" class=\"attachment-full size-full\" alt=\"\" srcset=\"https:\/\/centros.uepb.edu.br\/ccbsa\/files\/2022\/08\/IMG_5798.jpg 1200w, https:\/\/centros.uepb.edu.br\/ccbsa\/files\/2022\/08\/IMG_5798-300x170.jpg 300w, https:\/\/centros.uepb.edu.br\/ccbsa\/files\/2022\/08\/IMG_5798-1120x635.jpg 1120w\" sizes=\"auto, (max-width: 1200px) 100vw, 1200px\" \/><\/a>\n\t\t\t<\/dt><\/dl>\n\t\t\t<br style='clear: both' \/>\n\t\t<\/div>\n\n<p>&nbsp;<\/p>\n<p>Palavras de encorajamento, inspira\u00e7\u00e3o e comemora\u00e7\u00e3o balizaram os discursos da cerim\u00f4nia de Cola\u00e7\u00e3o de grau do Centro de Ci\u00eancias Biol\u00f3gicas e Sociais Aplicadas (CCBSA) da Universidade Estadual da Para\u00edba (UEPB), per\u00edodo letivo 2022.1, realizada nesta ter\u00e7a-feira (23), no hall do bloco da central de aulas do C\u00e2mpus de Jo\u00e3o Pessoa.<\/p>\n<p>Compuseram a mesa de honra da cerim\u00f4nia a reitora da UEPB, professora C\u00e9lia Regina Diniz; A vice-reitora da UEPB, professora Ivonildes Fonseca; o pro-reitor de Gradua\u00e7\u00e3o, professor Eli Brand\u00e3o; o pro-reitor de p\u00f3s-gradua\u00e7\u00e3o e pesquisa, professor Francisco Jaime; o diretor do CCBSA, professor Cleber Salimon; a coordenadora do curso de Arquivologia, professora Eliete Correia dos Santos; a coordenadora do curso de Ci\u00eancias Biol\u00f3gicas, professora Brigida Lucena; a representante da coordena\u00e7\u00e3o do curso de Rela\u00e7\u00f5es Internacionais, professora Luisa Rosa de Lima e o paraninfo das turmas concluintes, Jos\u00e9 Gomes de Carvalho.<\/p>\n<p>Na oportunidade, o orador da turma, o formando do curso de Rela\u00e7\u00f5es Internacionais Vin\u00edcius de Oliveira, fez uma retrospectiva da trajet\u00f3ria acad\u00eamica de cada concluinte e recorreu aos versos de Guimar\u00e3es Rosa ao afirmar que \u201co correr da vida embrulha tudo (&#8230;) o que ela quer da gente \u00e9 coragem\u201d, para lembrar aos presentes que, mesmo com as adversidades que surgirem \u00e9 preciso ter for\u00e7a de vontade para superar os desafios.<\/p>\n<p>\u201cPassamos por in\u00fameras situa\u00e7\u00f5es adversas ao longo de cada semestre estudado e hoje estamos aqui, no nosso \u00faltimo dia enquanto graduandos, portanto, se sintam orgulhosos pela caminhada de cada um de voc\u00eas. Que voc\u00eas possam ter a certeza durante esses \u00faltimos minutos que tudo valeu a pena, pois essa \u00e9 a recompensa da bravura e resili\u00eancia que todos tivemos ao longo desses anos. Afinal, temos o privil\u00e9gio de estarmos nos formando em uma Universidade renomada no Estado da Para\u00edba, que exerceu o papel de nos enriquecer intelectualmente e nos proporcionar, com toda certeza, muitos caminhos abertos no mercado de trabalho mundo afora\u201d, conclui Vin\u00edcius.<\/p>\n<p>Recepcionado por uma comiss\u00e3o de honra, formada pelos concluintes Jefferson Silva (Arquivologia), Amanda Pereira (Ci\u00eancias Biol\u00f3gicas) e Isabella Loiola (Rela\u00e7\u00f5es Internacionais), o paraninfo das turmas concluintes, Jos\u00e9 Gomes de Carvalho, mais conhecido como Ded\u00e9 da X\u00e9rox, evidenciou a surpresa e alegria por ter sido convidado para ser homenageado na cerim\u00f4nia de cola\u00e7\u00e3o de Grau e lembrou dos momentos em que\u00a0 acompanhou a trajet\u00f3ria dos estudantes que, nesta solenidade, tornam-se profissionais.<\/p>\n<p>\u201cVivenciamos in\u00fameros desafios, talvez o maior deles tenha sido a pandemia de covid-19. Todos tivemos que lidar com um futuro incerto e o medo que nos desafiaram a repensar nossas posturas diante da vida. Mas, acredito que estarmos aqui celebrando essa conquista na vida de voc\u00eas e, no meu caso, receber hoje essa homenagem, \u00e9 prova de que a vida \u00e9 um eterno recome\u00e7o. Muitas vezes encontraremos dificuldades em nosso caminho, mas o importante \u00e9 n\u00e3o deixar que o des\u00e2nimo nos tire a vontade de vencer. Como disse Raul Seixas: n\u00e3o diga que a vit\u00f3ria est\u00e1 perdida, se \u00e9 de batalhas que se vive a vida. Tente outra vez!\u201d, declarou o paraninfo.<\/p>\n<p>O diretor do CCBSA, professor Cleber Salimon, parabenizou os formandos e enfatizou a necessidade de, na nova fase da vida profissional, eles encararem os novos desafios que surgirem com for\u00e7a de vontade. \u201cSempre digo para os estudantes ao entrar na Universidade que no cotidiano acad\u00eamico ele est\u00e1 lutando consigo mesmo, para superar a procrastina\u00e7\u00e3o, conseguir ter foco, absorver o conhecimento. Mas, quando ingressa no mercado de trabalho, ir\u00e1 competir com outras pessoas, seja para conseguir um emprego, bolsas de programas de p\u00f3s-gradua\u00e7\u00e3o, se destacar com seu trabalho, e nesse momento \u00e9 preciso seguir com f\u00e9 em voc\u00eas e resili\u00eancia. Tamb\u00e9m destaco que estamos num pa\u00eds que precisa ser reconstru\u00eddo do ponto de vista social, econ\u00f4mico e ambiental, e essa responsabilidade tamb\u00e9m \u00e9 de voc\u00eas, de atuar nessa reconstru\u00e7\u00e3o\u201d, avalia.<\/p>\n<p>O pro-reitor de gradua\u00e7\u00e3o, professor Eli Brand\u00e3o, explicou que a cerim\u00f4nia de cola\u00e7\u00e3o de grau, al\u00e9m de um rito de passagem \u00e9 um momento de presta\u00e7\u00e3o de contas para a UEPB. Neste sentido, o pro-reitor celebra que mesmo diante de um per\u00edodo pand\u00eamico, a UEPB consegue colocar no mercado de trabalho mais de 800 profissionais de seus 8 c\u00e2mpus, alcan\u00e7ando um patamar semelhante ao do per\u00edodo pr\u00e9-pandemia. O pro-reitor lembrou a import\u00e2ncia das universidades p\u00fablicas, gratuitas e de qualidade para o futuro econ\u00f4micos, cient\u00edfico e tecnol\u00f3gico do pa\u00eds.<\/p>\n<p>\u201cVivemos uma crise pol\u00edtica n\u00e3o s\u00f3 no Brasil, mas, no mundo, uma crise humanit\u00e1ria global, uma crise que se reflete em diversos aspectos. Enfrentamos hoje um cen\u00e1rio de muitas a\u00e7\u00f5es e discursos destrutivos, destrui\u00e7\u00e3o da rep\u00fablica, da ci\u00eancia, amea\u00e7a \u00e0 universidade p\u00fablica. Precisamos pensar que o ataque \u00e0s universidades p\u00fablicas \u00e9 uma amea\u00e7a ao futuro pa\u00eds, portanto, como fizeram no juramento, levem a s\u00e9rio a defesa de uma universidade p\u00fablica gratuita e de qualidade\u201d, alerta do docente.<\/p>\n<p>A reitora da UEPB, professora C\u00e9lia Regina, lembrou que a UEPB atua movida pelo desejo de uma educa\u00e7\u00e3o transformadora, inclusiva, libertadora, na qual a pr\u00e1tica pedag\u00f3gica possa despertar a reflex\u00e3o cr\u00edtica e comprometida com a forma\u00e7\u00e3o de cidad\u00e3os \u00e9ticos, qualificados, capazes de construir uma sociedade justa, solid\u00e1ria e fraterna. A docente evidenciou a excel\u00eancia do corpo docente e t\u00e9cnico-administrativo da institui\u00e7\u00e3o, que permitiu que a Institui\u00e7\u00e3o superasse, junto aos discentes, os desafios como a adequa\u00e7\u00e3o ao per\u00edodo pand\u00eamico.<\/p>\n<p>\u201cSei que voc\u00eas tiveram momentos dif\u00edceis, dentre eles, uma pandemia que nenhum de n\u00f3s estava preparado pra enfrentar. Al\u00e9m disso, tivemos perdas de colegas, familiares, mas, com perseveran\u00e7a, resili\u00eancia, garra, for\u00e7a de vontade e compet\u00eancia, voc\u00ea conseguiram concluir o ensino superior numa universidade p\u00fablica, gratuita e de qualidade. Aos pais, m\u00e3es, \u00e0s fam\u00edlias, a gratid\u00e3o por voc\u00eas que confiaram \u00e0 UEPB parte da forma\u00e7\u00e3o da vida profissional de seus filhos e filhas. Aos formandos, desejo muito \u00eaxito na caminhada. Que voc\u00eas enfrentem os desafios com muita coragem. Honrem sempre a UEPB e se juntem a todas as pessoas que lutam pela educa\u00e7\u00e3o p\u00fablica, gratuita, de qualidade. Defendam a democracia e a ci\u00eancia porque a desvaloriza\u00e7\u00e3o do conhecimento cient\u00edfico coloca em risco um grande n\u00famero de projetos ligados ao desenvolvimento cient\u00edfico, tecnol\u00f3gico, de inova\u00e7\u00e3o e sustentabilidade no planeta\u201d, declara a reitora.<\/p>\n<p>A cerim\u00f4nia, que foi realizada de forma presencial, formou 36 novos profissionais de Arquivologia, Ci\u00eancias Biol\u00f3gicas e Rela\u00e7\u00f5es Internacionais. Na ocasi\u00e3o, os formandos Jonas Rufino (Arquivologia), Vit\u00f3ria Bernardo (Ci\u00eancias Biol\u00f3gicas) e Lorrany Concei\u00e7\u00e3o (Rela\u00e7\u00f5es Internacionais), colaram grau representando os demais concluintes. A formanda Ana Karenina de Brito do curso de Rela\u00e7\u00f5es Internacionais foi a juramentista.<\/p>\n<p>Texto e fotos: Juliana Marques<\/p>\n","protected":false},"excerpt":{"rendered":"<p>&nbsp; Palavras de encorajamento, inspira\u00e7\u00e3o e comemora\u00e7\u00e3o balizaram os discursos da cerim\u00f4nia de Cola\u00e7\u00e3o de grau do Centro de Ci\u00eancias Biol\u00f3gicas e Sociais Aplicadas (CCBSA) da Universidade Estadual da Para\u00edba (UEPB), per\u00edodo letivo 2022.1, realizada nesta ter\u00e7a-feira (23), no hall do bloco da central de aulas do C\u00e2mpus de Jo\u00e3o Pessoa. Compuseram a mesa de <a class=\"leiamais\" href=\"https:\/\/centros.uepb.edu.br\/ccbsa\/colacao-de-grau-do-ccbsa-do-semestre-2022-1-forma-36-arquivistas-biologos-e-internacionalistas\/\">Leia Mais&#8230;<\/a><\/p>\n","protected":false},"author":8,"featured_media":9204,"comment_status":"closed","ping_status":"closed","sticky":false,"template":"","format":"standard","meta":{"footnotes":""},"categories":[3,11],"tags":[],"class_list":["post-9196","post","type-post","status-publish","format-standard","has-post-thumbnail","hentry","category-noticias","category-noticias-destaque-img"],"jetpack_featured_media_url":"https:\/\/centros.uepb.edu.br\/ccbsa\/files\/2022\/08\/IMG_5798.jpg","_links":{"self":[{"href":"https:\/\/centros.uepb.edu.br\/ccbsa\/wp-json\/wp\/v2\/posts\/9196","targetHints":{"allow":["GET"]}}],"collection":[{"href":"https:\/\/centros.uepb.edu.br\/ccbsa\/wp-json\/wp\/v2\/posts"}],"about":[{"href":"https:\/\/centros.uepb.edu.br\/ccbsa\/wp-json\/wp\/v2\/types\/post"}],"author":[{"embeddable":true,"href":"https:\/\/centros.uepb.edu.br\/ccbsa\/wp-json\/wp\/v2\/users\/8"}],"replies":[{"embeddable":true,"href":"https:\/\/centros.uepb.edu.br\/ccbsa\/wp-json\/wp\/v2\/comments?post=9196"}],"version-history":[{"count":0,"href":"https:\/\/centros.uepb.edu.br\/ccbsa\/wp-json\/wp\/v2\/posts\/9196\/revisions"}],"wp:featuredmedia":[{"embeddable":true,"href":"https:\/\/centros.uepb.edu.br\/ccbsa\/wp-json\/wp\/v2\/media\/9204"}],"wp:attachment":[{"href":"https:\/\/centros.uepb.edu.br\/ccbsa\/wp-json\/wp\/v2\/media?parent=9196"}],"wp:term":[{"taxonomy":"category","embeddable":true,"href":"https:\/\/centros.uepb.edu.br\/ccbsa\/wp-json\/wp\/v2\/categories?post=9196"},{"taxonomy":"post_tag","embeddable":true,"href":"https:\/\/centros.uepb.edu.br\/ccbsa\/wp-json\/wp\/v2\/tags?post=9196"}],"curies":[{"name":"wp","href":"https:\/\/api.w.org\/{rel}","templated":true}]}}