{"id":9189,"date":"2022-08-19T19:11:51","date_gmt":"2022-08-19T19:11:51","guid":{"rendered":"https:\/\/centros.uepb.edu.br\/ccbsa\/?p=9189"},"modified":"2022-08-19T19:12:26","modified_gmt":"2022-08-19T19:12:26","slug":"direcao-de-centro-divulga-resultado-da-selecao-de-orador","status":"publish","type":"post","link":"https:\/\/centros.uepb.edu.br\/ccbsa\/direcao-de-centro-divulga-resultado-da-selecao-de-orador\/","title":{"rendered":"Dire\u00e7\u00e3o de centro divulga resultado da sele\u00e7\u00e3o de orador para a cola\u00e7\u00e3o de grau do per\u00edodo letivo 2022.1"},"content":{"rendered":"<div class=\"mdl-grid demo-content conteudo-interno\">\n<div class=\"mdl-cell mdl-cell--12-col\">\n<p><a href=\"https:\/\/centros.uepb.edu.br\/ccbsa\/files\/2022\/08\/Arte-Colacao-de-Grau-2.png\"><img loading=\"lazy\" decoding=\"async\" class=\"aligncenter size-full wp-image-9190 img-responsive\" src=\"https:\/\/centros.uepb.edu.br\/ccbsa\/files\/2022\/08\/Arte-Colacao-de-Grau-2.png\" alt=\"\" width=\"1200\" height=\"680\" srcset=\"https:\/\/centros.uepb.edu.br\/ccbsa\/files\/2022\/08\/Arte-Colacao-de-Grau-2.png 1200w, https:\/\/centros.uepb.edu.br\/ccbsa\/files\/2022\/08\/Arte-Colacao-de-Grau-2-300x170.png 300w, https:\/\/centros.uepb.edu.br\/ccbsa\/files\/2022\/08\/Arte-Colacao-de-Grau-2-1120x635.png 1120w\" sizes=\"auto, (max-width: 1200px) 100vw, 1200px\" \/><\/a><\/p>\n<p>A dire\u00e7\u00e3o do Centro de Ci\u00eancias Biol\u00f3gicas e Sociais Aplicadas (CCBSA) da Universidade Estadual da Para\u00edba (UEPB) divulgou, nesta sexta-feira, 19 de agosto, o resultado da sele\u00e7\u00e3o de orador para a cerim\u00f4nia de cola\u00e7\u00e3o de grau do per\u00edodo letivo 2022.1. O discurso do estudante Vinicius Manfredine Ara\u00fajo de Oliveira, do curso de Rela\u00e7\u00f5es Internacionais, foi o escolhido para representar os demais formandos.<\/p>\n<p>A solenidade de Cola\u00e7\u00e3o de Grau dos cursos de gradua\u00e7\u00e3o em Arquivologia, Ci\u00eancias Biol\u00f3gicas e Rela\u00e7\u00f5es Internacionais, semestre 2022.1, do Campus V ser\u00e1 realizada presencialmente, na ter\u00e7a-feira, dia 23 de agosto, \u00e0s 10h no Hall do bloco de salas de aula do CCBSA.<\/p>\n<p>Os formandos Jonas Rufino (Arquivologia), Vit\u00f3ria Bernardo (Ci\u00eancias Biol\u00f3gicas) e Lorrany Concei\u00e7\u00e3o (Rela\u00e7\u00f5es Internacionais), ir\u00e3o colar grau representando os demais concluintes. A formanda Ana Karenina de Brito do curso de Rela\u00e7\u00f5es Internacionais, ser\u00e1 a juramentista. E o paraninfo das turmas concluintes ser\u00e1 o prestador de servi\u00e7os Jos\u00e9 Gomes de Carvalho, mais conhecido como Ded\u00e9, da x\u00e9rox do CCBSA.<\/p>\n<p>O cerimonial destaca, que a retirada de becas ocorrer\u00e1 na secretaria de centro at\u00e9 as 12h do dia 22 de agosto. Para fazer a retirada \u00e9 necess\u00e1rio que o aluno tenha cumprido os pr\u00e9-requisitos de conclus\u00e3o do curso (integraliza\u00e7\u00e3o dos cr\u00e9ditos e defesa do TCC) e realize a assinatura de um termo de compromisso em que o formando e responsabiliza pela devolu\u00e7\u00e3o da vestimenta.<\/p>\n<p>&nbsp;<\/p>\n<\/div>\n<\/div>\n<footer id=\"rodape\" class=\"mdl-mega-footer div-rodape-global\">\n<div id=\"info-rodape\" class=\"mdl-grid\">\n<div class=\"mdl-cell mdl-cell--3-col mdl-cell--4-col-tablet mdl-cell--12-col-phone div-rodape\"><\/div>\n<\/div>\n<\/footer>\n","protected":false},"excerpt":{"rendered":"<p>A dire\u00e7\u00e3o do Centro de Ci\u00eancias Biol\u00f3gicas e Sociais Aplicadas (CCBSA) da Universidade Estadual da Para\u00edba (UEPB) divulgou, nesta sexta-feira, 19 de agosto, o resultado da sele\u00e7\u00e3o de orador para a cerim\u00f4nia de cola\u00e7\u00e3o de grau do per\u00edodo letivo 2022.1. O discurso do estudante Vinicius Manfredine Ara\u00fajo de Oliveira, do curso de Rela\u00e7\u00f5es Internacionais, foi <a class=\"leiamais\" href=\"https:\/\/centros.uepb.edu.br\/ccbsa\/direcao-de-centro-divulga-resultado-da-selecao-de-orador\/\">Leia Mais&#8230;<\/a><\/p>\n","protected":false},"author":8,"featured_media":9190,"comment_status":"closed","ping_status":"closed","sticky":false,"template":"","format":"standard","meta":{"footnotes":""},"categories":[3,11],"tags":[],"class_list":["post-9189","post","type-post","status-publish","format-standard","has-post-thumbnail","hentry","category-noticias","category-noticias-destaque-img"],"jetpack_featured_media_url":"https:\/\/centros.uepb.edu.br\/ccbsa\/files\/2022\/08\/Arte-Colacao-de-Grau-2.png","_links":{"self":[{"href":"https:\/\/centros.uepb.edu.br\/ccbsa\/wp-json\/wp\/v2\/posts\/9189","targetHints":{"allow":["GET"]}}],"collection":[{"href":"https:\/\/centros.uepb.edu.br\/ccbsa\/wp-json\/wp\/v2\/posts"}],"about":[{"href":"https:\/\/centros.uepb.edu.br\/ccbsa\/wp-json\/wp\/v2\/types\/post"}],"author":[{"embeddable":true,"href":"https:\/\/centros.uepb.edu.br\/ccbsa\/wp-json\/wp\/v2\/users\/8"}],"replies":[{"embeddable":true,"href":"https:\/\/centros.uepb.edu.br\/ccbsa\/wp-json\/wp\/v2\/comments?post=9189"}],"version-history":[{"count":0,"href":"https:\/\/centros.uepb.edu.br\/ccbsa\/wp-json\/wp\/v2\/posts\/9189\/revisions"}],"wp:featuredmedia":[{"embeddable":true,"href":"https:\/\/centros.uepb.edu.br\/ccbsa\/wp-json\/wp\/v2\/media\/9190"}],"wp:attachment":[{"href":"https:\/\/centros.uepb.edu.br\/ccbsa\/wp-json\/wp\/v2\/media?parent=9189"}],"wp:term":[{"taxonomy":"category","embeddable":true,"href":"https:\/\/centros.uepb.edu.br\/ccbsa\/wp-json\/wp\/v2\/categories?post=9189"},{"taxonomy":"post_tag","embeddable":true,"href":"https:\/\/centros.uepb.edu.br\/ccbsa\/wp-json\/wp\/v2\/tags?post=9189"}],"curies":[{"name":"wp","href":"https:\/\/api.w.org\/{rel}","templated":true}]}}