{"id":9182,"date":"2022-08-17T19:31:14","date_gmt":"2022-08-17T19:31:14","guid":{"rendered":"https:\/\/centros.uepb.edu.br\/ccbsa\/?p=9182"},"modified":"2022-08-17T19:31:14","modified_gmt":"2022-08-17T19:31:14","slug":"2-de-setembro-curso-de-ciencias-biologicas-promove-programacao-alusiva-ao-dia-do-biologo","status":"publish","type":"post","link":"https:\/\/centros.uepb.edu.br\/ccbsa\/2-de-setembro-curso-de-ciencias-biologicas-promove-programacao-alusiva-ao-dia-do-biologo\/","title":{"rendered":"2 de setembro: Curso de Ci\u00eancias Biol\u00f3gicas promove programa\u00e7\u00e3o alusiva ao dia do bi\u00f3logo"},"content":{"rendered":"<p><a href=\"https:\/\/centros.uepb.edu.br\/ccbsa\/files\/2022\/08\/Dia-do-biologo-2.png\"><img loading=\"lazy\" decoding=\"async\" class=\"aligncenter size-full wp-image-9186 img-responsive\" src=\"https:\/\/centros.uepb.edu.br\/ccbsa\/files\/2022\/08\/Dia-do-biologo-2.png\" alt=\"\" width=\"1200\" height=\"680\" srcset=\"https:\/\/centros.uepb.edu.br\/ccbsa\/files\/2022\/08\/Dia-do-biologo-2.png 1200w, https:\/\/centros.uepb.edu.br\/ccbsa\/files\/2022\/08\/Dia-do-biologo-2-300x170.png 300w, https:\/\/centros.uepb.edu.br\/ccbsa\/files\/2022\/08\/Dia-do-biologo-2-1120x635.png 1120w\" sizes=\"auto, (max-width: 1200px) 100vw, 1200px\" \/><\/a><\/p>\n<p>O Curso de Ci\u00eancias Biol\u00f3gicas do c\u00e2mpus V da Universidade Estadual da Para\u00edba promove, no dia 2 de setembro, das 14 \u00e0s 17h, no audit\u00f3rio Pioneiros, um ciclo de palestras alusivo ao Dia do bi\u00f3logo, celebrado na data em que foi regulamentada a profiss\u00e3o, no ano de 1979.<\/p>\n<p>Na oportunidade ser\u00e1 proferida a palestra &#8220;A biologia na Per\u00edcia Criminal&#8221;, tem\u00e1tica que ser\u00e1 ministrada pelo professor Rodrigo Cesar Farias e &#8221; Ecologia e Economia: as a\u00e7\u00f5es do Estado nas \u00e1reas naturais do Brasil&#8221;, que ter\u00e1 como ministrante o professor Lauro Henrique de Paiva Jr.<\/p>\n<p>Os interessados em participar do evento devem efetuar inscri\u00e7\u00e3o por <a href=\"https:\/\/forms.gle\/MYdfY4fGSeUsTim8A\">formul\u00e1rio eletr\u00f4nico<\/a> at\u00e9 o dia 30 de agosto. Os inscritos que participarem do evento recebem certificado de participa\u00e7\u00e3o<\/p>\n<p>O evento \u00e9 destinado aos discentes, docentes e t\u00e9cnicos dos Cursos de Licenciatura e Bacharelado em Ci\u00eancias Biol\u00f3gicas do CCBSA.<\/p>\n<p><em><strong>Texto:<\/strong> Juliana Marques<\/em><\/p>\n","protected":false},"excerpt":{"rendered":"<p>O Curso de Ci\u00eancias Biol\u00f3gicas do c\u00e2mpus V da Universidade Estadual da Para\u00edba promove, no dia 2 de setembro, das 14 \u00e0s 17h, no audit\u00f3rio Pioneiros, um ciclo de palestras alusivo ao Dia do bi\u00f3logo, celebrado na data em que foi regulamentada a profiss\u00e3o, no ano de 1979. Na oportunidade ser\u00e1 proferida a palestra &#8220;A <a class=\"leiamais\" href=\"https:\/\/centros.uepb.edu.br\/ccbsa\/2-de-setembro-curso-de-ciencias-biologicas-promove-programacao-alusiva-ao-dia-do-biologo\/\">Leia Mais&#8230;<\/a><\/p>\n","protected":false},"author":8,"featured_media":9187,"comment_status":"closed","ping_status":"closed","sticky":false,"template":"","format":"standard","meta":{"footnotes":""},"categories":[3,11],"tags":[],"class_list":["post-9182","post","type-post","status-publish","format-standard","has-post-thumbnail","hentry","category-noticias","category-noticias-destaque-img"],"jetpack_featured_media_url":"https:\/\/centros.uepb.edu.br\/ccbsa\/files\/2022\/08\/Dia-do-biologo-3.png","_links":{"self":[{"href":"https:\/\/centros.uepb.edu.br\/ccbsa\/wp-json\/wp\/v2\/posts\/9182","targetHints":{"allow":["GET"]}}],"collection":[{"href":"https:\/\/centros.uepb.edu.br\/ccbsa\/wp-json\/wp\/v2\/posts"}],"about":[{"href":"https:\/\/centros.uepb.edu.br\/ccbsa\/wp-json\/wp\/v2\/types\/post"}],"author":[{"embeddable":true,"href":"https:\/\/centros.uepb.edu.br\/ccbsa\/wp-json\/wp\/v2\/users\/8"}],"replies":[{"embeddable":true,"href":"https:\/\/centros.uepb.edu.br\/ccbsa\/wp-json\/wp\/v2\/comments?post=9182"}],"version-history":[{"count":0,"href":"https:\/\/centros.uepb.edu.br\/ccbsa\/wp-json\/wp\/v2\/posts\/9182\/revisions"}],"wp:featuredmedia":[{"embeddable":true,"href":"https:\/\/centros.uepb.edu.br\/ccbsa\/wp-json\/wp\/v2\/media\/9187"}],"wp:attachment":[{"href":"https:\/\/centros.uepb.edu.br\/ccbsa\/wp-json\/wp\/v2\/media?parent=9182"}],"wp:term":[{"taxonomy":"category","embeddable":true,"href":"https:\/\/centros.uepb.edu.br\/ccbsa\/wp-json\/wp\/v2\/categories?post=9182"},{"taxonomy":"post_tag","embeddable":true,"href":"https:\/\/centros.uepb.edu.br\/ccbsa\/wp-json\/wp\/v2\/tags?post=9182"}],"curies":[{"name":"wp","href":"https:\/\/api.w.org\/{rel}","templated":true}]}}