{"id":9150,"date":"2022-07-22T18:51:59","date_gmt":"2022-07-22T18:51:59","guid":{"rendered":"https:\/\/centros.uepb.edu.br\/ccbsa\/?p=9150"},"modified":"2022-08-16T13:35:09","modified_gmt":"2022-08-16T13:35:09","slug":"direcao-do-ccbsa-realiza-reuniao-com-formandos-para-orientar-sobre-a-colacao-de-grau-do-periodo-letivo-2022-1","status":"publish","type":"post","link":"https:\/\/centros.uepb.edu.br\/ccbsa\/direcao-do-ccbsa-realiza-reuniao-com-formandos-para-orientar-sobre-a-colacao-de-grau-do-periodo-letivo-2022-1\/","title":{"rendered":"Dire\u00e7\u00e3o do CCBSA realiza reuni\u00e3o com formandos para orientar sobre a Cola\u00e7\u00e3o de Grau do per\u00edodo letivo 2022.1"},"content":{"rendered":"<p><a href=\"https:\/\/centros.uepb.edu.br\/ccbsa\/files\/2022\/07\/IMG_5724-1.jpg\"><img loading=\"lazy\" decoding=\"async\" class=\"aligncenter size-full wp-image-9154 img-responsive\" src=\"https:\/\/centros.uepb.edu.br\/ccbsa\/files\/2022\/07\/IMG_5724-1.jpg\" alt=\"\" width=\"1200\" height=\"680\" srcset=\"https:\/\/centros.uepb.edu.br\/ccbsa\/files\/2022\/07\/IMG_5724-1.jpg 1200w, https:\/\/centros.uepb.edu.br\/ccbsa\/files\/2022\/07\/IMG_5724-1-300x170.jpg 300w, https:\/\/centros.uepb.edu.br\/ccbsa\/files\/2022\/07\/IMG_5724-1-1024x580.jpg 1024w, https:\/\/centros.uepb.edu.br\/ccbsa\/files\/2022\/07\/IMG_5724-1-768x435.jpg 768w\" sizes=\"auto, (max-width: 1200px) 100vw, 1200px\" \/><\/a><\/p>\n<p>A dire\u00e7\u00e3o do Centro de Ci\u00eancias Biol\u00f3gicas e Sociais Aplicadas (CCBSA) da Universidade Estadual da Para\u00edba (UEPB) realizou, nesta quinta-feira, 21 de julho, nos turnos da manh\u00e3 e noite, reuni\u00f5es com formandos dos bacharelados em Arquivologia, Ci\u00eancias Biol\u00f3gicas e Rela\u00e7\u00f5es Internacionais, para prestar as orienta\u00e7\u00f5es referentes \u00e0 cerim\u00f4nia de cola\u00e7\u00e3o de grau do per\u00edodo letivo 2022.1. A solenidade ocorrer\u00e1 em formato presencial.<\/p>\n<p>Na ocasi\u00e3o foram escolhidos os formandos Jonas Rufino (Arquivologia), Vit\u00f3ria Bernardo (Ci\u00eancias Biol\u00f3gicas) e Lorrany Concei\u00e7\u00e3o (Rela\u00e7\u00f5es Internacionais), para colar grau representando os demais concluintes. A formanda Ana Karenina de Brito do curso de Rela\u00e7\u00f5es Internacionais, ser\u00e1 a juramentista. E o paraninfo das turmas concluintes ser\u00e1 o prestador de servi\u00e7os Jos\u00e9 Gomes de Carvalho, mais conhecido como Ded\u00e9, da x\u00e9rox do CCBSA.<\/p>\n<p>Durante a reuni\u00e3o com os concluintes, foram divulgadas as regras para a escolha do orador oficial das turmas na Cola\u00e7\u00e3o de Grau 2021.2 dos cursos do C\u00e2mpus VI da Institui\u00e7\u00e3o. A inscri\u00e7\u00e3o ser\u00e1 on-line e s\u00f3 poder\u00e1 ser realizada por interm\u00e9dio do e-mail institucional, mediante o preenchimento do formul\u00e1rio, dispon\u00edvel no<a href=\"https:\/\/docs.google.com\/forms\/d\/e\/1FAIpQLScXVy6y1wJZnLLLeafsjiTqOEl1ngbjpCB9DkRJc44iPFBjPw\/viewform\"> link<\/a>. Os interessados devem se inscrever no per\u00edodo de 8 a 15 de agosto. O resultado da sele\u00e7\u00e3o ser\u00e1 divulgado no dia 19 de agosto. Todas informa\u00e7\u00f5es constam na portaria dispon\u00edvel <a href=\"https:\/\/centros.uepb.edu.br\/ccbsa\/download\/portaria-prograd-regras-orador\/\">aqui<\/a>.<\/p>\n<p>Para participar da sele\u00e7\u00e3o o candidato dever\u00e1 preencher o <a href=\"https:\/\/docs.google.com\/forms\/d\/e\/1FAIpQLScXVy6y1wJZnLLLeafsjiTqOEl1ngbjpCB9DkRJc44iPFBjPw\/viewform\">formul\u00e1rio eletr\u00f4nico<\/a> e anexar declara\u00e7\u00e3o de prov\u00e1vel concluinte no per\u00edodo letivo 2022.1 e c\u00f3pia do discurso sem identifica\u00e7\u00e3o. O discurso deve contemplar os diversos cursos do Centro e conter no m\u00e1ximo 13 mil caracteres, devendo a leitura n\u00e3o ultrapassar o tempo de 12 minutos.<\/p>\n<p>O cerimonial destaca, que a retirada de becas, esta ocorrer\u00e1 na secretaria de centro, ocorrer\u00e1 at\u00e9 o dia 22 de agosto, de segunda \u00e0 sexta, das 8 \u00e0s 12h e nas ter\u00e7as e quintas, das 15 \u00e0s 19h. Para\u00a0 fazer a retirada \u00e9 necess\u00e1rio que o aluno tenha cumprido os pr\u00e9-requisitos de conclus\u00e3o do curso (integraliza\u00e7\u00e3o dos cr\u00e9ditos e defesa do TCC) e realize a assinatura de um termo de compromisso em que o formando e responsabiliza pela devolu\u00e7\u00e3o da vestimenta.<\/p>\n<p>A solenidade de Cola\u00e7\u00e3o de Grau do semestre 2022.1 do Campus V ser\u00e1 realizada no dia 23 de agosto, \u00e0s 10h no Hall do bloco de salas de aula do CCBSA.<\/p>\n","protected":false},"excerpt":{"rendered":"<p>A dire\u00e7\u00e3o do Centro de Ci\u00eancias Biol\u00f3gicas e Sociais Aplicadas (CCBSA) da Universidade Estadual da Para\u00edba (UEPB) realizou, nesta quinta-feira, 21 de julho, nos turnos da manh\u00e3 e noite, reuni\u00f5es com formandos dos bacharelados em Arquivologia, Ci\u00eancias Biol\u00f3gicas e Rela\u00e7\u00f5es Internacionais, para prestar as orienta\u00e7\u00f5es referentes \u00e0 cerim\u00f4nia de cola\u00e7\u00e3o de grau do per\u00edodo letivo <a class=\"leiamais\" href=\"https:\/\/centros.uepb.edu.br\/ccbsa\/direcao-do-ccbsa-realiza-reuniao-com-formandos-para-orientar-sobre-a-colacao-de-grau-do-periodo-letivo-2022-1\/\">Leia Mais&#8230;<\/a><\/p>\n","protected":false},"author":8,"featured_media":9153,"comment_status":"closed","ping_status":"closed","sticky":false,"template":"","format":"standard","meta":{"footnotes":""},"categories":[3,11],"tags":[],"class_list":["post-9150","post","type-post","status-publish","format-standard","has-post-thumbnail","hentry","category-noticias","category-noticias-destaque-img"],"jetpack_featured_media_url":"https:\/\/centros.uepb.edu.br\/ccbsa\/files\/2022\/07\/IMG_5724.jpg","_links":{"self":[{"href":"https:\/\/centros.uepb.edu.br\/ccbsa\/wp-json\/wp\/v2\/posts\/9150","targetHints":{"allow":["GET"]}}],"collection":[{"href":"https:\/\/centros.uepb.edu.br\/ccbsa\/wp-json\/wp\/v2\/posts"}],"about":[{"href":"https:\/\/centros.uepb.edu.br\/ccbsa\/wp-json\/wp\/v2\/types\/post"}],"author":[{"embeddable":true,"href":"https:\/\/centros.uepb.edu.br\/ccbsa\/wp-json\/wp\/v2\/users\/8"}],"replies":[{"embeddable":true,"href":"https:\/\/centros.uepb.edu.br\/ccbsa\/wp-json\/wp\/v2\/comments?post=9150"}],"version-history":[{"count":0,"href":"https:\/\/centros.uepb.edu.br\/ccbsa\/wp-json\/wp\/v2\/posts\/9150\/revisions"}],"wp:featuredmedia":[{"embeddable":true,"href":"https:\/\/centros.uepb.edu.br\/ccbsa\/wp-json\/wp\/v2\/media\/9153"}],"wp:attachment":[{"href":"https:\/\/centros.uepb.edu.br\/ccbsa\/wp-json\/wp\/v2\/media?parent=9150"}],"wp:term":[{"taxonomy":"category","embeddable":true,"href":"https:\/\/centros.uepb.edu.br\/ccbsa\/wp-json\/wp\/v2\/categories?post=9150"},{"taxonomy":"post_tag","embeddable":true,"href":"https:\/\/centros.uepb.edu.br\/ccbsa\/wp-json\/wp\/v2\/tags?post=9150"}],"curies":[{"name":"wp","href":"https:\/\/api.w.org\/{rel}","templated":true}]}}