{"id":9137,"date":"2022-07-20T11:51:32","date_gmt":"2022-07-20T11:51:32","guid":{"rendered":"https:\/\/centros.uepb.edu.br\/ccbsa\/?p=9137"},"modified":"2022-07-20T11:51:32","modified_gmt":"2022-07-20T11:51:32","slug":"comissao-de-acessibilidade-e-inclusao-da-uepb-promove-evento-com-criancas-cegas-e-com-baixa-visao-de-campina","status":"publish","type":"post","link":"https:\/\/centros.uepb.edu.br\/ccbsa\/comissao-de-acessibilidade-e-inclusao-da-uepb-promove-evento-com-criancas-cegas-e-com-baixa-visao-de-campina\/","title":{"rendered":"Comiss\u00e3o de acessibilidade e inclus\u00e3o da UEPB promove evento com crian\u00e7as cegas e com baixa vis\u00e3o de Campina"},"content":{"rendered":"\n\t\t<style type=\"text\/css\">\n\t\t\t#gallery-1 {\n\t\t\t\tmargin: auto;\n\t\t\t}\n\t\t\t#gallery-1 .gallery-item {\n\t\t\t\tfloat: left;\n\t\t\t\tmargin-top: 10px;\n\t\t\t\ttext-align: center;\n\t\t\t\twidth: 33%;\n\t\t\t}\n\t\t\t#gallery-1 img {\n\t\t\t\tborder: 2px solid #cfcfcf;\n\t\t\t}\n\t\t\t#gallery-1 .gallery-caption {\n\t\t\t\tmargin-left: 0;\n\t\t\t}\n\t\t\t\/* see gallery_shortcode() in wp-includes\/media.php *\/\n\t\t<\/style>\n\t\t<div id='gallery-1' class='gallery galleryid-9137 gallery-columns-3 gallery-size-full'><dl class='gallery-item'>\n\t\t\t<dt class='gallery-icon landscape'>\n\t\t\t\t<a href='https:\/\/centros.uepb.edu.br\/ccbsa\/files\/2022\/07\/VISITA-UFRN-1.jpg'><img loading=\"lazy\" decoding=\"async\" width=\"1200\" height=\"680\" src=\"https:\/\/centros.uepb.edu.br\/ccbsa\/files\/2022\/07\/VISITA-UFRN-1.jpg\" class=\"attachment-full size-full\" alt=\"\" srcset=\"https:\/\/centros.uepb.edu.br\/ccbsa\/files\/2022\/07\/VISITA-UFRN-1.jpg 1200w, https:\/\/centros.uepb.edu.br\/ccbsa\/files\/2022\/07\/VISITA-UFRN-1-300x170.jpg 300w, https:\/\/centros.uepb.edu.br\/ccbsa\/files\/2022\/07\/VISITA-UFRN-1-1024x580.jpg 1024w, https:\/\/centros.uepb.edu.br\/ccbsa\/files\/2022\/07\/VISITA-UFRN-1-768x435.jpg 768w\" sizes=\"auto, (max-width: 1200px) 100vw, 1200px\" \/><\/a>\n\t\t\t<\/dt><\/dl><dl class='gallery-item'>\n\t\t\t<dt class='gallery-icon portrait'>\n\t\t\t\t<a href='https:\/\/centros.uepb.edu.br\/ccbsa\/files\/2022\/07\/WhatsApp-Image-2022-07-18-at-12.28.21-1.jpeg'><img loading=\"lazy\" decoding=\"async\" width=\"768\" height=\"1024\" src=\"https:\/\/centros.uepb.edu.br\/ccbsa\/files\/2022\/07\/WhatsApp-Image-2022-07-18-at-12.28.21-1.jpeg\" class=\"attachment-full size-full\" alt=\"\" srcset=\"https:\/\/centros.uepb.edu.br\/ccbsa\/files\/2022\/07\/WhatsApp-Image-2022-07-18-at-12.28.21-1.jpeg 768w, https:\/\/centros.uepb.edu.br\/ccbsa\/files\/2022\/07\/WhatsApp-Image-2022-07-18-at-12.28.21-1-225x300.jpeg 225w\" sizes=\"auto, (max-width: 768px) 100vw, 768px\" \/><\/a>\n\t\t\t<\/dt><\/dl>\n\t\t\t<br style='clear: both' \/>\n\t\t<\/div>\n\n<p>&nbsp;<\/p>\n<p>A Comiss\u00e3o de Acessibilidade e Inclus\u00e3o em Ambientes das Bibliotecas do Centro de Ci\u00eancias Biol\u00f3gicas e Sociais Aplicadas (CCBSA) da Universidade Estadual da Para\u00edba (UEPB), em parceria com a Rede de Leitura Inclusiva do Estado da Para\u00edba, com o Instituto dos Cegos de Campina Grande, Funda\u00e7\u00e3o Dorina Nowill para Cegos e Universidade Federal da Para\u00edba, promove, no dia 22 de julho, das 8 \u00e0s 15h, no Museu de Arte Popular da Para\u00edba e Instituto dos Cegos de Campina Grande, o I Ler, Conviver e Brincar.<\/p>\n<p>Esse evento \u00e9 direcionado para crian\u00e7as cegas ou com baixa vis\u00e3o, com idade entre 7 e 12 anos, e contar\u00e1 com uma visita ao Museu de Arte Popular da Para\u00edba com conta\u00e7\u00e3o de hist\u00f3rias e distribui\u00e7\u00e3o de livros acess\u00edveis para as crian\u00e7as participantes e, em seguida, almo\u00e7o, gincana, atividades recreativas e esportivas no Instituto dos Cegos de Campina Grande.<\/p>\n<p>Al\u00e9m desta iniciativa, a Comiss\u00e3o de Acessibilidade e Inclus\u00e3o em Ambientes das Bibliotecas do CCBSA da UEPB, junto \u00e0 equipe do Projeto de Extens\u00e3o Rede de Produ\u00e7\u00e3o e Adapta\u00e7\u00e3o de Materiais Informacionais na Biblioteca do C\u00e2mpus V, por meio do Sistema Integrado de Bibliotecas &#8211; SIB Acess\u00edvel, tem empreendido diversas a\u00e7\u00f5es com o objetivo de promover o acesso \u00e0 informa\u00e7\u00e3o e cultura por parte da comunidade acad\u00eamica com defici\u00eancia visual da UEPB.<\/p>\n<p>Nesse sentido, no dia 21 de junho, a equipe vinculada \u00e0 Comiss\u00e3o de Acessibilidade e ao Projeto de Extens\u00e3o, visitou as instala\u00e7\u00f5es do Laborat\u00f3rio de Acessibilidade da Universidade Federal do Rio Grande do Norte (UFRN), o qual \u00e9 parte integrante da Divis\u00e3o de Apoio ao Usu\u00e1rio da Biblioteca Central Zila Mamede, com o intuito de conhecer o desenvolvimento dos trabalhos oferecidos para a comunidade acad\u00eamica com defici\u00eancia visual e aperfei\u00e7oar as a\u00e7\u00f5es oferecidas pelo Projeto de Extens\u00e3o.<\/p>\n<p>De acordo com a bibliotec\u00e1ria do CCBSA, Milena Borges, no hall de refer\u00eancia nacional no atendimento aos usu\u00e1rios deficientes visuais, o Laborat\u00f3rio de Acessibilidade, \u00e9 o setor respons\u00e1vel pela produ\u00e7\u00e3o e adapta\u00e7\u00e3o de textos em formato digital acess\u00edvel, destinados para suporte informacional, com vistas ao desenvolvimento acad\u00eamico dos alunos com limita\u00e7\u00f5es e\/ou dificuldades na leitura impressa.<\/p>\n<p>\u201cA visita \u00e9 uma a\u00e7\u00e3o do Projeto de extens\u00e3o para capacita\u00e7\u00e3o da Rede Brasileira de Estudos e Conte\u00fados Adaptados (REBECA), que \u00e9 uma rede de colabora\u00e7\u00e3o entre Institui\u00e7\u00f5es P\u00fablicas de Ensino Superior, um reposit\u00f3rio de informa\u00e7\u00e3o acess\u00edvel. Al\u00e9m disso, aproveitamos a oportunidade para conhecer como se d\u00e1 o funcionamento do Laborat\u00f3rio de Acessibilidade. A partir dessas visitas t\u00e9cnicas, iremos empreender a\u00e7\u00f5es como a adapta\u00e7\u00e3o de materiais de acordo com as necessidades informacionais dos estudantes, cadastro dos alunos deficientes visuais na REBECA e realiza\u00e7\u00e3o de oficinas de atualiza\u00e7\u00e3o para a utiliza\u00e7\u00e3o deste reposit\u00f3rio acess\u00edvel\u201d, explica Milena.<\/p>\n<p>As a\u00e7\u00f5es do Projeto est\u00e3o vinculadas aos preceitos da Ci\u00eancia Aberta e Cidad\u00e3 por meio da oferta de obras em formato acess\u00edvel, a partir da cria\u00e7\u00e3o de uma estrutura de produ\u00e7\u00e3o e adapta\u00e7\u00e3o de materiais informacionais de maneira controlada, confi\u00e1vel e de boa qualidade.<\/p>\n<p>Texto: Juliana Marques<\/p>\n<p>&nbsp;<\/p>\n","protected":false},"excerpt":{"rendered":"<p>&nbsp; A Comiss\u00e3o de Acessibilidade e Inclus\u00e3o em Ambientes das Bibliotecas do Centro de Ci\u00eancias Biol\u00f3gicas e Sociais Aplicadas (CCBSA) da Universidade Estadual da Para\u00edba (UEPB), em parceria com a Rede de Leitura Inclusiva do Estado da Para\u00edba, com o Instituto dos Cegos de Campina Grande, Funda\u00e7\u00e3o Dorina Nowill para Cegos e Universidade Federal da <a class=\"leiamais\" href=\"https:\/\/centros.uepb.edu.br\/ccbsa\/comissao-de-acessibilidade-e-inclusao-da-uepb-promove-evento-com-criancas-cegas-e-com-baixa-visao-de-campina\/\">Leia Mais&#8230;<\/a><\/p>\n","protected":false},"author":8,"featured_media":9138,"comment_status":"closed","ping_status":"closed","sticky":false,"template":"","format":"standard","meta":{"footnotes":""},"categories":[3,11],"tags":[],"class_list":["post-9137","post","type-post","status-publish","format-standard","has-post-thumbnail","hentry","category-noticias","category-noticias-destaque-img"],"jetpack_featured_media_url":"https:\/\/centros.uepb.edu.br\/ccbsa\/files\/2022\/07\/VISITA-UFRN.jpg","_links":{"self":[{"href":"https:\/\/centros.uepb.edu.br\/ccbsa\/wp-json\/wp\/v2\/posts\/9137","targetHints":{"allow":["GET"]}}],"collection":[{"href":"https:\/\/centros.uepb.edu.br\/ccbsa\/wp-json\/wp\/v2\/posts"}],"about":[{"href":"https:\/\/centros.uepb.edu.br\/ccbsa\/wp-json\/wp\/v2\/types\/post"}],"author":[{"embeddable":true,"href":"https:\/\/centros.uepb.edu.br\/ccbsa\/wp-json\/wp\/v2\/users\/8"}],"replies":[{"embeddable":true,"href":"https:\/\/centros.uepb.edu.br\/ccbsa\/wp-json\/wp\/v2\/comments?post=9137"}],"version-history":[{"count":0,"href":"https:\/\/centros.uepb.edu.br\/ccbsa\/wp-json\/wp\/v2\/posts\/9137\/revisions"}],"wp:featuredmedia":[{"embeddable":true,"href":"https:\/\/centros.uepb.edu.br\/ccbsa\/wp-json\/wp\/v2\/media\/9138"}],"wp:attachment":[{"href":"https:\/\/centros.uepb.edu.br\/ccbsa\/wp-json\/wp\/v2\/media?parent=9137"}],"wp:term":[{"taxonomy":"category","embeddable":true,"href":"https:\/\/centros.uepb.edu.br\/ccbsa\/wp-json\/wp\/v2\/categories?post=9137"},{"taxonomy":"post_tag","embeddable":true,"href":"https:\/\/centros.uepb.edu.br\/ccbsa\/wp-json\/wp\/v2\/tags?post=9137"}],"curies":[{"name":"wp","href":"https:\/\/api.w.org\/{rel}","templated":true}]}}