{"id":9065,"date":"2022-06-20T18:45:36","date_gmt":"2022-06-20T18:45:36","guid":{"rendered":"https:\/\/centros.uepb.edu.br\/ccbsa\/?p=9065"},"modified":"2022-06-20T18:45:36","modified_gmt":"2022-06-20T18:45:36","slug":"dia-mundial-do-refugiado-e-celebrado-na-uepb-com-ciclo-de-debates-promovido-no-campus-de-joao-pessoa","status":"publish","type":"post","link":"https:\/\/centros.uepb.edu.br\/ccbsa\/dia-mundial-do-refugiado-e-celebrado-na-uepb-com-ciclo-de-debates-promovido-no-campus-de-joao-pessoa\/","title":{"rendered":"Dia mundial do refugiado \u00e9 celebrado na UEPB com ciclo de debates promovido no C\u00e2mpus de Jo\u00e3o Pessoa"},"content":{"rendered":"<p><a href=\"https:\/\/centros.uepb.edu.br\/ccbsa\/files\/2022\/06\/IMG_5690OK.jpg\"><img loading=\"lazy\" decoding=\"async\" class=\"aligncenter size-full wp-image-9066 img-responsive\" src=\"https:\/\/centros.uepb.edu.br\/ccbsa\/files\/2022\/06\/IMG_5690OK.jpg\" alt=\"\" width=\"1200\" height=\"680\" srcset=\"https:\/\/centros.uepb.edu.br\/ccbsa\/files\/2022\/06\/IMG_5690OK.jpg 1200w, https:\/\/centros.uepb.edu.br\/ccbsa\/files\/2022\/06\/IMG_5690OK-300x170.jpg 300w, https:\/\/centros.uepb.edu.br\/ccbsa\/files\/2022\/06\/IMG_5690OK-1024x580.jpg 1024w, https:\/\/centros.uepb.edu.br\/ccbsa\/files\/2022\/06\/IMG_5690OK-768x435.jpg 768w\" sizes=\"auto, (max-width: 1200px) 100vw, 1200px\" \/><\/a><\/p>\n<p>Com um pa\u00eds marcado pelo aumento recente no n\u00famero de imigrantes for\u00e7ados e deslocados ambientais que ingressam no territ\u00f3rio nacional buscando fugir de conflitos e guerras, a Para\u00edba tem sido o local de acolhida de muitos venezuelanos, s\u00edrios, dentre outras nacionalidades de refugiados. No \u00e2mbito da Universidade Estadual da Para\u00edba (UEPB) diversas a\u00e7\u00f5es s\u00e3o empreendidas, sobretudo por iniciativa da C\u00e1tedra Sergio Vieira de Mello (CSVM) e do N\u00facleo de Estudo e Pesquisa sobre Deslocados Ambientais (NEPDA). Nesta segunda-feira, 20 de junho, em alus\u00e3o ao Dia Mundial do Refugiado, o N\u00facleo realizou um ciclo de debates, que tamb\u00e9m marca os dez anos de cria\u00e7\u00e3o no NEPDA.<\/p>\n<p>Na ocasi\u00e3o, a coordenadora do NEPDA e da CSVM, professora Andrea Pacheco Pac\u00edfico, apresentou os dados do relat\u00f3rio global da Ag\u00eancia da ONU para refugiados (ACNUR). A professora do curso de Rela\u00e7\u00f5es Internacionais, Giuliana Dias Vieira, apresentou um debate sobre &#8220;A Constru\u00e7\u00e3o dos muros no mundo&#8221;.<\/p>\n<p>Tamb\u00e9m foi realizada uma mesa redonda com uma mostra das pesquisas de gradua\u00e7\u00e3o, Programa Institucional de Bolsas de Inicia\u00e7\u00e3o Cientifica (PIBIC), mestrado e doutorado, desenvolvidas por pesquisadoras vinculadas ao NEPDA. A doutoranda Anna Karollina Lopes apresentou as CSVM no Brasil e as atividades da CSVM na UEPB. Ao final, a coordenadora adjunta do NEPDA, a professora da UnB, Carolina Claro, encerrou o evento.<\/p>\n<p>A professora Andrea Pac\u00edfico evidencia a import\u00e2ncia das a\u00e7\u00f5es empreendidas pela UEPB no atendimento aos refugiados, ap\u00e1tridas e migrantes que chegam \u00e0 Para\u00edba. \u201cA UEPB, atrav\u00e9s da resolu\u00e7\u00e3o CONSUNI\/UEPB\/0303\/2019, garante o ingresso facilitado de imigrantes com visto humanit\u00e1rio, refugiados e ap\u00e1tridas para preencher vagas remanescentes dos cursos de gradua\u00e7\u00e3o. Temos o programa de ensino do portugu\u00eas como l\u00edngua de acolhimento , auxilio na tradu\u00e7\u00e3o de documentos, revalida\u00e7\u00e3o de diplomas, s\u00e3o v\u00e1rias a\u00e7\u00f5es. E hoje, finalmente, depois de dois anos com eventos online realizamos nosso ciclo de debates alusivo ao Dia Mundial do Refugiado de forma presencial para expor as a\u00e7\u00f5es que temos implementado nas nossas diversas \u00e1reas de atua\u00e7\u00e3o\u201d, explica.<\/p>\n<p>O Dia Mundial do Refugiado, celebrado em 20 de junho, busca refor\u00e7ar a mensagem de que todas as pessoas \u2013 n\u00e3o importa quem, onde ou quando \u2013 t\u00eam o direito de serem protegidas contra guerras, persegui\u00e7\u00f5es e viola\u00e7\u00f5es dos seus direitos humanos.<\/p>\n<p><em><strong>Texto e foto<\/strong>: Juliana Marques<\/em><\/p>\n","protected":false},"excerpt":{"rendered":"<p>Com um pa\u00eds marcado pelo aumento recente no n\u00famero de imigrantes for\u00e7ados e deslocados ambientais que ingressam no territ\u00f3rio nacional buscando fugir de conflitos e guerras, a Para\u00edba tem sido o local de acolhida de muitos venezuelanos, s\u00edrios, dentre outras nacionalidades de refugiados. No \u00e2mbito da Universidade Estadual da Para\u00edba (UEPB) diversas a\u00e7\u00f5es s\u00e3o empreendidas, <a class=\"leiamais\" href=\"https:\/\/centros.uepb.edu.br\/ccbsa\/dia-mundial-do-refugiado-e-celebrado-na-uepb-com-ciclo-de-debates-promovido-no-campus-de-joao-pessoa\/\">Leia Mais&#8230;<\/a><\/p>\n","protected":false},"author":8,"featured_media":9066,"comment_status":"closed","ping_status":"closed","sticky":false,"template":"","format":"standard","meta":{"footnotes":""},"categories":[3,11],"tags":[],"class_list":["post-9065","post","type-post","status-publish","format-standard","has-post-thumbnail","hentry","category-noticias","category-noticias-destaque-img"],"jetpack_featured_media_url":"https:\/\/centros.uepb.edu.br\/ccbsa\/files\/2022\/06\/IMG_5690OK.jpg","_links":{"self":[{"href":"https:\/\/centros.uepb.edu.br\/ccbsa\/wp-json\/wp\/v2\/posts\/9065","targetHints":{"allow":["GET"]}}],"collection":[{"href":"https:\/\/centros.uepb.edu.br\/ccbsa\/wp-json\/wp\/v2\/posts"}],"about":[{"href":"https:\/\/centros.uepb.edu.br\/ccbsa\/wp-json\/wp\/v2\/types\/post"}],"author":[{"embeddable":true,"href":"https:\/\/centros.uepb.edu.br\/ccbsa\/wp-json\/wp\/v2\/users\/8"}],"replies":[{"embeddable":true,"href":"https:\/\/centros.uepb.edu.br\/ccbsa\/wp-json\/wp\/v2\/comments?post=9065"}],"version-history":[{"count":0,"href":"https:\/\/centros.uepb.edu.br\/ccbsa\/wp-json\/wp\/v2\/posts\/9065\/revisions"}],"wp:featuredmedia":[{"embeddable":true,"href":"https:\/\/centros.uepb.edu.br\/ccbsa\/wp-json\/wp\/v2\/media\/9066"}],"wp:attachment":[{"href":"https:\/\/centros.uepb.edu.br\/ccbsa\/wp-json\/wp\/v2\/media?parent=9065"}],"wp:term":[{"taxonomy":"category","embeddable":true,"href":"https:\/\/centros.uepb.edu.br\/ccbsa\/wp-json\/wp\/v2\/categories?post=9065"},{"taxonomy":"post_tag","embeddable":true,"href":"https:\/\/centros.uepb.edu.br\/ccbsa\/wp-json\/wp\/v2\/tags?post=9065"}],"curies":[{"name":"wp","href":"https:\/\/api.w.org\/{rel}","templated":true}]}}