{"id":9059,"date":"2022-06-20T16:48:26","date_gmt":"2022-06-20T16:48:26","guid":{"rendered":"https:\/\/centros.uepb.edu.br\/ccbsa\/?p=9059"},"modified":"2022-06-20T16:48:26","modified_gmt":"2022-06-20T16:48:26","slug":"projeto-de-extensao-desenvolve-acoes-de-combate-a-desinformacao-com-docentes-e-estudantes-do-ensino-medio","status":"publish","type":"post","link":"https:\/\/centros.uepb.edu.br\/ccbsa\/projeto-de-extensao-desenvolve-acoes-de-combate-a-desinformacao-com-docentes-e-estudantes-do-ensino-medio\/","title":{"rendered":"Projeto de extens\u00e3o desenvolve a\u00e7\u00f5es de combate \u00e0 desinforma\u00e7\u00e3o com docentes e estudantes do ensino m\u00e9dio"},"content":{"rendered":"\n\t\t<style type=\"text\/css\">\n\t\t\t#gallery-1 {\n\t\t\t\tmargin: auto;\n\t\t\t}\n\t\t\t#gallery-1 .gallery-item {\n\t\t\t\tfloat: left;\n\t\t\t\tmargin-top: 10px;\n\t\t\t\ttext-align: center;\n\t\t\t\twidth: 33%;\n\t\t\t}\n\t\t\t#gallery-1 img {\n\t\t\t\tborder: 2px solid #cfcfcf;\n\t\t\t}\n\t\t\t#gallery-1 .gallery-caption {\n\t\t\t\tmargin-left: 0;\n\t\t\t}\n\t\t\t\/* see gallery_shortcode() in wp-includes\/media.php *\/\n\t\t<\/style>\n\t\t<div id='gallery-1' class='gallery galleryid-9059 gallery-columns-3 gallery-size-full'><dl class='gallery-item'>\n\t\t\t<dt class='gallery-icon landscape'>\n\t\t\t\t<a href='https:\/\/centros.uepb.edu.br\/ccbsa\/files\/2022\/06\/IMG_5618.jpg'><img loading=\"lazy\" decoding=\"async\" width=\"1200\" height=\"884\" src=\"https:\/\/centros.uepb.edu.br\/ccbsa\/files\/2022\/06\/IMG_5618.jpg\" class=\"attachment-full size-full\" alt=\"\" srcset=\"https:\/\/centros.uepb.edu.br\/ccbsa\/files\/2022\/06\/IMG_5618.jpg 1200w, https:\/\/centros.uepb.edu.br\/ccbsa\/files\/2022\/06\/IMG_5618-300x221.jpg 300w, https:\/\/centros.uepb.edu.br\/ccbsa\/files\/2022\/06\/IMG_5618-1024x754.jpg 1024w, https:\/\/centros.uepb.edu.br\/ccbsa\/files\/2022\/06\/IMG_5618-768x566.jpg 768w\" sizes=\"auto, (max-width: 1200px) 100vw, 1200px\" \/><\/a>\n\t\t\t<\/dt><\/dl><dl class='gallery-item'>\n\t\t\t<dt class='gallery-icon landscape'>\n\t\t\t\t<a href='https:\/\/centros.uepb.edu.br\/ccbsa\/files\/2022\/06\/IMG_5541.jpg'><img loading=\"lazy\" decoding=\"async\" width=\"1200\" height=\"935\" src=\"https:\/\/centros.uepb.edu.br\/ccbsa\/files\/2022\/06\/IMG_5541.jpg\" class=\"attachment-full size-full\" alt=\"\" srcset=\"https:\/\/centros.uepb.edu.br\/ccbsa\/files\/2022\/06\/IMG_5541.jpg 1200w, https:\/\/centros.uepb.edu.br\/ccbsa\/files\/2022\/06\/IMG_5541-300x234.jpg 300w, https:\/\/centros.uepb.edu.br\/ccbsa\/files\/2022\/06\/IMG_5541-1024x798.jpg 1024w, https:\/\/centros.uepb.edu.br\/ccbsa\/files\/2022\/06\/IMG_5541-768x598.jpg 768w\" sizes=\"auto, (max-width: 1200px) 100vw, 1200px\" \/><\/a>\n\t\t\t<\/dt><\/dl><dl class='gallery-item'>\n\t\t\t<dt class='gallery-icon landscape'>\n\t\t\t\t<a href='https:\/\/centros.uepb.edu.br\/ccbsa\/files\/2022\/06\/IMG_5518.jpg'><img loading=\"lazy\" decoding=\"async\" width=\"1200\" height=\"680\" src=\"https:\/\/centros.uepb.edu.br\/ccbsa\/files\/2022\/06\/IMG_5518.jpg\" class=\"attachment-full size-full\" alt=\"\" srcset=\"https:\/\/centros.uepb.edu.br\/ccbsa\/files\/2022\/06\/IMG_5518.jpg 1200w, https:\/\/centros.uepb.edu.br\/ccbsa\/files\/2022\/06\/IMG_5518-300x170.jpg 300w, https:\/\/centros.uepb.edu.br\/ccbsa\/files\/2022\/06\/IMG_5518-1024x580.jpg 1024w, https:\/\/centros.uepb.edu.br\/ccbsa\/files\/2022\/06\/IMG_5518-768x435.jpg 768w\" sizes=\"auto, (max-width: 1200px) 100vw, 1200px\" \/><\/a>\n\t\t\t<\/dt><\/dl><br style=\"clear: both\" \/><dl class='gallery-item'>\n\t\t\t<dt class='gallery-icon landscape'>\n\t\t\t\t<a href='https:\/\/centros.uepb.edu.br\/ccbsa\/files\/2022\/06\/IMG_5573.jpg'><img loading=\"lazy\" decoding=\"async\" width=\"1200\" height=\"680\" src=\"https:\/\/centros.uepb.edu.br\/ccbsa\/files\/2022\/06\/IMG_5573.jpg\" class=\"attachment-full size-full\" alt=\"\" srcset=\"https:\/\/centros.uepb.edu.br\/ccbsa\/files\/2022\/06\/IMG_5573.jpg 1200w, https:\/\/centros.uepb.edu.br\/ccbsa\/files\/2022\/06\/IMG_5573-300x170.jpg 300w, https:\/\/centros.uepb.edu.br\/ccbsa\/files\/2022\/06\/IMG_5573-1024x580.jpg 1024w, https:\/\/centros.uepb.edu.br\/ccbsa\/files\/2022\/06\/IMG_5573-768x435.jpg 768w\" sizes=\"auto, (max-width: 1200px) 100vw, 1200px\" \/><\/a>\n\t\t\t<\/dt><\/dl>\n\t\t\t<br style='clear: both' \/>\n\t\t<\/div>\n\n<p>Desinforma\u00e7\u00e3o, p\u00f3s-verdade,<em> fake news<\/em> s\u00e3o as faces de um tempo em que as rela\u00e7\u00f5es entre as pessoas s\u00e3o permeadas por preconceitos, viol\u00eancias, negacionismo e cultura de \u00f3dio, com forte amea\u00e7a \u00e0s democracias e o cerceamento do acesso \u00e0 informa\u00e7\u00e3o factual. Diante dessa conjuntura, o projeto de extens\u00e3o \u201cComunica UEPB: o despertar da consci\u00eancia cr\u00edtica e o combate \u00e0 desinforma\u00e7\u00e3o como a\u00e7\u00f5es de comunica\u00e7\u00e3o extra-muros\u201d, que \u00e9 desenvolvido no C\u00e2mpus V da Universidade Estadual da Para\u00edba (UEPB), tem realizado diversas oficinas que auxiliam no combate \u00e0 desinforma\u00e7\u00e3o e no desenvolvimento da compet\u00eancia cr\u00edtica em informa\u00e7\u00e3o junto \u00e0 popula\u00e7\u00e3o atendida pela iniciativa.<\/p>\n<p>Vinculado ao Programa \u201cDa a\u00e7\u00e3o cidad\u00e3 \u00e0s redes sociais cient\u00edficas: os la\u00e7os e possibilidades da ci\u00eancia aberta na UEPB\u201d, o projeto \u00e9 coordenado pela assessora de comunica\u00e7\u00e3o, que tamb\u00e9m \u00e9 doutoranda em Ci\u00eancia da Informa\u00e7\u00e3o, Juliana Marques, e conta com a participa\u00e7\u00e3o das bibliotec\u00e1rias, Danielle Harlene e Liliane Braga Holanda, dos estudantes do curso de Arquivologia, Douglas Santana e Gabrielle Torres, da doutoranda pelo Programa de P\u00f3s-gradua\u00e7\u00e3o em M\u00eddia e Cotidiano da Universidade Federal Fluminense, Ana Paula Alencar, e do grupo de clown formado por Sales Juan, Caroline Andrade e Carlos Silvio da Silva.<\/p>\n<p>O projeto tamb\u00e9m tem a parceria com o Supremo Tribunal Federal (STF) no \u00e2mbito do Programa de Combate \u00e0 Desinforma\u00e7\u00e3o desenvolvido pela corte junto a diversas entidades, dentre elas a UEPB. A articula\u00e7\u00e3o permite que o p\u00fablico atendido tenha acesso a conte\u00fados digitais e f\u00edsicos produzidos por parceiros com a tem\u00e1tica do enfrentamento \u00e0 desinforma\u00e7\u00e3o e sobre o papel da Suprema Corte na preserva\u00e7\u00e3o do Estado Democr\u00e1tico de Direito.<\/p>\n<p>De acordo com a coordenadora do projeto, j\u00e1 foram realizadas oficinas com estudantes de cursos de gradua\u00e7\u00e3o em Arquivologia, Educa\u00e7\u00e3o, Comunica\u00e7\u00e3o, p\u00f3s-gradua\u00e7\u00e3o em Ci\u00eancia da Informa\u00e7\u00e3o, Educa\u00e7\u00e3o, e agora a iniciativa est\u00e1 voltada para o p\u00fablico do ensino m\u00e9dio. Inicialmente est\u00e1 sendo atendida a Escola Estadual Cidad\u00e3 Integral T\u00e9cnica Prefeito Oswaldo Pessoa, em Jo\u00e3o Pessoa.<\/p>\n<p>\u201cRealizamos oficinas com os professores desta Escola, ministradas por uma pesquisadora que \u00e9 especialista em M\u00eddia, Tecnologia da Informa\u00e7\u00e3o e Novas Pr\u00e1ticas Educacionais, porque quer\u00edamos demonstrar como eles poderiam utilizar o conhecimento da Compet\u00eancia Cr\u00edtica em Informa\u00e7\u00e3o e da Educomunica\u00e7\u00e3o nas atividades de sala de aula. Em paralelo, iniciamos os di\u00e1logos com os estudantes de ensino m\u00e9dio, para que eles entendam o papel dos jovens no enfrentamento \u00e0 realidade de desinforma\u00e7\u00e3o. A perspectiva \u00e9 que eles sejam agentes multiplicadores desses conte\u00fados\u201d, explica Juliana.<\/p>\n<p>Segundo acrescentou Juliana Marques, o conte\u00fado ministrado \u00e9 adaptado ao p\u00fablico atendido, mas, em linhas gerais, apresentam-se os conceitos b\u00e1sicos sobre a desinforma\u00e7\u00e3o e as nuances dessa conjuntura; como identificar <em>fake news<\/em>; a import\u00e2ncia do processo de checagem da informa\u00e7\u00e3o; quais as a\u00e7\u00f5es implementadas para contrapor essa realidade e qual o papel de cada pessoa diante disso. \u201cBuscamos articular o formato das oficinas \u00e0s demandas das pessoas a quem elas se destinam. Ent\u00e3o, no caso das a\u00e7\u00f5es com estudantes do ensino m\u00e9dio, por exemplo, utilizamos din\u00e2micas, uma esquete com um grupo de palha\u00e7os que \u00e9 nosso parceiro, jogos e um momento de conversa. Os elementos l\u00fadicos e de humor nos ajudam a contemplar quest\u00f5es que s\u00e3o delicadas diante de uma realidade que vivenciamos em nosso pa\u00eds, com tanta intransig\u00eancia e falta de di\u00e1logo sobre essas quest\u00f5es\u201d, avalia.<\/p>\n<p>O projeto segue com a\u00e7\u00f5es ao longo do ano e, a partir dos resultados alcan\u00e7ados, pretende-se ampliar a a\u00e7\u00e3o para outras unidades escolares do Estado.<\/p>\n<p><em><strong>Fotos:<\/strong>\u00a0Gabrielle Torres<\/em><\/p>\n","protected":false},"excerpt":{"rendered":"<p>Desinforma\u00e7\u00e3o, p\u00f3s-verdade, fake news s\u00e3o as faces de um tempo em que as rela\u00e7\u00f5es entre as pessoas s\u00e3o permeadas por preconceitos, viol\u00eancias, negacionismo e cultura de \u00f3dio, com forte amea\u00e7a \u00e0s democracias e o cerceamento do acesso \u00e0 informa\u00e7\u00e3o factual. Diante dessa conjuntura, o projeto de extens\u00e3o \u201cComunica UEPB: o despertar da consci\u00eancia cr\u00edtica e <a class=\"leiamais\" href=\"https:\/\/centros.uepb.edu.br\/ccbsa\/projeto-de-extensao-desenvolve-acoes-de-combate-a-desinformacao-com-docentes-e-estudantes-do-ensino-medio\/\">Leia Mais&#8230;<\/a><\/p>\n","protected":false},"author":8,"featured_media":9060,"comment_status":"closed","ping_status":"closed","sticky":false,"template":"","format":"standard","meta":{"footnotes":""},"categories":[3,11],"tags":[],"class_list":["post-9059","post","type-post","status-publish","format-standard","has-post-thumbnail","hentry","category-noticias","category-noticias-destaque-img"],"jetpack_featured_media_url":"https:\/\/centros.uepb.edu.br\/ccbsa\/files\/2022\/06\/IMG_5573.jpg","_links":{"self":[{"href":"https:\/\/centros.uepb.edu.br\/ccbsa\/wp-json\/wp\/v2\/posts\/9059","targetHints":{"allow":["GET"]}}],"collection":[{"href":"https:\/\/centros.uepb.edu.br\/ccbsa\/wp-json\/wp\/v2\/posts"}],"about":[{"href":"https:\/\/centros.uepb.edu.br\/ccbsa\/wp-json\/wp\/v2\/types\/post"}],"author":[{"embeddable":true,"href":"https:\/\/centros.uepb.edu.br\/ccbsa\/wp-json\/wp\/v2\/users\/8"}],"replies":[{"embeddable":true,"href":"https:\/\/centros.uepb.edu.br\/ccbsa\/wp-json\/wp\/v2\/comments?post=9059"}],"version-history":[{"count":0,"href":"https:\/\/centros.uepb.edu.br\/ccbsa\/wp-json\/wp\/v2\/posts\/9059\/revisions"}],"wp:featuredmedia":[{"embeddable":true,"href":"https:\/\/centros.uepb.edu.br\/ccbsa\/wp-json\/wp\/v2\/media\/9060"}],"wp:attachment":[{"href":"https:\/\/centros.uepb.edu.br\/ccbsa\/wp-json\/wp\/v2\/media?parent=9059"}],"wp:term":[{"taxonomy":"category","embeddable":true,"href":"https:\/\/centros.uepb.edu.br\/ccbsa\/wp-json\/wp\/v2\/categories?post=9059"},{"taxonomy":"post_tag","embeddable":true,"href":"https:\/\/centros.uepb.edu.br\/ccbsa\/wp-json\/wp\/v2\/tags?post=9059"}],"curies":[{"name":"wp","href":"https:\/\/api.w.org\/{rel}","templated":true}]}}