{"id":9024,"date":"2022-06-09T20:00:05","date_gmt":"2022-06-09T20:00:05","guid":{"rendered":"https:\/\/centros.uepb.edu.br\/ccbsa\/?p=9024"},"modified":"2022-06-09T20:31:33","modified_gmt":"2022-06-09T20:31:33","slug":"semana-nacional-de-arquivos-conta-com-diversas-atividades-desenvolvidas-no-campus-v-da-uepb","status":"publish","type":"post","link":"https:\/\/centros.uepb.edu.br\/ccbsa\/semana-nacional-de-arquivos-conta-com-diversas-atividades-desenvolvidas-no-campus-v-da-uepb\/","title":{"rendered":"Semana Nacional de Arquivos conta com diversas atividades desenvolvidas no C\u00e2mpus V da UEPB"},"content":{"rendered":"\n\t\t<style type=\"text\/css\">\n\t\t\t#gallery-1 {\n\t\t\t\tmargin: auto;\n\t\t\t}\n\t\t\t#gallery-1 .gallery-item {\n\t\t\t\tfloat: left;\n\t\t\t\tmargin-top: 10px;\n\t\t\t\ttext-align: center;\n\t\t\t\twidth: 33%;\n\t\t\t}\n\t\t\t#gallery-1 img {\n\t\t\t\tborder: 2px solid #cfcfcf;\n\t\t\t}\n\t\t\t#gallery-1 .gallery-caption {\n\t\t\t\tmargin-left: 0;\n\t\t\t}\n\t\t\t\/* see gallery_shortcode() in wp-includes\/media.php *\/\n\t\t<\/style>\n\t\t<div id='gallery-1' class='gallery galleryid-9024 gallery-columns-3 gallery-size-full'><dl class='gallery-item'>\n\t\t\t<dt class='gallery-icon landscape'>\n\t\t\t\t<a href='https:\/\/centros.uepb.edu.br\/ccbsa\/files\/2022\/06\/IMG_5410.jpg'><img loading=\"lazy\" decoding=\"async\" width=\"1200\" height=\"680\" src=\"https:\/\/centros.uepb.edu.br\/ccbsa\/files\/2022\/06\/IMG_5410.jpg\" class=\"attachment-full size-full\" alt=\"\" srcset=\"https:\/\/centros.uepb.edu.br\/ccbsa\/files\/2022\/06\/IMG_5410.jpg 1200w, https:\/\/centros.uepb.edu.br\/ccbsa\/files\/2022\/06\/IMG_5410-300x170.jpg 300w, https:\/\/centros.uepb.edu.br\/ccbsa\/files\/2022\/06\/IMG_5410-1024x580.jpg 1024w, https:\/\/centros.uepb.edu.br\/ccbsa\/files\/2022\/06\/IMG_5410-768x435.jpg 768w\" sizes=\"auto, (max-width: 1200px) 100vw, 1200px\" \/><\/a>\n\t\t\t<\/dt><\/dl><dl class='gallery-item'>\n\t\t\t<dt class='gallery-icon landscape'>\n\t\t\t\t<a href='https:\/\/centros.uepb.edu.br\/ccbsa\/files\/2022\/06\/IMG_5403.jpg'><img loading=\"lazy\" decoding=\"async\" width=\"1200\" height=\"800\" src=\"https:\/\/centros.uepb.edu.br\/ccbsa\/files\/2022\/06\/IMG_5403.jpg\" class=\"attachment-full size-full\" alt=\"\" srcset=\"https:\/\/centros.uepb.edu.br\/ccbsa\/files\/2022\/06\/IMG_5403.jpg 1200w, https:\/\/centros.uepb.edu.br\/ccbsa\/files\/2022\/06\/IMG_5403-300x200.jpg 300w, https:\/\/centros.uepb.edu.br\/ccbsa\/files\/2022\/06\/IMG_5403-1024x683.jpg 1024w, https:\/\/centros.uepb.edu.br\/ccbsa\/files\/2022\/06\/IMG_5403-768x512.jpg 768w\" sizes=\"auto, (max-width: 1200px) 100vw, 1200px\" \/><\/a>\n\t\t\t<\/dt><\/dl><dl class='gallery-item'>\n\t\t\t<dt class='gallery-icon landscape'>\n\t\t\t\t<a href='https:\/\/centros.uepb.edu.br\/ccbsa\/files\/2022\/06\/IMG_5370.jpg'><img loading=\"lazy\" decoding=\"async\" width=\"1200\" height=\"800\" src=\"https:\/\/centros.uepb.edu.br\/ccbsa\/files\/2022\/06\/IMG_5370.jpg\" class=\"attachment-full size-full\" alt=\"\" srcset=\"https:\/\/centros.uepb.edu.br\/ccbsa\/files\/2022\/06\/IMG_5370.jpg 1200w, https:\/\/centros.uepb.edu.br\/ccbsa\/files\/2022\/06\/IMG_5370-300x200.jpg 300w, https:\/\/centros.uepb.edu.br\/ccbsa\/files\/2022\/06\/IMG_5370-1024x683.jpg 1024w, https:\/\/centros.uepb.edu.br\/ccbsa\/files\/2022\/06\/IMG_5370-768x512.jpg 768w\" sizes=\"auto, (max-width: 1200px) 100vw, 1200px\" \/><\/a>\n\t\t\t<\/dt><\/dl><br style=\"clear: both\" \/><dl class='gallery-item'>\n\t\t\t<dt class='gallery-icon landscape'>\n\t\t\t\t<a href='https:\/\/centros.uepb.edu.br\/ccbsa\/files\/2022\/06\/IMG_5436.jpg'><img loading=\"lazy\" decoding=\"async\" width=\"1200\" height=\"741\" src=\"https:\/\/centros.uepb.edu.br\/ccbsa\/files\/2022\/06\/IMG_5436.jpg\" class=\"attachment-full size-full\" alt=\"\" srcset=\"https:\/\/centros.uepb.edu.br\/ccbsa\/files\/2022\/06\/IMG_5436.jpg 1200w, https:\/\/centros.uepb.edu.br\/ccbsa\/files\/2022\/06\/IMG_5436-300x185.jpg 300w, https:\/\/centros.uepb.edu.br\/ccbsa\/files\/2022\/06\/IMG_5436-1024x632.jpg 1024w, https:\/\/centros.uepb.edu.br\/ccbsa\/files\/2022\/06\/IMG_5436-768x474.jpg 768w\" sizes=\"auto, (max-width: 1200px) 100vw, 1200px\" \/><\/a>\n\t\t\t<\/dt><\/dl><dl class='gallery-item'>\n\t\t\t<dt class='gallery-icon landscape'>\n\t\t\t\t<a href='https:\/\/centros.uepb.edu.br\/ccbsa\/files\/2022\/06\/IMG_5441.jpg'><img loading=\"lazy\" decoding=\"async\" width=\"1200\" height=\"646\" src=\"https:\/\/centros.uepb.edu.br\/ccbsa\/files\/2022\/06\/IMG_5441.jpg\" class=\"attachment-full size-full\" alt=\"\" srcset=\"https:\/\/centros.uepb.edu.br\/ccbsa\/files\/2022\/06\/IMG_5441.jpg 1200w, https:\/\/centros.uepb.edu.br\/ccbsa\/files\/2022\/06\/IMG_5441-300x162.jpg 300w, https:\/\/centros.uepb.edu.br\/ccbsa\/files\/2022\/06\/IMG_5441-1024x551.jpg 1024w, https:\/\/centros.uepb.edu.br\/ccbsa\/files\/2022\/06\/IMG_5441-768x413.jpg 768w\" sizes=\"auto, (max-width: 1200px) 100vw, 1200px\" \/><\/a>\n\t\t\t<\/dt><\/dl><dl class='gallery-item'>\n\t\t\t<dt class='gallery-icon landscape'>\n\t\t\t\t<a href='https:\/\/centros.uepb.edu.br\/ccbsa\/files\/2022\/06\/IMG_5414.jpg'><img loading=\"lazy\" decoding=\"async\" width=\"1200\" height=\"921\" src=\"https:\/\/centros.uepb.edu.br\/ccbsa\/files\/2022\/06\/IMG_5414.jpg\" class=\"attachment-full size-full\" alt=\"\" srcset=\"https:\/\/centros.uepb.edu.br\/ccbsa\/files\/2022\/06\/IMG_5414.jpg 1200w, https:\/\/centros.uepb.edu.br\/ccbsa\/files\/2022\/06\/IMG_5414-300x230.jpg 300w, https:\/\/centros.uepb.edu.br\/ccbsa\/files\/2022\/06\/IMG_5414-1024x786.jpg 1024w, https:\/\/centros.uepb.edu.br\/ccbsa\/files\/2022\/06\/IMG_5414-768x589.jpg 768w\" sizes=\"auto, (max-width: 1200px) 100vw, 1200px\" \/><\/a>\n\t\t\t<\/dt><\/dl><br style=\"clear: both\" \/><dl class='gallery-item'>\n\t\t\t<dt class='gallery-icon landscape'>\n\t\t\t\t<a href='https:\/\/centros.uepb.edu.br\/ccbsa\/files\/2022\/06\/IMG_5420.jpg'><img loading=\"lazy\" decoding=\"async\" width=\"1200\" height=\"800\" src=\"https:\/\/centros.uepb.edu.br\/ccbsa\/files\/2022\/06\/IMG_5420.jpg\" class=\"attachment-full size-full\" alt=\"\" srcset=\"https:\/\/centros.uepb.edu.br\/ccbsa\/files\/2022\/06\/IMG_5420.jpg 1200w, https:\/\/centros.uepb.edu.br\/ccbsa\/files\/2022\/06\/IMG_5420-300x200.jpg 300w, https:\/\/centros.uepb.edu.br\/ccbsa\/files\/2022\/06\/IMG_5420-1024x683.jpg 1024w, https:\/\/centros.uepb.edu.br\/ccbsa\/files\/2022\/06\/IMG_5420-768x512.jpg 768w\" sizes=\"auto, (max-width: 1200px) 100vw, 1200px\" \/><\/a>\n\t\t\t<\/dt><\/dl><dl class='gallery-item'>\n\t\t\t<dt class='gallery-icon landscape'>\n\t\t\t\t<a href='https:\/\/centros.uepb.edu.br\/ccbsa\/files\/2022\/06\/IMG_5426.jpg'><img loading=\"lazy\" decoding=\"async\" width=\"1200\" height=\"797\" src=\"https:\/\/centros.uepb.edu.br\/ccbsa\/files\/2022\/06\/IMG_5426.jpg\" class=\"attachment-full size-full\" alt=\"\" srcset=\"https:\/\/centros.uepb.edu.br\/ccbsa\/files\/2022\/06\/IMG_5426.jpg 1200w, https:\/\/centros.uepb.edu.br\/ccbsa\/files\/2022\/06\/IMG_5426-300x199.jpg 300w, https:\/\/centros.uepb.edu.br\/ccbsa\/files\/2022\/06\/IMG_5426-1024x680.jpg 1024w, https:\/\/centros.uepb.edu.br\/ccbsa\/files\/2022\/06\/IMG_5426-768x510.jpg 768w\" sizes=\"auto, (max-width: 1200px) 100vw, 1200px\" \/><\/a>\n\t\t\t<\/dt><\/dl><dl class='gallery-item'>\n\t\t\t<dt class='gallery-icon landscape'>\n\t\t\t\t<a href='https:\/\/centros.uepb.edu.br\/ccbsa\/files\/2022\/06\/IMG_5428.jpg'><img loading=\"lazy\" decoding=\"async\" width=\"1200\" height=\"899\" src=\"https:\/\/centros.uepb.edu.br\/ccbsa\/files\/2022\/06\/IMG_5428.jpg\" class=\"attachment-full size-full\" alt=\"\" srcset=\"https:\/\/centros.uepb.edu.br\/ccbsa\/files\/2022\/06\/IMG_5428.jpg 1200w, https:\/\/centros.uepb.edu.br\/ccbsa\/files\/2022\/06\/IMG_5428-300x225.jpg 300w, https:\/\/centros.uepb.edu.br\/ccbsa\/files\/2022\/06\/IMG_5428-1024x767.jpg 1024w, https:\/\/centros.uepb.edu.br\/ccbsa\/files\/2022\/06\/IMG_5428-768x575.jpg 768w\" sizes=\"auto, (max-width: 1200px) 100vw, 1200px\" \/><\/a>\n\t\t\t<\/dt><\/dl><br style=\"clear: both\" \/><dl class='gallery-item'>\n\t\t\t<dt class='gallery-icon landscape'>\n\t\t\t\t<a href='https:\/\/centros.uepb.edu.br\/ccbsa\/files\/2022\/06\/WhatsApp-Image-2022-06-09-at-17.26.11.jpeg'><img loading=\"lazy\" decoding=\"async\" width=\"1600\" height=\"1200\" src=\"https:\/\/centros.uepb.edu.br\/ccbsa\/files\/2022\/06\/WhatsApp-Image-2022-06-09-at-17.26.11.jpeg\" class=\"attachment-full size-full\" alt=\"\" srcset=\"https:\/\/centros.uepb.edu.br\/ccbsa\/files\/2022\/06\/WhatsApp-Image-2022-06-09-at-17.26.11.jpeg 1600w, https:\/\/centros.uepb.edu.br\/ccbsa\/files\/2022\/06\/WhatsApp-Image-2022-06-09-at-17.26.11-300x225.jpeg 300w, https:\/\/centros.uepb.edu.br\/ccbsa\/files\/2022\/06\/WhatsApp-Image-2022-06-09-at-17.26.11-1024x768.jpeg 1024w, https:\/\/centros.uepb.edu.br\/ccbsa\/files\/2022\/06\/WhatsApp-Image-2022-06-09-at-17.26.11-768x576.jpeg 768w, https:\/\/centros.uepb.edu.br\/ccbsa\/files\/2022\/06\/WhatsApp-Image-2022-06-09-at-17.26.11-1536x1152.jpeg 1536w\" sizes=\"auto, (max-width: 1600px) 100vw, 1600px\" \/><\/a>\n\t\t\t<\/dt><\/dl>\n\t\t\t<br style='clear: both' \/>\n\t\t<\/div>\n\n<p>Di\u00e1logos sobre o papel da arquiv\u00edstica na gest\u00e3o contempor\u00e2nea, a import\u00e2ncia da mem\u00f3ria para a sociedade e a necessidade de visibilidade para os arquivos, marcaram as atividades alusivas \u00e0 Semana Nacional de Arquivos (SNA), que nesta edi\u00e7\u00e3o volta a ocorrer de forma presencial com um evento no C\u00e2mpus V da Universidade Estadual da Para\u00edba (UEPB).<\/p>\n<p>Na manh\u00e3 da quarta-feira (8) foi realizada a mesa \u201cGovernan\u00e7a Arquiv\u00edstica: O Papel do Arquivo P\u00fablico Estadual na Gest\u00e3o Governamental\u201d, promovida pelo Arquivo P\u00fablico do Estado da Para\u00edba. A atividade contou com a participa\u00e7\u00e3o do deputado estadual Raniery Paulino, do professor do curso de Arquivologia da UEPB Josemar Henrique de Melo e media\u00e7\u00e3o da diretora do Arquivo P\u00fablico do Estado da Para\u00edba, Naiany Carneiro.<\/p>\n<p>Na oportunidade, o professor Josemar Henrique, que \u00e9 representante da sociedade civil no Conselho Municipal de Transpar\u00eancia P\u00fablica e Combate \u00e0 Corrup\u00e7\u00e3o (CMTPCC), dialogou sobre a import\u00e2ncia do Arquivo P\u00fablico para a gest\u00e3o das organiza\u00e7\u00f5es. A arquivista Naiany Carneiro apresentou algumas demandas do Arquivo P\u00fablico do Estado da Para\u00edba, e refor\u00e7ou a necessidade de aproxima\u00e7\u00e3o entre os agentes p\u00fablicos e os profissionais de Arquivo para a efetiva\u00e7\u00e3o de pol\u00edticas p\u00fablicas importantes de governan\u00e7a.<\/p>\n<p>O deputado Raniery Paulino enalteceu a import\u00e2ncia das pol\u00edticas arquiv\u00edsticas para a preserva\u00e7\u00e3o da mem\u00f3ria. \u201cUma das minhas bandeiras de luta \u00e9 a consolida\u00e7\u00e3o e o fortalecimento da Universidade Estadual da Para\u00edba, \u00e9 um patrim\u00f4nio educacional que n\u00f3s temos. E associado a isso, tenho apoiado a comunidade do curso de Arquivologia porque entendo que preservar a mem\u00f3ria \u00e9 garantir que os atos p\u00fablicos sejam salvaguardados de maneira adequada, sobretudo para a preserva\u00e7\u00e3o daqueles eventos hist\u00f3ricos. E esNacional de Arquivos chama a aten\u00e7\u00e3o para essa pauta t\u00e3o relevante\u201d, avalia.<\/p>\n<p>Nesta quinta-feira (9), dia internacional dos arquivos, o bacharelado em Arquivologia da UEPB realizou a entrega da <a href=\"https:\/\/centros.uepb.edu.br\/ccbsa\/download\/premiacao-jovem-arquivista-2019-2020\/\">Premia\u00e7\u00e3o do Concurso Jovem Arquivista- UEPB 2020 e 2021<\/a>. Receberam o pr\u00eamio de 1\u00ba, 2\u00ba e 3\u00ba lugar do ano de 2019, respectivamente, os estudantes: Vitor Hugo Teixeira, Everaldo Oliveira e Cynthia Nascimento, e Karla da Silva, Milena de Lima e Thiago da Silva, premiados com o 1\u00ba, 2\u00ba e 3\u00ba lugar do ano de 2020, respectivamente.<\/p>\n<p>O egresso do curso de Arquivologia, Vitor Hugo Teixeira, aproveitou o momento para <a href=\"https:\/\/centros.uepb.edu.br\/ccbsa\/download\/discurso-jovem-arquivista-2022\/\">apresentar um reflex\u00e3o<\/a> sobre\u00a0 a tem\u00e1tica desta edi\u00e7\u00e3o do evento e discorrer sobre a rela\u00e7\u00e3o estabelecida entre a atua\u00e7\u00e3o arquiv\u00edstica e a conjuntura pol\u00edtica nacional.<\/p>\n<p>\u201cEsta cerim\u00f4nia ocorre diante do an\u00fancio recente do corte de 3,23 bilh\u00f5es de reais do Minist\u00e9rio da Educa\u00e7\u00e3o pelo Governo Federal; em meio a um governo que desrespeitou a democracia ao nomear interventores, para mais de 20 institui\u00e7\u00f5es de educa\u00e7\u00e3o (&#8230;) Mas, em meio a tantas dificuldades, o Pr\u00eamio Jovem Arquivista tem como objetivo destacar e difundir os trabalhos de conclus\u00e3o do curso de Arquivologia, escolher o trabalho que possa representar a UEPB em concursos externos e incentivar os estudantes para a inicia\u00e7\u00e3o cient\u00edfica. E se, mesmo diante desse cen\u00e1rio, a Arquivologia paraibana insiste em manter essa iniciativa, \u00e9 porque conseguiu consolidar, entre seus pares, a no\u00e7\u00e3o de seu valor\u201d, avalia Vitor Hugo.<\/p>\n<p>Ap\u00f3s a entrega das premia\u00e7\u00f5es foi realizada a palestra \u201cViv\u00eancias e conviv\u00eancias nos arquivos: relato de experi\u00eancia do Procon-PB\u201d, com o Gerente de instru\u00e7\u00e3o processual e cartorial Emannuel Arantes Lima Silva, a professora da UFPB, Julianne Teixeira e Silva e media\u00e7\u00e3o da professora Eliete Correia dos Santos. Os participantes da referida mesa compartilharam com a comunidade arquiv\u00edstica presente no evento o relato da trajet\u00f3ria desenvolvida em parceria com o Procon-PB. Na sequ\u00eancia, ocorreu a palestra \u201cViv\u00eancias e conviv\u00eancias nos arquivos: relato de experi\u00eancia na Funda\u00e7\u00e3o Casa de Jos\u00e9 Am\u00e9rico\u201d, a ser ministrada pela Gerente Executiva de Documenta\u00e7\u00e3o e Arquivo, professora L\u00facia de F\u00e1tima Guerra Ferreira e media\u00e7\u00e3o da professora da UEPB, B\u00e1rbara Carvalho Diniz e do arquivista da UEPB, Rafael Melo Gomes de Ara\u00fajo.<\/p>\n\n\t\t<style type=\"text\/css\">\n\t\t\t#gallery-2 {\n\t\t\t\tmargin: auto;\n\t\t\t}\n\t\t\t#gallery-2 .gallery-item {\n\t\t\t\tfloat: left;\n\t\t\t\tmargin-top: 10px;\n\t\t\t\ttext-align: center;\n\t\t\t\twidth: 33%;\n\t\t\t}\n\t\t\t#gallery-2 img {\n\t\t\t\tborder: 2px solid #cfcfcf;\n\t\t\t}\n\t\t\t#gallery-2 .gallery-caption {\n\t\t\t\tmargin-left: 0;\n\t\t\t}\n\t\t\t\/* see gallery_shortcode() in wp-includes\/media.php *\/\n\t\t<\/style>\n\t\t<div id='gallery-2' class='gallery galleryid-9024 gallery-columns-3 gallery-size-full'><dl class='gallery-item'>\n\t\t\t<dt class='gallery-icon landscape'>\n\t\t\t\t<a href='https:\/\/centros.uepb.edu.br\/ccbsa\/files\/2022\/06\/WhatsApp-Image-2022-06-09-at-17.28.19.jpeg'><img loading=\"lazy\" decoding=\"async\" width=\"1599\" height=\"738\" src=\"https:\/\/centros.uepb.edu.br\/ccbsa\/files\/2022\/06\/WhatsApp-Image-2022-06-09-at-17.28.19.jpeg\" class=\"attachment-full size-full\" alt=\"\" srcset=\"https:\/\/centros.uepb.edu.br\/ccbsa\/files\/2022\/06\/WhatsApp-Image-2022-06-09-at-17.28.19.jpeg 1599w, https:\/\/centros.uepb.edu.br\/ccbsa\/files\/2022\/06\/WhatsApp-Image-2022-06-09-at-17.28.19-300x138.jpeg 300w, https:\/\/centros.uepb.edu.br\/ccbsa\/files\/2022\/06\/WhatsApp-Image-2022-06-09-at-17.28.19-1024x473.jpeg 1024w, https:\/\/centros.uepb.edu.br\/ccbsa\/files\/2022\/06\/WhatsApp-Image-2022-06-09-at-17.28.19-768x354.jpeg 768w, https:\/\/centros.uepb.edu.br\/ccbsa\/files\/2022\/06\/WhatsApp-Image-2022-06-09-at-17.28.19-1536x709.jpeg 1536w\" sizes=\"auto, (max-width: 1599px) 100vw, 1599px\" \/><\/a>\n\t\t\t<\/dt><\/dl><dl class='gallery-item'>\n\t\t\t<dt class='gallery-icon landscape'>\n\t\t\t\t<a href='https:\/\/centros.uepb.edu.br\/ccbsa\/files\/2022\/06\/WhatsApp-Image-2022-06-09-at-17.28.40.jpeg'><img loading=\"lazy\" decoding=\"async\" width=\"1288\" height=\"594\" src=\"https:\/\/centros.uepb.edu.br\/ccbsa\/files\/2022\/06\/WhatsApp-Image-2022-06-09-at-17.28.40.jpeg\" class=\"attachment-full size-full\" alt=\"\" srcset=\"https:\/\/centros.uepb.edu.br\/ccbsa\/files\/2022\/06\/WhatsApp-Image-2022-06-09-at-17.28.40.jpeg 1288w, https:\/\/centros.uepb.edu.br\/ccbsa\/files\/2022\/06\/WhatsApp-Image-2022-06-09-at-17.28.40-300x138.jpeg 300w, https:\/\/centros.uepb.edu.br\/ccbsa\/files\/2022\/06\/WhatsApp-Image-2022-06-09-at-17.28.40-1024x472.jpeg 1024w, https:\/\/centros.uepb.edu.br\/ccbsa\/files\/2022\/06\/WhatsApp-Image-2022-06-09-at-17.28.40-768x354.jpeg 768w\" sizes=\"auto, (max-width: 1288px) 100vw, 1288px\" \/><\/a>\n\t\t\t<\/dt><\/dl><dl class='gallery-item'>\n\t\t\t<dt class='gallery-icon landscape'>\n\t\t\t\t<a href='https:\/\/centros.uepb.edu.br\/ccbsa\/files\/2022\/06\/WhatsApp-Image-2022-06-09-at-17.28.41.jpeg'><img loading=\"lazy\" decoding=\"async\" width=\"1288\" height=\"594\" src=\"https:\/\/centros.uepb.edu.br\/ccbsa\/files\/2022\/06\/WhatsApp-Image-2022-06-09-at-17.28.41.jpeg\" class=\"attachment-full size-full\" alt=\"\" srcset=\"https:\/\/centros.uepb.edu.br\/ccbsa\/files\/2022\/06\/WhatsApp-Image-2022-06-09-at-17.28.41.jpeg 1288w, https:\/\/centros.uepb.edu.br\/ccbsa\/files\/2022\/06\/WhatsApp-Image-2022-06-09-at-17.28.41-300x138.jpeg 300w, https:\/\/centros.uepb.edu.br\/ccbsa\/files\/2022\/06\/WhatsApp-Image-2022-06-09-at-17.28.41-1024x472.jpeg 1024w, https:\/\/centros.uepb.edu.br\/ccbsa\/files\/2022\/06\/WhatsApp-Image-2022-06-09-at-17.28.41-768x354.jpeg 768w\" sizes=\"auto, (max-width: 1288px) 100vw, 1288px\" \/><\/a>\n\t\t\t<\/dt><\/dl><br style=\"clear: both\" \/><dl class='gallery-item'>\n\t\t\t<dt class='gallery-icon portrait'>\n\t\t\t\t<a href='https:\/\/centros.uepb.edu.br\/ccbsa\/files\/2022\/06\/WhatsApp-Image-2022-06-09-at-17.28.49.jpeg'><img loading=\"lazy\" decoding=\"async\" width=\"594\" height=\"1288\" src=\"https:\/\/centros.uepb.edu.br\/ccbsa\/files\/2022\/06\/WhatsApp-Image-2022-06-09-at-17.28.49.jpeg\" class=\"attachment-full size-full\" alt=\"\" srcset=\"https:\/\/centros.uepb.edu.br\/ccbsa\/files\/2022\/06\/WhatsApp-Image-2022-06-09-at-17.28.49.jpeg 594w, https:\/\/centros.uepb.edu.br\/ccbsa\/files\/2022\/06\/WhatsApp-Image-2022-06-09-at-17.28.49-138x300.jpeg 138w, https:\/\/centros.uepb.edu.br\/ccbsa\/files\/2022\/06\/WhatsApp-Image-2022-06-09-at-17.28.49-472x1024.jpeg 472w\" sizes=\"auto, (max-width: 594px) 100vw, 594px\" \/><\/a>\n\t\t\t<\/dt><\/dl>\n\t\t\t<br style='clear: both' \/>\n\t\t<\/div>\n\n<p>No turno da tarde no Laborat\u00f3rio de Conserva\u00e7\u00e3o, Restaura\u00e7\u00e3o e Encaderna\u00e7\u00e3o da UEPB (Lacre), foi realizada a oficina \u201cIntrodu\u00e7\u00e3o ao processamento t\u00e9cnico para conserva\u00e7\u00e3o de documentos em suporte de papel\u201d, ministrada pela professora da UFPB, Maria Meriane Vieira Rocha e pela professora da UEPB, Ismaelly Batista dos Santos. E \u00e0 noite, a partir das 19h, no audit\u00f3rio Pioneiros, a sequ\u00eancia de atividades na UEPB \u00e9 encerrada com a palestra \u201cViv\u00eancias e conviv\u00eancias do\/com digital: a experi\u00eancia na Empresa Solu\u00e7\u00f5es Digitais\u201d, com o representante da Empresa Solu\u00e7\u00f5es Digitais, Daniel Falc\u00e3o e media\u00e7\u00e3o do professor da UEPB Josemar Henrique de Melo.<\/p>\n<p>A 6\u00aa Semana Nacional de Arquivos conta com uma programa\u00e7\u00e3o em todo o pa\u00eds articulada \u00a0\u00e0 tem\u00e1tica #SomosArquivo, que \u00e9 um convite \u00e0s organiza\u00e7\u00f5es e profissionais de arquivo do pa\u00eds para a dialogar sobre o que significa atuar nos arquivos e o que seus acervos realmente refletem: hist\u00f3rias. De acordo com a coordenadora do bacharelado em Arquivologia da UEPB, professora Eliete Correia dos Santos o tema do evento suscita reflex\u00f5es sobre as possibilidades de identificar a sociedade a partir das narrativas presentes nos arquivos que podem ser definidos como lugares de mem\u00f3ria e, tamb\u00e9m, espa\u00e7os de di\u00e1logo.<\/p>\n<p>Texto : Juliana Marques<\/p>\n<p>&nbsp;<\/p>\n","protected":false},"excerpt":{"rendered":"<p>Di\u00e1logos sobre o papel da arquiv\u00edstica na gest\u00e3o contempor\u00e2nea, a import\u00e2ncia da mem\u00f3ria para a sociedade e a necessidade de visibilidade para os arquivos, marcaram as atividades alusivas \u00e0 Semana Nacional de Arquivos (SNA), que nesta edi\u00e7\u00e3o volta a ocorrer de forma presencial com um evento no C\u00e2mpus V da Universidade Estadual da Para\u00edba (UEPB). <a class=\"leiamais\" href=\"https:\/\/centros.uepb.edu.br\/ccbsa\/semana-nacional-de-arquivos-conta-com-diversas-atividades-desenvolvidas-no-campus-v-da-uepb\/\">Leia Mais&#8230;<\/a><\/p>\n","protected":false},"author":8,"featured_media":9034,"comment_status":"closed","ping_status":"closed","sticky":false,"template":"","format":"standard","meta":{"footnotes":""},"categories":[3,11],"tags":[],"class_list":["post-9024","post","type-post","status-publish","format-standard","has-post-thumbnail","hentry","category-noticias","category-noticias-destaque-img"],"jetpack_featured_media_url":"https:\/\/centros.uepb.edu.br\/ccbsa\/files\/2022\/06\/IMG_5410-1.jpg","_links":{"self":[{"href":"https:\/\/centros.uepb.edu.br\/ccbsa\/wp-json\/wp\/v2\/posts\/9024","targetHints":{"allow":["GET"]}}],"collection":[{"href":"https:\/\/centros.uepb.edu.br\/ccbsa\/wp-json\/wp\/v2\/posts"}],"about":[{"href":"https:\/\/centros.uepb.edu.br\/ccbsa\/wp-json\/wp\/v2\/types\/post"}],"author":[{"embeddable":true,"href":"https:\/\/centros.uepb.edu.br\/ccbsa\/wp-json\/wp\/v2\/users\/8"}],"replies":[{"embeddable":true,"href":"https:\/\/centros.uepb.edu.br\/ccbsa\/wp-json\/wp\/v2\/comments?post=9024"}],"version-history":[{"count":0,"href":"https:\/\/centros.uepb.edu.br\/ccbsa\/wp-json\/wp\/v2\/posts\/9024\/revisions"}],"wp:featuredmedia":[{"embeddable":true,"href":"https:\/\/centros.uepb.edu.br\/ccbsa\/wp-json\/wp\/v2\/media\/9034"}],"wp:attachment":[{"href":"https:\/\/centros.uepb.edu.br\/ccbsa\/wp-json\/wp\/v2\/media?parent=9024"}],"wp:term":[{"taxonomy":"category","embeddable":true,"href":"https:\/\/centros.uepb.edu.br\/ccbsa\/wp-json\/wp\/v2\/categories?post=9024"},{"taxonomy":"post_tag","embeddable":true,"href":"https:\/\/centros.uepb.edu.br\/ccbsa\/wp-json\/wp\/v2\/tags?post=9024"}],"curies":[{"name":"wp","href":"https:\/\/api.w.org\/{rel}","templated":true}]}}