{"id":9010,"date":"2022-06-06T18:51:18","date_gmt":"2022-06-06T18:51:18","guid":{"rendered":"https:\/\/centros.uepb.edu.br\/ccbsa\/?p=9010"},"modified":"2022-06-08T14:53:46","modified_gmt":"2022-06-08T14:53:46","slug":"projeto-vivencias-em-acoes-legislativas-retoma-atividades-nas-camaras-municipais-do-brejo-paraibano","status":"publish","type":"post","link":"https:\/\/centros.uepb.edu.br\/ccbsa\/projeto-vivencias-em-acoes-legislativas-retoma-atividades-nas-camaras-municipais-do-brejo-paraibano\/","title":{"rendered":"Projeto Viv\u00eancias em A\u00e7\u00f5es Legislativas retoma atividades nas c\u00e2maras municipais do Brejo paraibano"},"content":{"rendered":"<p>&nbsp;<\/p>\n\n\t\t<style type=\"text\/css\">\n\t\t\t#gallery-1 {\n\t\t\t\tmargin: auto;\n\t\t\t}\n\t\t\t#gallery-1 .gallery-item {\n\t\t\t\tfloat: left;\n\t\t\t\tmargin-top: 10px;\n\t\t\t\ttext-align: center;\n\t\t\t\twidth: 33%;\n\t\t\t}\n\t\t\t#gallery-1 img {\n\t\t\t\tborder: 2px solid #cfcfcf;\n\t\t\t}\n\t\t\t#gallery-1 .gallery-caption {\n\t\t\t\tmargin-left: 0;\n\t\t\t}\n\t\t\t\/* see gallery_shortcode() in wp-includes\/media.php *\/\n\t\t<\/style>\n\t\t<div id='gallery-1' class='gallery galleryid-9010 gallery-columns-3 gallery-size-full'><dl class='gallery-item'>\n\t\t\t<dt class='gallery-icon landscape'>\n\t\t\t\t<a href='https:\/\/centros.uepb.edu.br\/ccbsa\/files\/2022\/06\/VIVENCIAS-1.jpg'><img loading=\"lazy\" decoding=\"async\" width=\"1200\" height=\"680\" src=\"https:\/\/centros.uepb.edu.br\/ccbsa\/files\/2022\/06\/VIVENCIAS-1.jpg\" class=\"attachment-full size-full\" alt=\"\" srcset=\"https:\/\/centros.uepb.edu.br\/ccbsa\/files\/2022\/06\/VIVENCIAS-1.jpg 1200w, https:\/\/centros.uepb.edu.br\/ccbsa\/files\/2022\/06\/VIVENCIAS-1-300x170.jpg 300w, https:\/\/centros.uepb.edu.br\/ccbsa\/files\/2022\/06\/VIVENCIAS-1-1024x580.jpg 1024w, https:\/\/centros.uepb.edu.br\/ccbsa\/files\/2022\/06\/VIVENCIAS-1-768x435.jpg 768w\" sizes=\"auto, (max-width: 1200px) 100vw, 1200px\" \/><\/a>\n\t\t\t<\/dt><\/dl><dl class='gallery-item'>\n\t\t\t<dt class='gallery-icon landscape'>\n\t\t\t\t<a href='https:\/\/centros.uepb.edu.br\/ccbsa\/files\/2022\/06\/VIVENCIAS-4.jpg'><img loading=\"lazy\" decoding=\"async\" width=\"1200\" height=\"935\" src=\"https:\/\/centros.uepb.edu.br\/ccbsa\/files\/2022\/06\/VIVENCIAS-4.jpg\" class=\"attachment-full size-full\" alt=\"\" srcset=\"https:\/\/centros.uepb.edu.br\/ccbsa\/files\/2022\/06\/VIVENCIAS-4.jpg 1200w, https:\/\/centros.uepb.edu.br\/ccbsa\/files\/2022\/06\/VIVENCIAS-4-300x234.jpg 300w, https:\/\/centros.uepb.edu.br\/ccbsa\/files\/2022\/06\/VIVENCIAS-4-1024x798.jpg 1024w, https:\/\/centros.uepb.edu.br\/ccbsa\/files\/2022\/06\/VIVENCIAS-4-768x598.jpg 768w\" sizes=\"auto, (max-width: 1200px) 100vw, 1200px\" \/><\/a>\n\t\t\t<\/dt><\/dl><dl class='gallery-item'>\n\t\t\t<dt class='gallery-icon landscape'>\n\t\t\t\t<a href='https:\/\/centros.uepb.edu.br\/ccbsa\/files\/2022\/06\/VIVENCIAS-3.jpg'><img loading=\"lazy\" decoding=\"async\" width=\"1200\" height=\"1148\" src=\"https:\/\/centros.uepb.edu.br\/ccbsa\/files\/2022\/06\/VIVENCIAS-3.jpg\" class=\"attachment-full size-full\" alt=\"\" srcset=\"https:\/\/centros.uepb.edu.br\/ccbsa\/files\/2022\/06\/VIVENCIAS-3.jpg 1200w, https:\/\/centros.uepb.edu.br\/ccbsa\/files\/2022\/06\/VIVENCIAS-3-300x287.jpg 300w, https:\/\/centros.uepb.edu.br\/ccbsa\/files\/2022\/06\/VIVENCIAS-3-1024x980.jpg 1024w, https:\/\/centros.uepb.edu.br\/ccbsa\/files\/2022\/06\/VIVENCIAS-3-768x735.jpg 768w\" sizes=\"auto, (max-width: 1200px) 100vw, 1200px\" \/><\/a>\n\t\t\t<\/dt><\/dl><br style=\"clear: both\" \/><dl class='gallery-item'>\n\t\t\t<dt class='gallery-icon landscape'>\n\t\t\t\t<a href='https:\/\/centros.uepb.edu.br\/ccbsa\/files\/2022\/06\/VIVENCIAS-2.jpg'><img loading=\"lazy\" decoding=\"async\" width=\"828\" height=\"621\" src=\"https:\/\/centros.uepb.edu.br\/ccbsa\/files\/2022\/06\/VIVENCIAS-2.jpg\" class=\"attachment-full size-full\" alt=\"\" srcset=\"https:\/\/centros.uepb.edu.br\/ccbsa\/files\/2022\/06\/VIVENCIAS-2.jpg 828w, https:\/\/centros.uepb.edu.br\/ccbsa\/files\/2022\/06\/VIVENCIAS-2-300x225.jpg 300w, https:\/\/centros.uepb.edu.br\/ccbsa\/files\/2022\/06\/VIVENCIAS-2-768x576.jpg 768w\" sizes=\"auto, (max-width: 828px) 100vw, 828px\" \/><\/a>\n\t\t\t<\/dt><\/dl>\n\t\t\t<br style='clear: both' \/>\n\t\t<\/div>\n\n<p>Foram retomadas na sexta-feira (3), as visitas do ano de 2022 \u00e0s c\u00e2maras de munic\u00edpios do Brejo paraibano realizadas pelo projeto de extens\u00e3o da Universidade Estadual da Para\u00edba (UEPB) Viv\u00eancias em A\u00e7\u00f5es Legislativas, que \u00e9 vinculado ao C\u00e2mpus V da Universidade Estadual da Para\u00edba (UEPB). A iniciativa da UEPB conta com o apoio da Assembleia Legislativa do Estado da Para\u00edba e do Supremo Tribunal Federal (STF), no \u00e2mbito do Programa de Combate \u00e0 Desinforma\u00e7\u00e3o.<\/p>\n<p>A retomada foi realizada na c\u00e2mara de Pirpirituba, onde vereadores, assessores e demais servidores do legislativo do referido mun\u00edcipio participaram da atividade educativa ministrada pela docente Martha Simone Amorim, que coordena o projeto; pela colaboradora que \u00e9 servidora da Assembleia Legislativa, a advogada Rosana Gadelha; e pelaa assessora de comunica\u00e7\u00e3o da UEPB, Juliana Marques.<\/p>\n<p>Desde que foi criado, em 2019 o referido projeto, que congrega a\u00e7\u00f5es de pesquisa e extens\u00e3o, busca oferecer um conte\u00fado que possa auxiliar no desenvolvimento de fun\u00e7\u00f5es e compet\u00eancias das C\u00e2maras de Vereadores dos munic\u00edpios paraibanos. Na oportunidade, foram contempladas quest\u00f5es como as formas e o sistema de Governo; a import\u00e2ncia da atua\u00e7\u00e3o parlamentar; princ\u00edpios do direito que devem balizar as a\u00e7\u00f5es; o ciclo do or\u00e7amento p\u00fablico; como fortalecer as pol\u00edticas p\u00fablicas locais; a import\u00e2ncia das m\u00eddias sociais; o combate \u00e0 desinforma\u00e7\u00e3o, dentre outros temas.<\/p>\n<p>O presidente da C\u00e2mara municipal de Pirpirituba, o vereador Ricarlleson Ferreira, destaca a import\u00e2ncia desta iniciativa da UEPB para aprimorar o trabalho legislativo e orientar a atua\u00e7\u00e3o parlamentar dos participantes do curso. \u201cAgradecemos a UEPB pela disponibilidade desta equipe que nos apresentou um conte\u00fado de grande import\u00e2ncia para entendermos melhor nossas atribui\u00e7\u00f5es e realizarmos nossos afazeres com maior dom\u00ednio\u201d, avalia.<\/p>\n<p>A coordenadora do projeto, professora Martha Simone, enfatiza que as atividades devem prosseguir pelo Brejo paraibano, com evid\u00eancia, sobretudo, para C\u00e2maras de munic\u00edpios menores que, geralmente, possuem limita\u00e7\u00f5es or\u00e7ament\u00e1rias, um n\u00famero restrito de servidores e cujo papel do legislativo \u00e9 importante para superar as dificuldades inerentes a estes locais.<\/p>\n<p>Texto e fotos:\u00a0Juliana Marques<\/p>\n<p>&nbsp;<\/p>\n<p>&nbsp;<\/p>\n","protected":false},"excerpt":{"rendered":"<p>&nbsp; Foram retomadas na sexta-feira (3), as visitas do ano de 2022 \u00e0s c\u00e2maras de munic\u00edpios do Brejo paraibano realizadas pelo projeto de extens\u00e3o da Universidade Estadual da Para\u00edba (UEPB) Viv\u00eancias em A\u00e7\u00f5es Legislativas, que \u00e9 vinculado ao C\u00e2mpus V da Universidade Estadual da Para\u00edba (UEPB). A iniciativa da UEPB conta com o apoio da <a class=\"leiamais\" href=\"https:\/\/centros.uepb.edu.br\/ccbsa\/projeto-vivencias-em-acoes-legislativas-retoma-atividades-nas-camaras-municipais-do-brejo-paraibano\/\">Leia Mais&#8230;<\/a><\/p>\n","protected":false},"author":8,"featured_media":9011,"comment_status":"closed","ping_status":"closed","sticky":false,"template":"","format":"standard","meta":{"footnotes":""},"categories":[11],"tags":[],"class_list":["post-9010","post","type-post","status-publish","format-standard","has-post-thumbnail","hentry","category-noticias-destaque-img"],"jetpack_featured_media_url":"https:\/\/centros.uepb.edu.br\/ccbsa\/files\/2022\/06\/VIVENCIAS-1.jpg","_links":{"self":[{"href":"https:\/\/centros.uepb.edu.br\/ccbsa\/wp-json\/wp\/v2\/posts\/9010","targetHints":{"allow":["GET"]}}],"collection":[{"href":"https:\/\/centros.uepb.edu.br\/ccbsa\/wp-json\/wp\/v2\/posts"}],"about":[{"href":"https:\/\/centros.uepb.edu.br\/ccbsa\/wp-json\/wp\/v2\/types\/post"}],"author":[{"embeddable":true,"href":"https:\/\/centros.uepb.edu.br\/ccbsa\/wp-json\/wp\/v2\/users\/8"}],"replies":[{"embeddable":true,"href":"https:\/\/centros.uepb.edu.br\/ccbsa\/wp-json\/wp\/v2\/comments?post=9010"}],"version-history":[{"count":0,"href":"https:\/\/centros.uepb.edu.br\/ccbsa\/wp-json\/wp\/v2\/posts\/9010\/revisions"}],"wp:featuredmedia":[{"embeddable":true,"href":"https:\/\/centros.uepb.edu.br\/ccbsa\/wp-json\/wp\/v2\/media\/9011"}],"wp:attachment":[{"href":"https:\/\/centros.uepb.edu.br\/ccbsa\/wp-json\/wp\/v2\/media?parent=9010"}],"wp:term":[{"taxonomy":"category","embeddable":true,"href":"https:\/\/centros.uepb.edu.br\/ccbsa\/wp-json\/wp\/v2\/categories?post=9010"},{"taxonomy":"post_tag","embeddable":true,"href":"https:\/\/centros.uepb.edu.br\/ccbsa\/wp-json\/wp\/v2\/tags?post=9010"}],"curies":[{"name":"wp","href":"https:\/\/api.w.org\/{rel}","templated":true}]}}