{"id":901,"date":"2013-09-23T15:13:01","date_gmt":"2013-09-23T15:13:01","guid":{"rendered":"\/ccbsa\/?p=901"},"modified":"2013-09-27T14:52:53","modified_gmt":"2013-09-27T14:52:53","slug":"consuni-aprova-o-nome-do-professor-afonso-pereira-como-patrono-da-biblioteca-do-campus-v","status":"publish","type":"post","link":"https:\/\/centros.uepb.edu.br\/ccbsa\/consuni-aprova-o-nome-do-professor-afonso-pereira-como-patrono-da-biblioteca-do-campus-v\/","title":{"rendered":"Consuni aprova o nome do professor Afonso Pereira como patrono da Biblioteca do Campus V"},"content":{"rendered":"<div id=\"attachment_902\" style=\"width: 160px\" class=\"wp-caption alignleft\"><a href=\"http:\/\/centros.ascom.uepb.edu.br\/ccbsa\/files\/2013\/09\/AfonsoPereiraed.jpg\"><img loading=\"lazy\" decoding=\"async\" aria-describedby=\"caption-attachment-902\" class=\"size-thumbnail wp-image-902 img-responsive\" alt=\"Fonte: Arquivo Afonso Pereira\" src=\"http:\/\/centros.ascom.uepb.edu.br\/ccbsa\/files\/2013\/09\/AfonsoPereiraed-150x150.jpg\" width=\"150\" height=\"150\" \/><\/a><p id=\"caption-attachment-902\" class=\"wp-caption-text\">Fonte: Arquivo Afonso Pereira<\/p><\/div>\n<p>Um dos educadores que mais contribuiu com a Educa\u00e7\u00e3o paraibana, tendo assinado, inclusive, a ata que deu origem \u00e0 Universidade Regional do Nordeste (URNe), que mais tarde se tornaria Universidade Estadual da Para\u00edba, Afonso Pereira (in memoriam) foi o escolhido pelo Conselho Universit\u00e1rio para ser o patrono da Biblioteca do Campus V da UEPB, em Jo\u00e3o Pessoa.<\/p>\n<p>A homenagem, aprovada pelo Conselho de Centro do campus V &#8211; COC &#8211; e referendada pelo CONSUNI, em 17 de setembro, considerou a trajet\u00f3ria deste paraibano que se formou em Direito, em 1948, na Universidade Federal de Pernambuco, cursou especializa\u00e7\u00e3o em Psicologia (1967), em Direito Autoral (1975) e em Educa\u00e7\u00e3o (1995).<\/p>\n<p>Al\u00e9m de atuar como docente lecionando diversas disciplinas, como Grego, Latim, Geografia, Portugu\u00eas, Franc\u00eas, Pol\u00edtica Financeira, Metodologia e Did\u00e1tica, Direito Romano entre outras, Afonso Pereira tamb\u00e9m \u00e9 lembrado como respons\u00e1vel pela\u00a0 cria\u00e7\u00e3o de diversas universidades e escolas em todo o Estado.<\/p>\n<p>Teve relevante contribui\u00e7\u00e3o para a cultura do Estado, sendo o idealizador e intermediador da funda\u00e7\u00e3o do Teatro do Estudante da Para\u00edba e do Conservat\u00f3rio de M\u00fasica da Para\u00edba, al\u00e9m de apoiar v\u00e1rios eventos nesta \u00e1rea. A fim de disseminar o conhecimento que, muitas vezes, estava restrito aos que cursavam uma escola ou uma universidade, e tamb\u00e9m com o intuito de incentivar o h\u00e1bito da leitura, organizou, na d\u00e9cada de 60, o carro-biblioteca do INL &#8211; Instituto Nacional do Livro. O ve\u00edculo especial visitava os bairros da capital com seu programa de empr\u00e9stimos de livros.<\/p>\n<p>Exerceu a fun\u00e7\u00e3o de Juiz substituto do Tribunal Regional Eleitoral e Provedor da Santa Casa de Miseric\u00f3rdia da Para\u00edba. Logo depois, foi eleito deputado estadual, entre os anos de 1955 e 1959, atrav\u00e9s do Partido Socialista Brasileiro (PSB). O educador atuou ainda como chefe de gabinete da Reitoria da Universidade Federal da Para\u00edba, diretor da Faculdade de Educa\u00e7\u00e3o da UFPB, foi secret\u00e1rio-executivo e, posteriormente, presidente da Associa\u00e7\u00e3o Interamericana de Direito, al\u00e9m de diretor e fundador da Biblioteca Central da UFPB e fundador da APAE.<\/p>\n<p>Outra \u00e1rea que contou com uma relevante contribui\u00e7\u00e3o do paraibano foi o jornalismo. Afonso Pereira foi o primeiro diretor do Correio da Para\u00edba, atuou como colaborador do jornal\/revista O Nordeste, e nesta \u00e9poca conviveu com Jos\u00e9 Lins do Rego, Gilberto Freyre, Odilon Ribeiro Coutinho, entre outros personagens ilustres. Ingressou na Academia Paraibana de Letras, em 21 de junho de 1966, tornando-se, em 1978, o Presidente da APL, reeleito por tr\u00eas vezes consecutivas.<\/p>\n<p>&nbsp;<\/p>\n","protected":false},"excerpt":{"rendered":"<p>Um dos educadores que mais contribuiu com a Educa\u00e7\u00e3o paraibana, tendo assinado, inclusive, a ata que deu origem \u00e0 Universidade Regional do Nordeste (URNe), que mais tarde se tornaria Universidade Estadual da Para\u00edba, Afonso Pereira (in memoriam) foi o escolhido pelo Conselho Universit\u00e1rio para ser o patrono da Biblioteca do Campus V da UEPB, em <a class=\"leiamais\" href=\"https:\/\/centros.uepb.edu.br\/ccbsa\/consuni-aprova-o-nome-do-professor-afonso-pereira-como-patrono-da-biblioteca-do-campus-v\/\">Leia Mais&#8230;<\/a><\/p>\n","protected":false},"author":8,"featured_media":902,"comment_status":"open","ping_status":"open","sticky":false,"template":"","format":"standard","meta":{"footnotes":""},"categories":[3,5],"tags":[],"class_list":["post-901","post","type-post","status-publish","format-standard","has-post-thumbnail","hentry","category-noticias","category-visiveis"],"jetpack_featured_media_url":"https:\/\/centros.uepb.edu.br\/ccbsa\/files\/2013\/09\/AfonsoPereiraed.jpg","_links":{"self":[{"href":"https:\/\/centros.uepb.edu.br\/ccbsa\/wp-json\/wp\/v2\/posts\/901","targetHints":{"allow":["GET"]}}],"collection":[{"href":"https:\/\/centros.uepb.edu.br\/ccbsa\/wp-json\/wp\/v2\/posts"}],"about":[{"href":"https:\/\/centros.uepb.edu.br\/ccbsa\/wp-json\/wp\/v2\/types\/post"}],"author":[{"embeddable":true,"href":"https:\/\/centros.uepb.edu.br\/ccbsa\/wp-json\/wp\/v2\/users\/8"}],"replies":[{"embeddable":true,"href":"https:\/\/centros.uepb.edu.br\/ccbsa\/wp-json\/wp\/v2\/comments?post=901"}],"version-history":[{"count":0,"href":"https:\/\/centros.uepb.edu.br\/ccbsa\/wp-json\/wp\/v2\/posts\/901\/revisions"}],"wp:featuredmedia":[{"embeddable":true,"href":"https:\/\/centros.uepb.edu.br\/ccbsa\/wp-json\/wp\/v2\/media\/902"}],"wp:attachment":[{"href":"https:\/\/centros.uepb.edu.br\/ccbsa\/wp-json\/wp\/v2\/media?parent=901"}],"wp:term":[{"taxonomy":"category","embeddable":true,"href":"https:\/\/centros.uepb.edu.br\/ccbsa\/wp-json\/wp\/v2\/categories?post=901"},{"taxonomy":"post_tag","embeddable":true,"href":"https:\/\/centros.uepb.edu.br\/ccbsa\/wp-json\/wp\/v2\/tags?post=901"}],"curies":[{"name":"wp","href":"https:\/\/api.w.org\/{rel}","templated":true}]}}