{"id":8957,"date":"2022-05-30T14:46:12","date_gmt":"2022-05-30T14:46:12","guid":{"rendered":"https:\/\/centros.uepb.edu.br\/ccbsa\/?p=8957"},"modified":"2022-05-30T14:46:12","modified_gmt":"2022-05-30T14:46:12","slug":"caravana-da-coordenadoria-de-inovacao-da-uepb-e-realizada-no-campus-v-com-a-participacao-da-comunidade-academica","status":"publish","type":"post","link":"https:\/\/centros.uepb.edu.br\/ccbsa\/caravana-da-coordenadoria-de-inovacao-da-uepb-e-realizada-no-campus-v-com-a-participacao-da-comunidade-academica\/","title":{"rendered":"Caravana da Coordenadoria de Inova\u00e7\u00e3o da UEPB \u00e9 realizada no c\u00e2mpus V com a participa\u00e7\u00e3o da comunidade acad\u00eamica"},"content":{"rendered":"\n\t\t<style type=\"text\/css\">\n\t\t\t#gallery-1 {\n\t\t\t\tmargin: auto;\n\t\t\t}\n\t\t\t#gallery-1 .gallery-item {\n\t\t\t\tfloat: left;\n\t\t\t\tmargin-top: 10px;\n\t\t\t\ttext-align: center;\n\t\t\t\twidth: 33%;\n\t\t\t}\n\t\t\t#gallery-1 img {\n\t\t\t\tborder: 2px solid #cfcfcf;\n\t\t\t}\n\t\t\t#gallery-1 .gallery-caption {\n\t\t\t\tmargin-left: 0;\n\t\t\t}\n\t\t\t\/* see gallery_shortcode() in wp-includes\/media.php *\/\n\t\t<\/style>\n\t\t<div id='gallery-1' class='gallery galleryid-8957 gallery-columns-3 gallery-size-full'><dl class='gallery-item'>\n\t\t\t<dt class='gallery-icon landscape'>\n\t\t\t\t<a href='https:\/\/centros.uepb.edu.br\/ccbsa\/files\/2022\/05\/IMG_5340ok.jpg'><img loading=\"lazy\" decoding=\"async\" width=\"1200\" height=\"680\" src=\"https:\/\/centros.uepb.edu.br\/ccbsa\/files\/2022\/05\/IMG_5340ok.jpg\" class=\"attachment-full size-full\" alt=\"\" srcset=\"https:\/\/centros.uepb.edu.br\/ccbsa\/files\/2022\/05\/IMG_5340ok.jpg 1200w, https:\/\/centros.uepb.edu.br\/ccbsa\/files\/2022\/05\/IMG_5340ok-300x170.jpg 300w, https:\/\/centros.uepb.edu.br\/ccbsa\/files\/2022\/05\/IMG_5340ok-1024x580.jpg 1024w, https:\/\/centros.uepb.edu.br\/ccbsa\/files\/2022\/05\/IMG_5340ok-768x435.jpg 768w\" sizes=\"auto, (max-width: 1200px) 100vw, 1200px\" \/><\/a>\n\t\t\t<\/dt><\/dl><dl class='gallery-item'>\n\t\t\t<dt class='gallery-icon landscape'>\n\t\t\t\t<a href='https:\/\/centros.uepb.edu.br\/ccbsa\/files\/2022\/05\/IMG_5332ok.jpg'><img loading=\"lazy\" decoding=\"async\" width=\"1200\" height=\"680\" src=\"https:\/\/centros.uepb.edu.br\/ccbsa\/files\/2022\/05\/IMG_5332ok.jpg\" class=\"attachment-full size-full\" alt=\"\" srcset=\"https:\/\/centros.uepb.edu.br\/ccbsa\/files\/2022\/05\/IMG_5332ok.jpg 1200w, https:\/\/centros.uepb.edu.br\/ccbsa\/files\/2022\/05\/IMG_5332ok-300x170.jpg 300w, https:\/\/centros.uepb.edu.br\/ccbsa\/files\/2022\/05\/IMG_5332ok-1024x580.jpg 1024w, https:\/\/centros.uepb.edu.br\/ccbsa\/files\/2022\/05\/IMG_5332ok-768x435.jpg 768w\" sizes=\"auto, (max-width: 1200px) 100vw, 1200px\" \/><\/a>\n\t\t\t<\/dt><\/dl>\n\t\t\t<br style='clear: both' \/>\n\t\t<\/div>\n\n<p>A Coordenadoria de Inova\u00e7\u00e3o Tecnol\u00f3gica (Inovatec) da Universidade Estadual da Para\u00edba (UEPB) realizou, na sexta (27), no c\u00e2mpus de Jo\u00e3o Pessoa, mais uma a\u00e7\u00e3o da Caravana da Inova\u00e7\u00e3o. O evento, realizado em todos os c\u00e2mpus da Institui\u00e7\u00e3o, busca incentivar a inova\u00e7\u00e3o e o empreendedorismo e divulgar as a\u00e7\u00f5es e os servi\u00e7os que a Inovatec oferece.<\/p>\n<p>De acordo com a pesquisadora bolsista da Inovatec Fl\u00e1via Suzany, durante os encontros a equipe da Inovatec tem buscado conscientizar sobre o papel da Ag\u00eancia, dentre eles a prospec\u00e7\u00e3o das pesquisas com potencial inovador que v\u00eam sendo realizadas na UEPB, orientar os pesquisadores e pesquisadoras a respeito da transfer\u00eancia de tecnologia para o mercado, e sobre como proteger a ideia, seja atrav\u00e9s de patentes ou de registros, dentre outras a\u00e7\u00f5es.<\/p>\n<p>\u201cA nossa miss\u00e3o \u00e9 intermediar esse contato entre pesquisadores e empresas. Mas, muitas vezes a comunidade acad\u00eamica desconhece o papel da Inovatec e acabamos sendo mais conhecidos, inclusive, por pessoas de fora da UEPB. Ent\u00e3o, essa caravana foi criada com o objetivo de nos aproximar das pessoas que desenvolvem pesquisas na UEPB e facilitar nossa comunica\u00e7\u00e3o, al\u00e9m de demonstrar nossos servi\u00e7os que s\u00e3o oferecidos, gratuitamente, \u00e0 comunidade\u201d, explica Fl\u00e1via.<\/p>\n<p>Na oportunidade, a equipe da Inovatec demonstrou mecanismos de prote\u00e7\u00e3o \u00e0s pesquisas e desenvolvimento de solu\u00e7\u00f5es tecnol\u00f3gicas, como criar startups, patentear tecnologias ou melhorar a intera\u00e7\u00e3o das pesquisas com a iniciativa privada nacional.<\/p>\n<p>A caravana segue com a\u00e7\u00f5es nos c\u00e2mpus de Patos, no dia 31 de maio, e Catol\u00e9 do Rocha, no dia 1\u00ba de junho. Ap\u00f3s esses primeiros encontros, a equipe segue a disposi\u00e7\u00e3o dos centros acad\u00eamicos e unidades de pesquisa da institui\u00e7\u00e3o, para novas rodadas de di\u00e1logo ou o atendimento individualizado.<\/p>\n<p>Para outras informa\u00e7\u00f5es: <a href=\"https:\/\/coordenadorias.uepb.edu.br\/inovatec\/\">https:\/\/coordenadorias.uepb.edu.br\/inovatec\/<\/a>.<\/p>\n<p>Texto: Juliana Marques<\/p>\n","protected":false},"excerpt":{"rendered":"<p>A Coordenadoria de Inova\u00e7\u00e3o Tecnol\u00f3gica (Inovatec) da Universidade Estadual da Para\u00edba (UEPB) realizou, na sexta (27), no c\u00e2mpus de Jo\u00e3o Pessoa, mais uma a\u00e7\u00e3o da Caravana da Inova\u00e7\u00e3o. O evento, realizado em todos os c\u00e2mpus da Institui\u00e7\u00e3o, busca incentivar a inova\u00e7\u00e3o e o empreendedorismo e divulgar as a\u00e7\u00f5es e os servi\u00e7os que a Inovatec oferece. <a class=\"leiamais\" href=\"https:\/\/centros.uepb.edu.br\/ccbsa\/caravana-da-coordenadoria-de-inovacao-da-uepb-e-realizada-no-campus-v-com-a-participacao-da-comunidade-academica\/\">Leia Mais&#8230;<\/a><\/p>\n","protected":false},"author":8,"featured_media":8958,"comment_status":"closed","ping_status":"closed","sticky":false,"template":"","format":"standard","meta":{"footnotes":""},"categories":[3,11],"tags":[],"class_list":["post-8957","post","type-post","status-publish","format-standard","has-post-thumbnail","hentry","category-noticias","category-noticias-destaque-img"],"jetpack_featured_media_url":"https:\/\/centros.uepb.edu.br\/ccbsa\/files\/2022\/05\/IMG_5340ok.jpg","_links":{"self":[{"href":"https:\/\/centros.uepb.edu.br\/ccbsa\/wp-json\/wp\/v2\/posts\/8957","targetHints":{"allow":["GET"]}}],"collection":[{"href":"https:\/\/centros.uepb.edu.br\/ccbsa\/wp-json\/wp\/v2\/posts"}],"about":[{"href":"https:\/\/centros.uepb.edu.br\/ccbsa\/wp-json\/wp\/v2\/types\/post"}],"author":[{"embeddable":true,"href":"https:\/\/centros.uepb.edu.br\/ccbsa\/wp-json\/wp\/v2\/users\/8"}],"replies":[{"embeddable":true,"href":"https:\/\/centros.uepb.edu.br\/ccbsa\/wp-json\/wp\/v2\/comments?post=8957"}],"version-history":[{"count":0,"href":"https:\/\/centros.uepb.edu.br\/ccbsa\/wp-json\/wp\/v2\/posts\/8957\/revisions"}],"wp:featuredmedia":[{"embeddable":true,"href":"https:\/\/centros.uepb.edu.br\/ccbsa\/wp-json\/wp\/v2\/media\/8958"}],"wp:attachment":[{"href":"https:\/\/centros.uepb.edu.br\/ccbsa\/wp-json\/wp\/v2\/media?parent=8957"}],"wp:term":[{"taxonomy":"category","embeddable":true,"href":"https:\/\/centros.uepb.edu.br\/ccbsa\/wp-json\/wp\/v2\/categories?post=8957"},{"taxonomy":"post_tag","embeddable":true,"href":"https:\/\/centros.uepb.edu.br\/ccbsa\/wp-json\/wp\/v2\/tags?post=8957"}],"curies":[{"name":"wp","href":"https:\/\/api.w.org\/{rel}","templated":true}]}}