{"id":893,"date":"2013-09-18T14:14:51","date_gmt":"2013-09-18T14:14:51","guid":{"rendered":"\/ccbsa\/?p=893"},"modified":"2013-09-26T14:27:13","modified_gmt":"2013-09-26T14:27:13","slug":"expediente-da-universidade-estadual-e-alterado-durante-o-periodo-de-recesso-academico","status":"publish","type":"post","link":"https:\/\/centros.uepb.edu.br\/ccbsa\/expediente-da-universidade-estadual-e-alterado-durante-o-periodo-de-recesso-academico\/","title":{"rendered":"Expediente da Universidade Estadual \u00e9 alterado durante o per\u00edodo de recesso acad\u00eamico"},"content":{"rendered":"<p>A Pr\u00f3-Reitoria de Gest\u00e3o de Pessoas da Universidade Estadual da Para\u00edba (UEPB) informa que o expediente na Institui\u00e7\u00e3o ser\u00e1 alterado durante o per\u00edodo de recesso escolar, que\u00a0segue\u00a0at\u00e9 o dia\u00a029 de setembro. Entre esses dias, todos os setores da Universidade estar\u00e3o funcionando das 7h \u00e0s 13h, com exce\u00e7\u00e3o das unidades que tenham atividades programadas, bem como as coordena\u00e7\u00f5es de cursos durante o per\u00edodo de matr\u00edculas. O expediente volta ao normal em todos os setores da Institui\u00e7\u00e3o no dia 30 de setembro.<\/p>\n<p>Confira a [wpfilebase tag=fileurl id=38 linktext=&#8217;<a href=\"http:\/\/www.uepb.edu.br\/download\/outros_documentos_2013\/1809%20PORTARIA%20-%20Recesso.pdf\">Portaria que determina a altera\u00e7\u00e3o do expediente na UEPB<\/a>&#8216; \/]<\/p>\n","protected":false},"excerpt":{"rendered":"<p>A Pr\u00f3-Reitoria de Gest\u00e3o de Pessoas da Universidade Estadual da Para\u00edba (UEPB) informa que o expediente na Institui\u00e7\u00e3o ser\u00e1 alterado durante o per\u00edodo de recesso escolar, que\u00a0segue\u00a0at\u00e9 o dia\u00a029 de setembro. Entre esses dias, todos os setores da Universidade estar\u00e3o funcionando das 7h \u00e0s 13h, com exce\u00e7\u00e3o das unidades que tenham atividades programadas, bem como <a class=\"leiamais\" href=\"https:\/\/centros.uepb.edu.br\/ccbsa\/expediente-da-universidade-estadual-e-alterado-durante-o-periodo-de-recesso-academico\/\">Leia Mais&#8230;<\/a><\/p>\n","protected":false},"author":8,"featured_media":0,"comment_status":"open","ping_status":"open","sticky":false,"template":"","format":"standard","meta":{"footnotes":""},"categories":[3,5],"tags":[],"class_list":["post-893","post","type-post","status-publish","format-standard","hentry","category-noticias","category-visiveis"],"jetpack_featured_media_url":"","_links":{"self":[{"href":"https:\/\/centros.uepb.edu.br\/ccbsa\/wp-json\/wp\/v2\/posts\/893","targetHints":{"allow":["GET"]}}],"collection":[{"href":"https:\/\/centros.uepb.edu.br\/ccbsa\/wp-json\/wp\/v2\/posts"}],"about":[{"href":"https:\/\/centros.uepb.edu.br\/ccbsa\/wp-json\/wp\/v2\/types\/post"}],"author":[{"embeddable":true,"href":"https:\/\/centros.uepb.edu.br\/ccbsa\/wp-json\/wp\/v2\/users\/8"}],"replies":[{"embeddable":true,"href":"https:\/\/centros.uepb.edu.br\/ccbsa\/wp-json\/wp\/v2\/comments?post=893"}],"version-history":[{"count":0,"href":"https:\/\/centros.uepb.edu.br\/ccbsa\/wp-json\/wp\/v2\/posts\/893\/revisions"}],"wp:attachment":[{"href":"https:\/\/centros.uepb.edu.br\/ccbsa\/wp-json\/wp\/v2\/media?parent=893"}],"wp:term":[{"taxonomy":"category","embeddable":true,"href":"https:\/\/centros.uepb.edu.br\/ccbsa\/wp-json\/wp\/v2\/categories?post=893"},{"taxonomy":"post_tag","embeddable":true,"href":"https:\/\/centros.uepb.edu.br\/ccbsa\/wp-json\/wp\/v2\/tags?post=893"}],"curies":[{"name":"wp","href":"https:\/\/api.w.org\/{rel}","templated":true}]}}