{"id":8861,"date":"2022-05-25T12:19:38","date_gmt":"2022-05-25T12:19:38","guid":{"rendered":"https:\/\/centros.uepb.edu.br\/ccbsa\/?p=8861"},"modified":"2022-05-25T12:19:38","modified_gmt":"2022-05-25T12:19:38","slug":"campus-v-sedia-caravana-da-inovacao-realizada-pela-inovatec-para-dialogar-sobre-temas-como-empreendedorismo-e-propriedade-intelectual","status":"publish","type":"post","link":"https:\/\/centros.uepb.edu.br\/ccbsa\/campus-v-sedia-caravana-da-inovacao-realizada-pela-inovatec-para-dialogar-sobre-temas-como-empreendedorismo-e-propriedade-intelectual\/","title":{"rendered":"C\u00e2mpus V sedia caravana da inova\u00e7\u00e3o realizada pela Inovatec para dialogar sobre temas como empreendedorismo e propriedade intelectual"},"content":{"rendered":"<p><a href=\"https:\/\/centros.uepb.edu.br\/ccbsa\/files\/2022\/05\/CARAVANA-DA-INOVACAO.png\"><img loading=\"lazy\" decoding=\"async\" class=\"aligncenter size-full wp-image-8895 img-responsive\" src=\"https:\/\/centros.uepb.edu.br\/ccbsa\/files\/2022\/05\/CARAVANA-DA-INOVACAO.png\" alt=\"\" width=\"1200\" height=\"680\" srcset=\"https:\/\/centros.uepb.edu.br\/ccbsa\/files\/2022\/05\/CARAVANA-DA-INOVACAO.png 1200w, https:\/\/centros.uepb.edu.br\/ccbsa\/files\/2022\/05\/CARAVANA-DA-INOVACAO-300x170.png 300w, https:\/\/centros.uepb.edu.br\/ccbsa\/files\/2022\/05\/CARAVANA-DA-INOVACAO-1024x580.png 1024w, https:\/\/centros.uepb.edu.br\/ccbsa\/files\/2022\/05\/CARAVANA-DA-INOVACAO-768x435.png 768w\" sizes=\"auto, (max-width: 1200px) 100vw, 1200px\" \/><\/a><\/p>\n<p>A Coordenadoria de Inova\u00e7\u00e3o Tecnol\u00f3gica (Inovatec) da Universidade Estadual da Para\u00edba (UEPB) realiza, nesta sexta-feira, 27 de maio, \u00e0s 9h, no audit\u00f3rio Pioneiros, a Caravana da Inova\u00e7\u00e3o. O evento, que busca incentivar a inova\u00e7\u00e3o e o empreendedorismo em toda a Universidade, foi realizado nos c\u00e2mpus\u00a0 de Campina Grande, Lagoa Seca, Guarabira, Catol\u00e9 do Rocha, Monteiro e Araruna, e ap\u00f3s a a\u00e7\u00e3o em Jo\u00e3o Pessoa segue para o c\u00e2mpus de Patos.<\/p>\n<p>A iniciativa tem o objetivo de objetivo de divulgar as a\u00e7\u00f5es e os servi\u00e7os que a Inovatec e dialogar com a comunidade acad\u00eamica sobre quest\u00f5es como a propriedade intelectual, a transfer\u00eancia de tecnologias e o empreendedorismo. Os participantes t\u00eam a oportunidade de conhecer as principais a\u00e7\u00f5es da Inovatec, e entender como proteger suas pesquisas e solu\u00e7\u00f5es tecnol\u00f3gicas, al\u00e9m de vislumbrar possibilidades de oferec\u00ea-las ao mercado.<\/p>\n<p>O evento \u00e9 destinado sobretudo a estudantes, t\u00e9cnicos administrativos e professores que desejarem transformar as pesquisas acad\u00eamicas em inova\u00e7\u00e3o, criar uma startup, patentear uma tecnologia ou melhorar a intera\u00e7\u00e3o das pesquisas com a iniciativa privada nacional.<\/p>\n<p>Na UEPB, a Inovatec \u00e9 respons\u00e1vel por a\u00e7\u00f5es relacionadas \u00e0 inova\u00e7\u00e3o tecnol\u00f3gica, propriedade intelectual, com o patenteamento de inven\u00e7\u00f5es e a transfer\u00eancia destas tecnologias para o setor produtivo, al\u00e9m de promover o empreendedorismo inovador na UEPB.<\/p>\n","protected":false},"excerpt":{"rendered":"<p>A Coordenadoria de Inova\u00e7\u00e3o Tecnol\u00f3gica (Inovatec) da Universidade Estadual da Para\u00edba (UEPB) realiza, nesta sexta-feira, 27 de maio, \u00e0s 9h, no audit\u00f3rio Pioneiros, a Caravana da Inova\u00e7\u00e3o. O evento, que busca incentivar a inova\u00e7\u00e3o e o empreendedorismo em toda a Universidade, foi realizado nos c\u00e2mpus\u00a0 de Campina Grande, Lagoa Seca, Guarabira, Catol\u00e9 do Rocha, Monteiro <a class=\"leiamais\" href=\"https:\/\/centros.uepb.edu.br\/ccbsa\/campus-v-sedia-caravana-da-inovacao-realizada-pela-inovatec-para-dialogar-sobre-temas-como-empreendedorismo-e-propriedade-intelectual\/\">Leia Mais&#8230;<\/a><\/p>\n","protected":false},"author":8,"featured_media":8895,"comment_status":"closed","ping_status":"closed","sticky":false,"template":"","format":"standard","meta":{"footnotes":""},"categories":[3,11],"tags":[],"class_list":["post-8861","post","type-post","status-publish","format-standard","has-post-thumbnail","hentry","category-noticias","category-noticias-destaque-img"],"jetpack_featured_media_url":"https:\/\/centros.uepb.edu.br\/ccbsa\/files\/2022\/05\/CARAVANA-DA-INOVACAO.png","_links":{"self":[{"href":"https:\/\/centros.uepb.edu.br\/ccbsa\/wp-json\/wp\/v2\/posts\/8861","targetHints":{"allow":["GET"]}}],"collection":[{"href":"https:\/\/centros.uepb.edu.br\/ccbsa\/wp-json\/wp\/v2\/posts"}],"about":[{"href":"https:\/\/centros.uepb.edu.br\/ccbsa\/wp-json\/wp\/v2\/types\/post"}],"author":[{"embeddable":true,"href":"https:\/\/centros.uepb.edu.br\/ccbsa\/wp-json\/wp\/v2\/users\/8"}],"replies":[{"embeddable":true,"href":"https:\/\/centros.uepb.edu.br\/ccbsa\/wp-json\/wp\/v2\/comments?post=8861"}],"version-history":[{"count":0,"href":"https:\/\/centros.uepb.edu.br\/ccbsa\/wp-json\/wp\/v2\/posts\/8861\/revisions"}],"wp:featuredmedia":[{"embeddable":true,"href":"https:\/\/centros.uepb.edu.br\/ccbsa\/wp-json\/wp\/v2\/media\/8895"}],"wp:attachment":[{"href":"https:\/\/centros.uepb.edu.br\/ccbsa\/wp-json\/wp\/v2\/media?parent=8861"}],"wp:term":[{"taxonomy":"category","embeddable":true,"href":"https:\/\/centros.uepb.edu.br\/ccbsa\/wp-json\/wp\/v2\/categories?post=8861"},{"taxonomy":"post_tag","embeddable":true,"href":"https:\/\/centros.uepb.edu.br\/ccbsa\/wp-json\/wp\/v2\/tags?post=8861"}],"curies":[{"name":"wp","href":"https:\/\/api.w.org\/{rel}","templated":true}]}}