{"id":881,"date":"2013-09-16T15:02:33","date_gmt":"2013-09-16T15:02:33","guid":{"rendered":"\/ccbsa\/?p=881"},"modified":"2013-09-16T15:02:33","modified_gmt":"2013-09-16T15:02:33","slug":"estudantes-do-ensino-medio-do-campus-v-expoem-releituras-de-obras-da-arte-moderna-brasileira","status":"publish","type":"post","link":"https:\/\/centros.uepb.edu.br\/ccbsa\/estudantes-do-ensino-medio-do-campus-v-expoem-releituras-de-obras-da-arte-moderna-brasileira\/","title":{"rendered":"Estudantes do ensino m\u00e9dio do Campus V exp\u00f5em releituras de obras da arte moderna brasileira"},"content":{"rendered":"<p><a href=\"http:\/\/centros.ascom.uepb.edu.br\/ccbsa\/files\/2013\/09\/DSC04284ED.jpg\"><img loading=\"lazy\" decoding=\"async\" class=\"alignleft size-thumbnail wp-image-882 img-responsive\" alt=\"DSC04284ED\" src=\"http:\/\/centros.ascom.uepb.edu.br\/ccbsa\/files\/2013\/09\/DSC04284ED-150x150.jpg\" width=\"150\" height=\"150\" \/><\/a>O Campus V da Universidade Estadual da Para\u00edba sedia, at\u00e9 o dia 23 de setembro, no Hall da biblioteca, a exposi\u00e7\u00e3o \u201cArte moderna no Brasil\u201d, com trabalhos de estudantes do 1\u00ba ano do ensino m\u00e9dio da Escola Jos\u00e9 Lins do R\u00eago que retratam esse per\u00edodo efervescente da cultura nacional do in\u00edcio do s\u00e9culo XX.<\/p>\n<p>O evento \u00e9 uma a\u00e7\u00e3o do projeto \u201cCurtindo e compartilhando a arte moderna no Brasil\u201d, coordenado pela professora V\u00e2nia Carneiro que promoveu pesquisa junto com os alunos sobre esse movimento art\u00edstico brasileiro e a vida e obra dos artistas dessa gera\u00e7\u00e3o.<\/p>\n<p>Esta atividade culminou com os trabalhos produzidos pelos estudantes com releituras das produ\u00e7\u00f5es de Tarsila do Amaral, Candido Portinari, Anita Malfatti e Paulo Bopp. Para a confec\u00e7\u00e3o dos trabalhos foram utilizadas t\u00e9cnicas art\u00edsticas variadas como colagem, pintura, mosaico e pontilhismo.<\/p>\n<p>Durante toda a semana estudantes de escolhas localizadas no entorno do campus V e a comunidade em geral devem visitar a exposi\u00e7\u00e3o que \u00e9 aberta ao p\u00fablico e gratuita.<\/p>\n","protected":false},"excerpt":{"rendered":"<p>O Campus V da Universidade Estadual da Para\u00edba sedia, at\u00e9 o dia 23 de setembro, no Hall da biblioteca, a exposi\u00e7\u00e3o \u201cArte moderna no Brasil\u201d, com trabalhos de estudantes do 1\u00ba ano do ensino m\u00e9dio da Escola Jos\u00e9 Lins do R\u00eago que retratam esse per\u00edodo efervescente da cultura nacional do in\u00edcio do s\u00e9culo XX. O <a class=\"leiamais\" href=\"https:\/\/centros.uepb.edu.br\/ccbsa\/estudantes-do-ensino-medio-do-campus-v-expoem-releituras-de-obras-da-arte-moderna-brasileira\/\">Leia Mais&#8230;<\/a><\/p>\n","protected":false},"author":8,"featured_media":0,"comment_status":"open","ping_status":"open","sticky":false,"template":"","format":"standard","meta":{"footnotes":""},"categories":[3,5],"tags":[],"class_list":["post-881","post","type-post","status-publish","format-standard","hentry","category-noticias","category-visiveis"],"jetpack_featured_media_url":"","_links":{"self":[{"href":"https:\/\/centros.uepb.edu.br\/ccbsa\/wp-json\/wp\/v2\/posts\/881","targetHints":{"allow":["GET"]}}],"collection":[{"href":"https:\/\/centros.uepb.edu.br\/ccbsa\/wp-json\/wp\/v2\/posts"}],"about":[{"href":"https:\/\/centros.uepb.edu.br\/ccbsa\/wp-json\/wp\/v2\/types\/post"}],"author":[{"embeddable":true,"href":"https:\/\/centros.uepb.edu.br\/ccbsa\/wp-json\/wp\/v2\/users\/8"}],"replies":[{"embeddable":true,"href":"https:\/\/centros.uepb.edu.br\/ccbsa\/wp-json\/wp\/v2\/comments?post=881"}],"version-history":[{"count":0,"href":"https:\/\/centros.uepb.edu.br\/ccbsa\/wp-json\/wp\/v2\/posts\/881\/revisions"}],"wp:attachment":[{"href":"https:\/\/centros.uepb.edu.br\/ccbsa\/wp-json\/wp\/v2\/media?parent=881"}],"wp:term":[{"taxonomy":"category","embeddable":true,"href":"https:\/\/centros.uepb.edu.br\/ccbsa\/wp-json\/wp\/v2\/categories?post=881"},{"taxonomy":"post_tag","embeddable":true,"href":"https:\/\/centros.uepb.edu.br\/ccbsa\/wp-json\/wp\/v2\/tags?post=881"}],"curies":[{"name":"wp","href":"https:\/\/api.w.org\/{rel}","templated":true}]}}