{"id":864,"date":"2013-09-09T19:52:32","date_gmt":"2013-09-09T19:52:32","guid":{"rendered":"\/ccbsa\/?p=864"},"modified":"2013-09-12T13:22:29","modified_gmt":"2013-09-12T13:22:29","slug":"direcao-do-ccbsa-divulga-lista-de-trabalhos-premiados-na-4a-mostra-cientifica-de-ensino-pesquisa-e-extensao","status":"publish","type":"post","link":"https:\/\/centros.uepb.edu.br\/ccbsa\/direcao-do-ccbsa-divulga-lista-de-trabalhos-premiados-na-4a-mostra-cientifica-de-ensino-pesquisa-e-extensao\/","title":{"rendered":"Dire\u00e7\u00e3o do CCBSA divulga lista de trabalhos premiados na 4\u00aa mostra cient\u00edfica de ensino, pesquisa e extens\u00e3o"},"content":{"rendered":"<p>A dire\u00e7\u00e3o do Centro de Ci\u00eancias Biol\u00f3gicas e Sociais Aplicadas da Universidade Estadual da Para\u00edba divulgou nesta segunda-feira (9) a lista de trabalhos premiados durante a 4\u00aa mostra cient\u00edfica de ensino, pesquisa e extens\u00e3o, que integrou a programa\u00e7\u00e3o de anivers\u00e1rio do Campus V, realizada nos dias 27 e 28 de agosto.<\/p>\n<p>Estava prevista para o dia 28 de agosto uma solenidade oficial para a premia\u00e7\u00e3o dos trabalhos selecionados pela comiss\u00e3o julgadora, por\u00e9m, por conta do apag\u00e3o que fez com que todas as atividades noturnas fossem canceladas, a dire\u00e7\u00e3o do CCBSA optou pela divulga\u00e7\u00e3o dos premiados na Mostra e entrega dos pr\u00eamios, doados pela Editora da UEPB, a partir desta segunda-feira, 9 de setembro, na secretaria de Centro.<\/p>\n<p>Tamb\u00e9m est\u00e3o sendo entregues os certificados dos participantes da oficina de anatomia, apresenta\u00e7\u00e3o de p\u00f4steres, al\u00e9m das comiss\u00f5es organizadoras e avaliadores dos trabalhos. O show de talentos e apresenta\u00e7\u00f5es culturais previstos para ocorrerem no encerramento do anivers\u00e1rio do Campus, ser\u00e3o realizados no in\u00edcio do semestre letivo 2013.2, juntamente com as atividades de recep\u00e7\u00e3o dos calouros, em data a ser divulgada posteriormente.<\/p>\n<p>A dire\u00e7\u00e3o do CCBSA destacou a import\u00e2ncia do envolvimento da comunidade acad\u00eamica para o sucesso do evento. \u201cParabenizamos todos os vencedores e agradecemos mais uma vez a participa\u00e7\u00e3o e colabora\u00e7\u00e3o de todos que permitiram a realiza\u00e7\u00e3o das atividades\u201d,\u00a0lembrou o professor Francisco Jaime.\u00a0 Confira abaixo a lista de trabalhos premiados:<\/p>\n<p><strong>ENSINO\/MONITORIA<\/strong><\/p>\n<p>\u201cEst\u00e1gio supervisionado: experi\u00eancia para o futuro profissional arquiv\u00edstico\u201d \u2013Esmeralda Porf\u00edrio Sales, Jaqueline Ara\u00fajo Cruz e Jo\u00e3o Paulo Ara\u00fajo.<\/p>\n<p><strong>ENSINO M\u00c9DIO<\/strong><\/p>\n<p>\u201cColeta seletiva e pr\u00e1tica de educa\u00e7\u00e3o ambiental na Escola Estadual Jos\u00e9 Lins do R\u00eago\u201d \u2013 Ana Maria G\u00f3is, Everaldo Izidro, Jandaciara Giscia, Jos\u00e9 Wilson Pereira, Miriam Gon\u00e7alves Dias e Shelzea Maria Oliveira.<\/p>\n<p><strong>EXTENS\u00c3O<\/strong><\/p>\n<p>1\u00ba COLOCADO \u2013 \u201cDivulga\u00e7\u00e3o eletr\u00f4nica: a Web promovendo o curso de arquivologia da UEPB e suas pr\u00e1ticas empreendedoras\u201d \u2013 Manuela Maia, Danilo Sousa Ferreira e Jefferson Higino.<\/p>\n<p>2\u00ba COLOCADO \u2013 \u201cEmpreendedorismo: pr\u00e1ticas e desafios para se tornar um empreendedor na comunidade do bairro do Cristo Redentor em Jo\u00e3o Pessoa \u2013 PB \u2013 Jaqueline Barrancos, Manuela Maia, Adriana Soares, Jefferson Moraes, Jo\u00e3o Henrique dos Santos J\u00fanior, Samuel da Silva, Victor Hugo de Ara\u00fajo.<\/p>\n<p>3\u00ba COLOCADO \u2013 \u201cO combate ao uso de drogas com a pr\u00e1tica desportiva na escola\u201d \u2013 Francisco Jaime Mendon\u00e7a, Janderson de Albuquerque, Vanessa Serafim, Mayara Monteiro, Isadora Luna, Daniela Dantas e Isley Diniz.<\/p>\n<p><strong>PESQUISA<\/strong><\/p>\n<p>1\u00ba COLOCADO \u2013 \u201cS\u00edntese, caracteriza\u00e7\u00e3o e avalia\u00e7\u00e3o antitumoral de derivados tiof\u00eanicos-acrid\u00ednicos\u201d \u2013 Ricardo Olimpio de Moura, Vanessa Serafim, B\u00e1rbara Santos, Janderson Albuquerque, Mayara Monteiro e Isley Diniz.<\/p>\n<p>2\u00ba COLOCADO \u2013 \u201cAvalia\u00e7\u00e3o da atividade antimicrobiana dos derivados cumar\u00ednicos semi-sint\u00e9ticos\u201d \u2013 Francisco Jaime Mendon\u00e7a, Rodrigo de Ara\u00fajo, Daniela David, Jos\u00e9 P\u00ednto de Siqueira J\u00fanior, Edeltrudes Lima e Jos\u00e9 Maria Filho.<\/p>\n<p>3\u00ba COLOCADO \u2013 \u201cS\u00edntese e caracteriza\u00e7\u00e3o de novos derivados 2-Amino-4,5,6,7,8,9-Hexahydro-Ciclocta[B]Tiofeno-3-Carbonitrila\u201d &#8211; Francisco Jaime Mendon\u00e7a, Janderson Albuquerque, Mayara Monteiro, Vanessa Serafim e Isley Diniz.<\/p>\n","protected":false},"excerpt":{"rendered":"<p>A dire\u00e7\u00e3o do Centro de Ci\u00eancias Biol\u00f3gicas e Sociais Aplicadas da Universidade Estadual da Para\u00edba divulgou nesta segunda-feira (9) a lista de trabalhos premiados durante a 4\u00aa mostra cient\u00edfica de ensino, pesquisa e extens\u00e3o, que integrou a programa\u00e7\u00e3o de anivers\u00e1rio do Campus V, realizada nos dias 27 e 28 de agosto. Estava prevista para o <a class=\"leiamais\" href=\"https:\/\/centros.uepb.edu.br\/ccbsa\/direcao-do-ccbsa-divulga-lista-de-trabalhos-premiados-na-4a-mostra-cientifica-de-ensino-pesquisa-e-extensao\/\">Leia Mais&#8230;<\/a><\/p>\n","protected":false},"author":8,"featured_media":857,"comment_status":"open","ping_status":"open","sticky":false,"template":"","format":"standard","meta":{"footnotes":""},"categories":[3,5],"tags":[],"class_list":["post-864","post","type-post","status-publish","format-standard","has-post-thumbnail","hentry","category-noticias","category-visiveis"],"jetpack_featured_media_url":"https:\/\/centros.uepb.edu.br\/ccbsa\/files\/2013\/09\/SELO-J1.jpg","_links":{"self":[{"href":"https:\/\/centros.uepb.edu.br\/ccbsa\/wp-json\/wp\/v2\/posts\/864","targetHints":{"allow":["GET"]}}],"collection":[{"href":"https:\/\/centros.uepb.edu.br\/ccbsa\/wp-json\/wp\/v2\/posts"}],"about":[{"href":"https:\/\/centros.uepb.edu.br\/ccbsa\/wp-json\/wp\/v2\/types\/post"}],"author":[{"embeddable":true,"href":"https:\/\/centros.uepb.edu.br\/ccbsa\/wp-json\/wp\/v2\/users\/8"}],"replies":[{"embeddable":true,"href":"https:\/\/centros.uepb.edu.br\/ccbsa\/wp-json\/wp\/v2\/comments?post=864"}],"version-history":[{"count":0,"href":"https:\/\/centros.uepb.edu.br\/ccbsa\/wp-json\/wp\/v2\/posts\/864\/revisions"}],"wp:featuredmedia":[{"embeddable":true,"href":"https:\/\/centros.uepb.edu.br\/ccbsa\/wp-json\/wp\/v2\/media\/857"}],"wp:attachment":[{"href":"https:\/\/centros.uepb.edu.br\/ccbsa\/wp-json\/wp\/v2\/media?parent=864"}],"wp:term":[{"taxonomy":"category","embeddable":true,"href":"https:\/\/centros.uepb.edu.br\/ccbsa\/wp-json\/wp\/v2\/categories?post=864"},{"taxonomy":"post_tag","embeddable":true,"href":"https:\/\/centros.uepb.edu.br\/ccbsa\/wp-json\/wp\/v2\/tags?post=864"}],"curies":[{"name":"wp","href":"https:\/\/api.w.org\/{rel}","templated":true}]}}