{"id":847,"date":"2013-09-06T14:57:04","date_gmt":"2013-09-06T14:57:04","guid":{"rendered":"\/ccbsa\/?p=847"},"modified":"2013-09-09T19:23:23","modified_gmt":"2013-09-09T19:23:23","slug":"ensino-medio-do-campus-v-realiza-desfile-civico-pelas-ruas-dos-bairros-do-cristo","status":"publish","type":"post","link":"https:\/\/centros.uepb.edu.br\/ccbsa\/ensino-medio-do-campus-v-realiza-desfile-civico-pelas-ruas-dos-bairros-do-cristo\/","title":{"rendered":"Ensino m\u00e9dio do Campus V realiza desfile c\u00edvico pelas ruas do bairro do Cristo"},"content":{"rendered":"<p><a href=\"http:\/\/centros.ascom.uepb.edu.br\/ccbsa\/files\/2013\/09\/DSC04234ed.jpg\"><img loading=\"lazy\" decoding=\"async\" class=\"alignleft size-thumbnail wp-image-849 img-responsive\" alt=\"DSC04234ed\" src=\"http:\/\/centros.ascom.uepb.edu.br\/ccbsa\/files\/2013\/09\/DSC04234ed-150x150.jpg\" width=\"150\" height=\"150\" \/><\/a>O universo do escritor paraibano Jos\u00e9 Lins do R\u00eago, esse foi o tema apresentado pelos estudantes da Escola Jos\u00e9 Lins do R\u00eago, que integra o Campus V da Universidade Estadual da Para\u00edba, na manh\u00e3 desta sexta-feira (6), durante o desfile <a href=\"http:\/\/centros.ascom.uepb.edu.br\/ccbsa\/files\/2013\/09\/DSC04239ed.jpg\"><img loading=\"lazy\" decoding=\"async\" class=\"alignright size-thumbnail wp-image-850 img-responsive\" alt=\"DSC04239ed\" src=\"http:\/\/centros.ascom.uepb.edu.br\/ccbsa\/files\/2013\/09\/DSC04239ed-150x150.jpg\" width=\"150\" height=\"150\" \/><\/a>c\u00edvico pelas ruas do bairro do Cristo.<\/p>\n<p>A atividade alusiva ao dia 7 de setembro, data em que \u00e9 comemorada a Independ\u00eancia do Brasil, reuniu escolas de todo o bairro, que apresentaram suas atividades e projetos.<\/p>\n<p>Os duzentos estudantes do Jos\u00e9 Lins do R\u00eago que participaram do evento apresentaram as diversas obras de Jos\u00e9 Lins do R\u00eago, alguns caracterizados como os personagens criados pelo escritor paraibano, com maquetes apresentadas durante a Semana Cultural Jos\u00e9 Lins do R\u00eago realizada no Campus V, em agosto.<\/p>\n","protected":false},"excerpt":{"rendered":"<p>O universo do escritor paraibano Jos\u00e9 Lins do R\u00eago, esse foi o tema apresentado pelos estudantes da Escola Jos\u00e9 Lins do R\u00eago, que integra o Campus V da Universidade Estadual da Para\u00edba, na manh\u00e3 desta sexta-feira (6), durante o desfile c\u00edvico pelas ruas do bairro do Cristo. A atividade alusiva ao dia 7 de setembro, <a class=\"leiamais\" href=\"https:\/\/centros.uepb.edu.br\/ccbsa\/ensino-medio-do-campus-v-realiza-desfile-civico-pelas-ruas-dos-bairros-do-cristo\/\">Leia Mais&#8230;<\/a><\/p>\n","protected":false},"author":8,"featured_media":848,"comment_status":"open","ping_status":"open","sticky":false,"template":"","format":"standard","meta":{"footnotes":""},"categories":[1],"tags":[],"class_list":["post-847","post","type-post","status-publish","format-standard","has-post-thumbnail","hentry","category-sem-categoria"],"jetpack_featured_media_url":"https:\/\/centros.uepb.edu.br\/ccbsa\/files\/2013\/09\/DSC04248ed.jpg","_links":{"self":[{"href":"https:\/\/centros.uepb.edu.br\/ccbsa\/wp-json\/wp\/v2\/posts\/847","targetHints":{"allow":["GET"]}}],"collection":[{"href":"https:\/\/centros.uepb.edu.br\/ccbsa\/wp-json\/wp\/v2\/posts"}],"about":[{"href":"https:\/\/centros.uepb.edu.br\/ccbsa\/wp-json\/wp\/v2\/types\/post"}],"author":[{"embeddable":true,"href":"https:\/\/centros.uepb.edu.br\/ccbsa\/wp-json\/wp\/v2\/users\/8"}],"replies":[{"embeddable":true,"href":"https:\/\/centros.uepb.edu.br\/ccbsa\/wp-json\/wp\/v2\/comments?post=847"}],"version-history":[{"count":0,"href":"https:\/\/centros.uepb.edu.br\/ccbsa\/wp-json\/wp\/v2\/posts\/847\/revisions"}],"wp:featuredmedia":[{"embeddable":true,"href":"https:\/\/centros.uepb.edu.br\/ccbsa\/wp-json\/wp\/v2\/media\/848"}],"wp:attachment":[{"href":"https:\/\/centros.uepb.edu.br\/ccbsa\/wp-json\/wp\/v2\/media?parent=847"}],"wp:term":[{"taxonomy":"category","embeddable":true,"href":"https:\/\/centros.uepb.edu.br\/ccbsa\/wp-json\/wp\/v2\/categories?post=847"},{"taxonomy":"post_tag","embeddable":true,"href":"https:\/\/centros.uepb.edu.br\/ccbsa\/wp-json\/wp\/v2\/tags?post=847"}],"curies":[{"name":"wp","href":"https:\/\/api.w.org\/{rel}","templated":true}]}}