{"id":839,"date":"2013-09-04T15:10:02","date_gmt":"2013-09-04T15:10:02","guid":{"rendered":"\/ccbsa\/?p=839"},"modified":"2013-09-26T14:28:09","modified_gmt":"2013-09-26T14:28:09","slug":"fique-atento-calendario-academico-da-uepb-reune-atividades-academicas-e-solicitacoes-diversas-neste-mes","status":"publish","type":"post","link":"https:\/\/centros.uepb.edu.br\/ccbsa\/fique-atento-calendario-academico-da-uepb-reune-atividades-academicas-e-solicitacoes-diversas-neste-mes\/","title":{"rendered":"Matr\u00edculas online de estudantes veteranos da UEPB s\u00e3o realizadas at\u00e9 o dia 27 de setembro"},"content":{"rendered":"<p>De acordo com o [wpfilebase tag=fileurl id=10 linktext=&#8217; calend\u00e1rio acad\u00eamico&#8217; \/] da Universidade Estadual da Para\u00edba, divulgado pela pr\u00f3-reitoria de Gradua\u00e7\u00e3o (PROGRAD),\u00a0s\u00e3o realizadas at\u00e9 o dia\u00a027 de setembro,\u00a0as matr\u00edcula dos estudantes veteranos. O procedimento \u00e9 feito online pela p\u00e1gina de <a title=\"Controle Acad\u00eamico\" href=\"https:\/\/edna.uepb.edu.br\/ca\/index.php\/usuario\/autenticacao\" target=\"_blank\">Controle Acad\u00eamico<\/a> do site da Institui\u00e7\u00e3o.<\/p>\n<p>A PROGRAD informa ainda que prosseguem durante todo o m\u00eas, at\u00e9 o dia 8 de outubro, as solicita\u00e7\u00f5es de dispensa em componentes curriculares do per\u00edodo letivo 2013.2, que dever\u00e3o ser formalizadas junto \u00e0 Pr\u00f3-reitoria de Gradua\u00e7\u00e3o, com apresenta\u00e7\u00e3o do hist\u00f3rico escolar\u00a0 atualizado e os programas de disciplinas emitidos pela institui\u00e7\u00e3o de origem.<\/p>\n<p>Para outras informa\u00e7\u00f5es acesso o site da <a href=\"http:\/\/proreitorias.uepb.edu.br\/proeg\/?page_id=80\">PROGRAD<\/a> ou entre em contato com a secretaria de curso.<\/p>\n","protected":false},"excerpt":{"rendered":"<p>De acordo com o [wpfilebase tag=fileurl id=10 linktext=&#8217; calend\u00e1rio acad\u00eamico&#8217; \/] da Universidade Estadual da Para\u00edba, divulgado pela pr\u00f3-reitoria de Gradua\u00e7\u00e3o (PROGRAD),\u00a0s\u00e3o realizadas at\u00e9 o dia\u00a027 de setembro,\u00a0as matr\u00edcula dos estudantes veteranos. O procedimento \u00e9 feito online pela p\u00e1gina de Controle Acad\u00eamico do site da Institui\u00e7\u00e3o. A PROGRAD informa ainda que prosseguem durante todo o <a class=\"leiamais\" href=\"https:\/\/centros.uepb.edu.br\/ccbsa\/fique-atento-calendario-academico-da-uepb-reune-atividades-academicas-e-solicitacoes-diversas-neste-mes\/\">Leia Mais&#8230;<\/a><\/p>\n","protected":false},"author":8,"featured_media":840,"comment_status":"open","ping_status":"open","sticky":false,"template":"","format":"standard","meta":{"footnotes":""},"categories":[3,5],"tags":[],"class_list":["post-839","post","type-post","status-publish","format-standard","has-post-thumbnail","hentry","category-noticias","category-visiveis"],"jetpack_featured_media_url":"https:\/\/centros.uepb.edu.br\/ccbsa\/files\/2013\/09\/imagesCAMYUQL4.jpg","_links":{"self":[{"href":"https:\/\/centros.uepb.edu.br\/ccbsa\/wp-json\/wp\/v2\/posts\/839","targetHints":{"allow":["GET"]}}],"collection":[{"href":"https:\/\/centros.uepb.edu.br\/ccbsa\/wp-json\/wp\/v2\/posts"}],"about":[{"href":"https:\/\/centros.uepb.edu.br\/ccbsa\/wp-json\/wp\/v2\/types\/post"}],"author":[{"embeddable":true,"href":"https:\/\/centros.uepb.edu.br\/ccbsa\/wp-json\/wp\/v2\/users\/8"}],"replies":[{"embeddable":true,"href":"https:\/\/centros.uepb.edu.br\/ccbsa\/wp-json\/wp\/v2\/comments?post=839"}],"version-history":[{"count":0,"href":"https:\/\/centros.uepb.edu.br\/ccbsa\/wp-json\/wp\/v2\/posts\/839\/revisions"}],"wp:featuredmedia":[{"embeddable":true,"href":"https:\/\/centros.uepb.edu.br\/ccbsa\/wp-json\/wp\/v2\/media\/840"}],"wp:attachment":[{"href":"https:\/\/centros.uepb.edu.br\/ccbsa\/wp-json\/wp\/v2\/media?parent=839"}],"wp:term":[{"taxonomy":"category","embeddable":true,"href":"https:\/\/centros.uepb.edu.br\/ccbsa\/wp-json\/wp\/v2\/categories?post=839"},{"taxonomy":"post_tag","embeddable":true,"href":"https:\/\/centros.uepb.edu.br\/ccbsa\/wp-json\/wp\/v2\/tags?post=839"}],"curies":[{"name":"wp","href":"https:\/\/api.w.org\/{rel}","templated":true}]}}