{"id":832,"date":"2013-09-03T12:04:15","date_gmt":"2013-09-03T12:04:15","guid":{"rendered":"\/ccbsa\/?p=832"},"modified":"2013-09-18T14:22:01","modified_gmt":"2013-09-18T14:22:01","slug":"campus-v-realiza-colacao-de-grau-do-periodo-2013-1-no-dia-17-de-setembro","status":"publish","type":"post","link":"https:\/\/centros.uepb.edu.br\/ccbsa\/campus-v-realiza-colacao-de-grau-do-periodo-2013-1-no-dia-17-de-setembro\/","title":{"rendered":"Campus V realiza cola\u00e7\u00e3o de grau do per\u00edodo 2013.1 no dia 17 de setembro"},"content":{"rendered":"<p>O Campus V da Universidade Estadual da Para\u00edba realiza a cola\u00e7\u00e3o de grau do per\u00edodo letivo 2013.1, dos formandos dos bacharelados em Arquivologia, Ci\u00eancias Biol\u00f3gicas e Rela\u00e7\u00f5es Internacionais, no dia 17 de setembro, a partir das 18h, no audit\u00f3rio de Fonoaudiologia da Universidade Federal da Para\u00edba, localizado no Centro de Ci\u00eancias da S\u00e1ude, Campus I, Jo\u00e3o Pessoa.<\/p>\n<p>A paraninfa da turma \u00e9 a professora Ac\u00e1cia Maria Costa Garcia, que atua na Universidade Estadual da Para\u00edba desde 1998, com atividades ligadas aos tr\u00eas cursos e N\u00facleo de L\u00ednguas do Campus V. A docente \u00e9 doutora em Educa\u00e7\u00e3o Comparada pela University of London(1986) e p\u00f3s-doutorado pela Universit\u00e0 degli studi di Roma Ter (1993).<\/p>\n","protected":false},"excerpt":{"rendered":"<p>O Campus V da Universidade Estadual da Para\u00edba realiza a cola\u00e7\u00e3o de grau do per\u00edodo letivo 2013.1, dos formandos dos bacharelados em Arquivologia, Ci\u00eancias Biol\u00f3gicas e Rela\u00e7\u00f5es Internacionais, no dia 17 de setembro, a partir das 18h, no audit\u00f3rio de Fonoaudiologia da Universidade Federal da Para\u00edba, localizado no Centro de Ci\u00eancias da S\u00e1ude, Campus I, <a class=\"leiamais\" href=\"https:\/\/centros.uepb.edu.br\/ccbsa\/campus-v-realiza-colacao-de-grau-do-periodo-2013-1-no-dia-17-de-setembro\/\">Leia Mais&#8230;<\/a><\/p>\n","protected":false},"author":8,"featured_media":833,"comment_status":"open","ping_status":"open","sticky":false,"template":"","format":"standard","meta":{"footnotes":""},"categories":[1],"tags":[],"class_list":["post-832","post","type-post","status-publish","format-standard","has-post-thumbnail","hentry","category-sem-categoria"],"jetpack_featured_media_url":"https:\/\/centros.uepb.edu.br\/ccbsa\/files\/2013\/09\/034.jpg","_links":{"self":[{"href":"https:\/\/centros.uepb.edu.br\/ccbsa\/wp-json\/wp\/v2\/posts\/832","targetHints":{"allow":["GET"]}}],"collection":[{"href":"https:\/\/centros.uepb.edu.br\/ccbsa\/wp-json\/wp\/v2\/posts"}],"about":[{"href":"https:\/\/centros.uepb.edu.br\/ccbsa\/wp-json\/wp\/v2\/types\/post"}],"author":[{"embeddable":true,"href":"https:\/\/centros.uepb.edu.br\/ccbsa\/wp-json\/wp\/v2\/users\/8"}],"replies":[{"embeddable":true,"href":"https:\/\/centros.uepb.edu.br\/ccbsa\/wp-json\/wp\/v2\/comments?post=832"}],"version-history":[{"count":0,"href":"https:\/\/centros.uepb.edu.br\/ccbsa\/wp-json\/wp\/v2\/posts\/832\/revisions"}],"wp:featuredmedia":[{"embeddable":true,"href":"https:\/\/centros.uepb.edu.br\/ccbsa\/wp-json\/wp\/v2\/media\/833"}],"wp:attachment":[{"href":"https:\/\/centros.uepb.edu.br\/ccbsa\/wp-json\/wp\/v2\/media?parent=832"}],"wp:term":[{"taxonomy":"category","embeddable":true,"href":"https:\/\/centros.uepb.edu.br\/ccbsa\/wp-json\/wp\/v2\/categories?post=832"},{"taxonomy":"post_tag","embeddable":true,"href":"https:\/\/centros.uepb.edu.br\/ccbsa\/wp-json\/wp\/v2\/tags?post=832"}],"curies":[{"name":"wp","href":"https:\/\/api.w.org\/{rel}","templated":true}]}}