{"id":816,"date":"2013-08-29T16:59:01","date_gmt":"2013-08-29T16:59:01","guid":{"rendered":"\/ccbsa\/?p=816"},"modified":"2013-08-29T17:00:38","modified_gmt":"2013-08-29T17:00:38","slug":"docentes-da-uepb-realizam-lancamento-de-livro-com-textos-produzidos-por-estudantes-de-graduacao","status":"publish","type":"post","link":"https:\/\/centros.uepb.edu.br\/ccbsa\/docentes-da-uepb-realizam-lancamento-de-livro-com-textos-produzidos-por-estudantes-de-graduacao\/","title":{"rendered":"Docentes da UEPB realizam lan\u00e7amento de livro com textos produzidos por estudantes de gradua\u00e7\u00e3o"},"content":{"rendered":"<p><a href=\"http:\/\/centros.ascom.uepb.edu.br\/ccbsa\/files\/2013\/08\/DSC092961.jpg\"><img loading=\"lazy\" decoding=\"async\" class=\"alignleft size-thumbnail wp-image-818 img-responsive\" alt=\"SONY DSC\" src=\"http:\/\/centros.ascom.uepb.edu.br\/ccbsa\/files\/2013\/08\/DSC092961-150x150.jpg\" width=\"150\" height=\"150\" \/><\/a> Inseguran\u00e7a e medo de falar em p\u00fablico, falta de experi\u00eancia na produ\u00e7\u00e3o de g\u00eaneros textuais acad\u00eamicos, dificuldade em lidar com novos conhecimentos, essa \u00e9 uma realidade vivida por muitos estudantes no in\u00edcio dos cursos de gradua\u00e7\u00e3o, e foi a partir desse cen\u00e1rio que um grupo de docentes do Campus V da Universidade Estadual da Para\u00edba, resolveu desenvolver um trabalho de car\u00e1ter interdisciplinar que gerou v\u00e1rios frutos, entre eles o livro \u201cSemin\u00e1rios de saberes arquiv\u00edsticos: Pr\u00e1ticas de Leitura e Escrita na Universidade\u201d, lan\u00e7ado na tarde desta quarta-feira, 28 de agosto, durante o evento de 7 anos de cria\u00e7\u00e3o do Campus de Jo\u00e3o Pessoa.<\/p>\n<p>A publica\u00e7\u00e3o, organizada pelas professoras Eliete Correia e Francinete Fernandes, \u00e9 o primeiro volume da colet\u00e2nea \u201cInterfaces do aprendizado na Universidade\u201d, da Editora Appris, e re\u00fane textos, produzidos de 2007 a 2010, de estudantes <a href=\"http:\/\/centros.ascom.uepb.edu.br\/ccbsa\/files\/2013\/08\/971345_247058042100215_1808775544_n.jpg\"><img loading=\"lazy\" decoding=\"async\" class=\"alignright size-thumbnail wp-image-819 img-responsive\" alt=\"971345_247058042100215_1808775544_n\" src=\"http:\/\/centros.ascom.uepb.edu.br\/ccbsa\/files\/2013\/08\/971345_247058042100215_1808775544_n-150x150.jpg\" width=\"150\" height=\"150\" \/><\/a>e arquivistas, egressos do curso de Arquivologia da UEPB.<\/p>\n<p>O livro \u00e9 o resultado de um trabalho iniciado pela professora Eliete Correia a partir da experi\u00eancia nas aulas dos componentes curriculares \u201cOficina de Textos I e II\u201d do curso de Arquivologia.<\/p>\n<p>\u201cAo introduzirmos o estudo dos g\u00eaneros acad\u00eamicos, as discuss\u00f5es dos alunos em sala de aula revelaram as dificuldades tem\u00e1ticas, composicionais e lingu\u00edsticas. A maioria deles apresentou inseguran\u00e7a e medo ao falar em p\u00fablico e ao escrever textos. Nessa perspectiva, em parceria com as professoras Francinete Fernandes, ministrante dos componentes curriculares \u201cAn\u00e1lise document\u00e1ria I e II\u201d e \u201cFundamentos Arquiv\u00edsticos\u201d e Elis\u00e2ngela Mendon\u00e7a, respons\u00e1vel pela disciplina de \u201cMetodologia Cient\u00edfica\u201d pensamos na realiza\u00e7\u00e3o de um trabalho, de car\u00e1ter interdisciplinar, no qual os alunos pudessem produzir artigos cient\u00edficos que seriam orientados pelas docentes segundo a perspectiva de cada um desses componentes curriculares e seriam expostos e avaliados como trabalho final de todas as disciplinas\u201d, explicou a professora Eliete.<\/p>\n<p><a href=\"http:\/\/centros.ascom.uepb.edu.br\/ccbsa\/files\/2013\/08\/ELIETE.jpg\"><img loading=\"lazy\" decoding=\"async\" class=\"alignleft size-thumbnail wp-image-821 img-responsive\" alt=\"SONY DSC\" src=\"http:\/\/centros.ascom.uepb.edu.br\/ccbsa\/files\/2013\/08\/ELIETE-150x150.jpg\" width=\"150\" height=\"150\" \/><\/a>Essa experi\u00eancia resultou no Semin\u00e1rio de Saberes Arquiv\u00edsticos (SESA), cujas apresenta\u00e7\u00f5es estavam na modalidade de comunica\u00e7\u00e3o oral e foram publicados, internamente, em um cd de anais de cada semestre. As v\u00e1rias edi\u00e7\u00f5es do SESA, realizadas de 2007 a 2010, resultaram em mais de 200 artigos cient\u00edficos, publicados em peri\u00f3dicos da \u00e1rea, apresentados em eventos da pr\u00f3pria UEPB e de outras institui\u00e7\u00f5es, e, em alguns casos, os estudantes escolheram a tem\u00e1tica abordada em seus artigos para transform\u00e1-los nos Trabalhos de Conclus\u00e3o de Curso.<\/p>\n<p>Parte destas produ\u00e7\u00f5es foi selecionada pelas professoras Eliete Correia de Francinete Fernandes, que submeteram os trabalhos a pesquisadores de renome nacional e internacional, a exemplo da professora Helo\u00edsa Belloto, da USP, Fernanda Ribeiro, da Universidade do Porto, Ang\u00e9lica Martins, da UnB, al\u00e9m de outros docentes de relev\u00e2ncia na \u00e1rea de Arquivologia e Linguagem. O resultado desta sele\u00e7\u00e3o \u00e9 o livro \u201cSemin\u00e1rios de saberes arquiv\u00edsticos: Pr\u00e1ticas de Leitura e Escrita na Universidade\u201d.<\/p>\n<p>De acordo com a equipe respons\u00e1vel pela publica\u00e7\u00e3o \u201cconsiderando as necessidades acad\u00eamicas dos graduandos de Arquivologia o livro demonstrou um ensino de escrita que foi muito al\u00e9m da memoriza\u00e7\u00e3o de regras e normas, mas, apontou um caminho que come\u00e7a com o estabelecimento da finalidade, escrever um artigo, e passar por etapas como estudar o tema, identificar ideias principais, sumarizar, resenhar, coletar dados, analisar, escrever os resultados, apresenta-los em eventos internos da faculdade e publicar\u201d. S\u00e3o abordados diferentes temas da Arquivologia, como o diagn\u00f3stico de arquivo e sua rela\u00e7\u00e3o com as tecnologias da informa\u00e7\u00e3o, gerenciamento, preserva\u00e7\u00e3o de documentos e patrim\u00f4nio cultural.<\/p>\n<p>O livro \u00e9 o primeiro t\u00edtulo de uma cole\u00e7\u00e3o que dever\u00e1 vir em sequ\u00eancia, com trabalhos de docentes e pesquisadores de todo o mundo, da \u00e1rea de Arquivologia e Ci\u00eancia da Informa\u00e7\u00e3o, com par\u00e2metros elaborados pela coordena\u00e7\u00e3o de Aperfei\u00e7oamento de Pessoal de N\u00edvel Superior (Capes).<\/p>\n<p>Al\u00e9m do lan\u00e7amento realizado no Campus V, a publica\u00e7\u00e3o, coordenada por docentes da UEPB \u201cSemin\u00e1rios de saberes arquiv\u00edsticos: Pr\u00e1ticas de Leitura e Escrita na Universidade\u201d, tamb\u00e9m ser\u00e1 lan\u00e7ado no Instituto Federal de Educa\u00e7\u00e3o, Ci\u00eancias e Tecnologia da Para\u00edba, no dia 24 de setembro, e em Portugal, no m\u00eas de outubro.<\/p>\n","protected":false},"excerpt":{"rendered":"<p>Inseguran\u00e7a e medo de falar em p\u00fablico, falta de experi\u00eancia na produ\u00e7\u00e3o de g\u00eaneros textuais acad\u00eamicos, dificuldade em lidar com novos conhecimentos, essa \u00e9 uma realidade vivida por muitos estudantes no in\u00edcio dos cursos de gradua\u00e7\u00e3o, e foi a partir desse cen\u00e1rio que um grupo de docentes do Campus V da Universidade Estadual da Para\u00edba, <a class=\"leiamais\" href=\"https:\/\/centros.uepb.edu.br\/ccbsa\/docentes-da-uepb-realizam-lancamento-de-livro-com-textos-produzidos-por-estudantes-de-graduacao\/\">Leia Mais&#8230;<\/a><\/p>\n","protected":false},"author":8,"featured_media":0,"comment_status":"open","ping_status":"open","sticky":false,"template":"","format":"standard","meta":{"footnotes":""},"categories":[3,5],"tags":[],"class_list":["post-816","post","type-post","status-publish","format-standard","hentry","category-noticias","category-visiveis"],"jetpack_featured_media_url":"","_links":{"self":[{"href":"https:\/\/centros.uepb.edu.br\/ccbsa\/wp-json\/wp\/v2\/posts\/816","targetHints":{"allow":["GET"]}}],"collection":[{"href":"https:\/\/centros.uepb.edu.br\/ccbsa\/wp-json\/wp\/v2\/posts"}],"about":[{"href":"https:\/\/centros.uepb.edu.br\/ccbsa\/wp-json\/wp\/v2\/types\/post"}],"author":[{"embeddable":true,"href":"https:\/\/centros.uepb.edu.br\/ccbsa\/wp-json\/wp\/v2\/users\/8"}],"replies":[{"embeddable":true,"href":"https:\/\/centros.uepb.edu.br\/ccbsa\/wp-json\/wp\/v2\/comments?post=816"}],"version-history":[{"count":0,"href":"https:\/\/centros.uepb.edu.br\/ccbsa\/wp-json\/wp\/v2\/posts\/816\/revisions"}],"wp:attachment":[{"href":"https:\/\/centros.uepb.edu.br\/ccbsa\/wp-json\/wp\/v2\/media?parent=816"}],"wp:term":[{"taxonomy":"category","embeddable":true,"href":"https:\/\/centros.uepb.edu.br\/ccbsa\/wp-json\/wp\/v2\/categories?post=816"},{"taxonomy":"post_tag","embeddable":true,"href":"https:\/\/centros.uepb.edu.br\/ccbsa\/wp-json\/wp\/v2\/tags?post=816"}],"curies":[{"name":"wp","href":"https:\/\/api.w.org\/{rel}","templated":true}]}}