{"id":806,"date":"2013-08-29T14:10:40","date_gmt":"2013-08-29T14:10:40","guid":{"rendered":"\/ccbsa\/?p=806"},"modified":"2013-09-02T13:23:51","modified_gmt":"2013-09-02T13:23:51","slug":"arquivologia-e-relacoes-internacionais-divulgam-agenda-de-apresentacoes-de-trabalhos-de-conclusao-de-curso","status":"publish","type":"post","link":"https:\/\/centros.uepb.edu.br\/ccbsa\/arquivologia-e-relacoes-internacionais-divulgam-agenda-de-apresentacoes-de-trabalhos-de-conclusao-de-curso\/","title":{"rendered":"Arquivologia e Rela\u00e7\u00f5es Internacionais divulgam agenda de apresenta\u00e7\u00f5es de Trabalhos de Conclus\u00e3o de Curso"},"content":{"rendered":"<p>Os Bacharelados em Arquivologia e Rela\u00e7\u00f5es Internacionais do Campus V da Universidade Estadual da Para\u00edba, informam \u00e0 comunidade acad\u00eamica sobre as datas, hor\u00e1rios e locais de apresenta\u00e7\u00f5es dos Trabalhos de Conclus\u00e3o de Curso referentes ao per\u00edodo letivo 2013.1.<\/p>\n<p>Confira aqui a agenda de\u00a0[wpfilebase tag=fileurl id=36 linktext=Arquivologia \/] e [wpfilebase tag=fileurl id=35 linktext=&#8217;Rela\u00e7\u00f5es Internacionais&#8217; \/].<\/p>\n","protected":false},"excerpt":{"rendered":"<p>Os Bacharelados em Arquivologia e Rela\u00e7\u00f5es Internacionais do Campus V da Universidade Estadual da Para\u00edba, informam \u00e0 comunidade acad\u00eamica sobre as datas, hor\u00e1rios e locais de apresenta\u00e7\u00f5es dos Trabalhos de Conclus\u00e3o de Curso referentes ao per\u00edodo letivo 2013.1. Confira aqui a agenda de\u00a0[wpfilebase tag=fileurl id=36 linktext=Arquivologia \/] e [wpfilebase tag=fileurl id=35 linktext=&#8217;Rela\u00e7\u00f5es Internacionais&#8217; \/].<\/p>\n","protected":false},"author":8,"featured_media":0,"comment_status":"open","ping_status":"open","sticky":false,"template":"","format":"standard","meta":{"footnotes":""},"categories":[3,5],"tags":[],"class_list":["post-806","post","type-post","status-publish","format-standard","hentry","category-noticias","category-visiveis"],"jetpack_featured_media_url":"","_links":{"self":[{"href":"https:\/\/centros.uepb.edu.br\/ccbsa\/wp-json\/wp\/v2\/posts\/806","targetHints":{"allow":["GET"]}}],"collection":[{"href":"https:\/\/centros.uepb.edu.br\/ccbsa\/wp-json\/wp\/v2\/posts"}],"about":[{"href":"https:\/\/centros.uepb.edu.br\/ccbsa\/wp-json\/wp\/v2\/types\/post"}],"author":[{"embeddable":true,"href":"https:\/\/centros.uepb.edu.br\/ccbsa\/wp-json\/wp\/v2\/users\/8"}],"replies":[{"embeddable":true,"href":"https:\/\/centros.uepb.edu.br\/ccbsa\/wp-json\/wp\/v2\/comments?post=806"}],"version-history":[{"count":0,"href":"https:\/\/centros.uepb.edu.br\/ccbsa\/wp-json\/wp\/v2\/posts\/806\/revisions"}],"wp:attachment":[{"href":"https:\/\/centros.uepb.edu.br\/ccbsa\/wp-json\/wp\/v2\/media?parent=806"}],"wp:term":[{"taxonomy":"category","embeddable":true,"href":"https:\/\/centros.uepb.edu.br\/ccbsa\/wp-json\/wp\/v2\/categories?post=806"},{"taxonomy":"post_tag","embeddable":true,"href":"https:\/\/centros.uepb.edu.br\/ccbsa\/wp-json\/wp\/v2\/tags?post=806"}],"curies":[{"name":"wp","href":"https:\/\/api.w.org\/{rel}","templated":true}]}}