{"id":8027,"date":"2022-04-29T20:10:11","date_gmt":"2022-04-29T20:10:11","guid":{"rendered":"https:\/\/centros.uepb.edu.br\/ccbsa\/?p=8027"},"modified":"2022-04-29T20:10:11","modified_gmt":"2022-04-29T20:10:11","slug":"formandos-do-ccbsa-participam-de-solenidade-de-colacao-de-grau-do-periodo-letivo-2022-1","status":"publish","type":"post","link":"https:\/\/centros.uepb.edu.br\/ccbsa\/formandos-do-ccbsa-participam-de-solenidade-de-colacao-de-grau-do-periodo-letivo-2022-1\/","title":{"rendered":"Formandos do CCBSA participam de solenidade de cola\u00e7\u00e3o de grau do per\u00edodo letivo 2022.1"},"content":{"rendered":"\n\t\t<style type=\"text\/css\">\n\t\t\t#gallery-1 {\n\t\t\t\tmargin: auto;\n\t\t\t}\n\t\t\t#gallery-1 .gallery-item {\n\t\t\t\tfloat: left;\n\t\t\t\tmargin-top: 10px;\n\t\t\t\ttext-align: center;\n\t\t\t\twidth: 33%;\n\t\t\t}\n\t\t\t#gallery-1 img {\n\t\t\t\tborder: 2px solid #cfcfcf;\n\t\t\t}\n\t\t\t#gallery-1 .gallery-caption {\n\t\t\t\tmargin-left: 0;\n\t\t\t}\n\t\t\t\/* see gallery_shortcode() in wp-includes\/media.php *\/\n\t\t<\/style>\n\t\t<div id='gallery-1' class='gallery galleryid-8027 gallery-columns-3 gallery-size-full'><dl class='gallery-item'>\n\t\t\t<dt class='gallery-icon landscape'>\n\t\t\t\t<a href='https:\/\/centros.uepb.edu.br\/ccbsa\/files\/2022\/04\/IMG_5312.jpg'><img loading=\"lazy\" decoding=\"async\" width=\"1200\" height=\"800\" src=\"https:\/\/centros.uepb.edu.br\/ccbsa\/files\/2022\/04\/IMG_5312.jpg\" class=\"attachment-full size-full\" alt=\"\" srcset=\"https:\/\/centros.uepb.edu.br\/ccbsa\/files\/2022\/04\/IMG_5312.jpg 1200w, https:\/\/centros.uepb.edu.br\/ccbsa\/files\/2022\/04\/IMG_5312-300x200.jpg 300w, https:\/\/centros.uepb.edu.br\/ccbsa\/files\/2022\/04\/IMG_5312-1024x683.jpg 1024w, https:\/\/centros.uepb.edu.br\/ccbsa\/files\/2022\/04\/IMG_5312-768x512.jpg 768w, https:\/\/centros.uepb.edu.br\/ccbsa\/files\/2022\/04\/IMG_5312-370x247.jpg 370w, https:\/\/centros.uepb.edu.br\/ccbsa\/files\/2022\/04\/IMG_5312-840x560.jpg 840w\" sizes=\"auto, (max-width: 1200px) 100vw, 1200px\" \/><\/a>\n\t\t\t<\/dt><\/dl><dl class='gallery-item'>\n\t\t\t<dt class='gallery-icon landscape'>\n\t\t\t\t<a href='https:\/\/centros.uepb.edu.br\/ccbsa\/files\/2022\/04\/IMG_5318.jpg'><img loading=\"lazy\" decoding=\"async\" width=\"840\" height=\"454\" src=\"https:\/\/centros.uepb.edu.br\/ccbsa\/files\/2022\/04\/IMG_5318.jpg\" class=\"attachment-full size-full\" alt=\"\" srcset=\"https:\/\/centros.uepb.edu.br\/ccbsa\/files\/2022\/04\/IMG_5318.jpg 840w, https:\/\/centros.uepb.edu.br\/ccbsa\/files\/2022\/04\/IMG_5318-300x162.jpg 300w, https:\/\/centros.uepb.edu.br\/ccbsa\/files\/2022\/04\/IMG_5318-768x415.jpg 768w, https:\/\/centros.uepb.edu.br\/ccbsa\/files\/2022\/04\/IMG_5318-370x200.jpg 370w\" sizes=\"auto, (max-width: 840px) 100vw, 840px\" \/><\/a>\n\t\t\t<\/dt><\/dl><dl class='gallery-item'>\n\t\t\t<dt class='gallery-icon landscape'>\n\t\t\t\t<a href='https:\/\/centros.uepb.edu.br\/ccbsa\/files\/2022\/04\/IMG_5325.jpg'><img loading=\"lazy\" decoding=\"async\" width=\"1200\" height=\"1024\" src=\"https:\/\/centros.uepb.edu.br\/ccbsa\/files\/2022\/04\/IMG_5325.jpg\" class=\"attachment-full size-full\" alt=\"\" srcset=\"https:\/\/centros.uepb.edu.br\/ccbsa\/files\/2022\/04\/IMG_5325.jpg 1200w, https:\/\/centros.uepb.edu.br\/ccbsa\/files\/2022\/04\/IMG_5325-300x256.jpg 300w, https:\/\/centros.uepb.edu.br\/ccbsa\/files\/2022\/04\/IMG_5325-1024x874.jpg 1024w, https:\/\/centros.uepb.edu.br\/ccbsa\/files\/2022\/04\/IMG_5325-768x655.jpg 768w, https:\/\/centros.uepb.edu.br\/ccbsa\/files\/2022\/04\/IMG_5325-370x316.jpg 370w, https:\/\/centros.uepb.edu.br\/ccbsa\/files\/2022\/04\/IMG_5325-840x717.jpg 840w\" sizes=\"auto, (max-width: 1200px) 100vw, 1200px\" \/><\/a>\n\t\t\t<\/dt><\/dl><br style=\"clear: both\" \/>\n\t\t<\/div>\n\n<p>Depois de semestres com atividades presenciais suspensas, aos poucos a rotina acad\u00eamica vai retornando \u00e0 normalidade. Nesta sexta-feira (29) o Centro de Ci\u00eancias Biol\u00f3gicas e Sociais Aplicadas (CCBSA) da Universidade Estadual da Para\u00edba (UEPB), p\u00f4de realizar novamente a cerim\u00f4nia de cola\u00e7\u00e3o de grau com a participa\u00e7\u00e3o, de forma presencial, de parte dos discentes, docentes e t\u00e9cnicos-administrativos da Universidade Estadual da Para\u00edba (UEPB). O evento, que colocou a disposi\u00e7\u00e3o do mercado profissionais da \u00e1rea de Arquivologia, Ci\u00eancias Biol\u00f3gicas Rela\u00e7\u00f5es Internacionais, Administra\u00e7\u00e3o P\u00fablica e Geografia, foi transmitido pelo canal da Rede UEPB no YouTube.<\/p>\n<p>Compuseram a mesa de honra da solenidade, a vice-reitora da UEPB, professora Ivonildes Fonseca; o pro-reitor de gradua\u00e7\u00e3o da Institui\u00e7\u00e3o, professor Eli Brand\u00e3o; o pro-reitor de p\u00f3s-gradua\u00e7\u00e3o e pesquisa da UEPB, professor Francisco Jaime Bezerra Mendon\u00e7a J\u00fanior; o diretor do CCBSA, professor Cleber Salimon; a coordenadora do curso de Arquivologia, professora Eliete Correia dos Santos; a coordenadora do bacharelado de Ci\u00eancias Biol\u00f3gicas, Brigida Lucena; o coordenador adjunto da gradua\u00e7\u00e3o em Rela\u00e7\u00f5es Internacionais, professor Carlos Enrique Ruiz e a coordenadora do polo de Educa\u00e7\u00e3o a Dist\u00e2ncia de Jo\u00e3o Pessoa, professora Maria Suely Mesquita.<\/p>\n<p>O orador oficial, o formando do bacharelado em Ci\u00eancias Biol\u00f3gicas, Gabriel Douglas da Silva, fez um discurso emocionado, enfatizando a supera\u00e7\u00e3o vivenciada pelos concluintes que tiveram que finalizar os cursos em meio a uma pandemia.<\/p>\n<p>\u201cHoje \u00e9 um dia especial para todos n\u00f3s. Um dia de lembran\u00e7as e tamb\u00e9m de despedidas. Embora cada um de n\u00f3s tenham vidas diferentes e tracem caminhos distintos, n\u00f3s, estudantes, compartilhamos hist\u00f3rias, dificuldades, problemas, fracassos e supera\u00e7\u00f5es. Passamos por muita coisa, mas, tudo valeu a pena porque cada um de n\u00f3s tem o mesmo objetivo: o de finalizar de vez esse ciclo que come\u00e7amos h\u00e1 alguns anos atr\u00e1s. Estes dois \u00faltimos anos n\u00e3o foram f\u00e1ceis pra ningu\u00e9m, isso \u00e9 fato. Enfrentar uma pandemia e ter que se isolar por meses teve um peso muito grande. Foram anos de muitas dificuldades, que nos desmotivaram, que nos fizeram querer desistir, mas, felizmente t\u00ednhamos pessoas para nos motivar a seguir em frente e finalizar essa jornada. A partir desse momento, cada um de n\u00f3s seguir\u00e1 uma dire\u00e7\u00e3o e tra\u00e7ar\u00e1 a sua trajet\u00f3ria profissional. Desejo a todos um caminho vitorioso cheio de conquistas e de supera\u00e7\u00e3o de limites\u201d, concluiu Gabriel.<\/p>\n<p>Em sua fala, a vice-reitora da UEPB, professora Ivonildes Fonseca, saudou as pessoas que estavam no evento e parabenizou a turma de concluintes e fam\u00edlias pela conquista do grau acad\u00eamico. A docente utilizou da m\u00fasica \u201cNovo Tempo\u201d, de Ivan Lins para lembrar as dificuldades superadas ao longo dos \u00faltimos anos e trouxe uma mensagem de fraternidade e esperan\u00e7a.<\/p>\n<p>\u201cSe f\u00f4ssemos avaliar o percurso dessa turma de concluintes que hoje est\u00e3o aqui nesta cerim\u00f4nia utilizando palavras, certamente seriam mencionados termos como alegria, satisfa\u00e7\u00e3o, dor, medo, incerteza, des\u00e2nimo, esperan\u00e7a. Foi um percurso desafiador, mas, sobretudo com rela\u00e7\u00e3o \u00e0 pandemia, estamos vencendo gra\u00e7as \u00e0 ci\u00eancia e \u00e0 ades\u00e3o das pessoas \u00e0 vacina\u00e7\u00e3o. Saibam que sempre existir\u00e3o percal\u00e7os no caminho, mas, precisamos ter esperan\u00e7a em ciclos melhores, e entender que, diante das dificuldades, a \u00fanica solu\u00e7\u00e3o \u00e9 a uni\u00e3o, a fraternidade\u201d, declara a professora Ivonildes.<\/p>\n<p>O pro-reitor de gradua\u00e7\u00e3o, professor Eli Brand\u00e3o, fez um balan\u00e7o das a\u00e7\u00f5es realizadas durante a pandemia, enalteceu o trabalho das universidades e centros de pesquisa para o enfrentamento ao v\u00edrus da covid-19 e tamb\u00e9m transmitiu um recado marcado pela esperan\u00e7a. O docente destacou, ainda, que as cola\u00e7\u00f5es de grau realizadas recentemente n\u00e3o contaram com paraninfos porque as homenageadas foram dedicadas, exclusivamente, \u00e0s v\u00edtimas de covid-19.<\/p>\n<p>\u201cEsses tempos que estamos vivendo me lembram o poema \u201cA Odiss\u00e9ia\u201d, de Homero. Tal qual Ulisses, que depois de passar dez anos na Guerra de Troia leva 17 anos para voltar pra casa, n\u00f3s somos testemunhas de uma realidade tr\u00e1gica da pandemia e estamos trilhando esse percurso de supera\u00e7\u00e3o deste panorama. E, nesse sentido, eu destaco que, n\u00e3o fosse o servi\u00e7o p\u00fablica e a pesquisa que desenvolvemos, n\u00e3o seria poss\u00edvel superar esse panorama. Precisamos defender a ci\u00eancia como um processo civilizat\u00f3rio que nos trouxe at\u00e9 aqui. E todos n\u00f3s somos agentes de mudan\u00e7a e temos um compromisso, n\u00e3o podemos nos tornar ap\u00e1ticos diante daqueles que querem transformar a estupidez em virtude, que disseminam o \u00f3dio, a mis\u00e9ria, a destrui\u00e7\u00e3o do meio ambiente. Precisamos ter esperan\u00e7a, no sentido propagado por Paulo Freire, relacionada ao verbo esperan\u00e7ar, ou seja, que nos fa\u00e7a ir adiante. Segundo Santo Agostinho \u2018a esperan\u00e7a tem duas filhas lindas, a indigna\u00e7\u00e3o e a coragem; a indigna\u00e7\u00e3o nos ensina a n\u00e3o aceitar as coisas como est\u00e3o; a coragem, a mud\u00e1-las\u2019, \u00e9 preciso t\u00ea-las como horizonte ao longo das nossas vidas\u201d, declara o professor Eli Brand\u00e3o.<\/p>\n<p>O diretor do CCBSA, professor Cl\u00e9ber Salimon, tamb\u00e9m trouxe conselhos para a turma de concluintes. \u201cAbram os olhos, saiam das m\u00eddias sociais e aproveitem a vida. Esse ano ser\u00e1 de transi\u00e7\u00e3o pol\u00edtica, precisamos optar pela democracia se quisermos sair dessa depress\u00e3o que o pa\u00eds vivencia. Espero que esse ciclo pol\u00edtico se feche e todos n\u00f3s temos responsabilidade quanto a isso. Sigam em frente com vontade de viver. A UEPB n\u00e3o deu asas, voc\u00eas j\u00e1 as tinham, mas aqui aprenderam a voar, voem alto!\u201d, conclui.<\/p>\n<p>A juramentista da turma de concluintes foi a formanda do curso de Arquivologia Rebeca Kelly Lima Vieira. E a formanda do curso de Arquivologia, Renatha Alves de Lima, recebeu o grau acad\u00eamico em nome dos demais formandos concedido pela coordenadora do curso de Arquivologia Eliete Correia dos Santos.<\/p>\n<p>Texto: Juliana Marques<\/p>\n","protected":false},"excerpt":{"rendered":"<p>Depois de semestres com atividades presenciais suspensas, aos poucos a rotina acad\u00eamica vai retornando \u00e0 normalidade. Nesta sexta-feira (29) o Centro de Ci\u00eancias Biol\u00f3gicas e Sociais Aplicadas (CCBSA) da Universidade Estadual da Para\u00edba (UEPB), p\u00f4de realizar novamente a cerim\u00f4nia de cola\u00e7\u00e3o de grau com a participa\u00e7\u00e3o, de forma presencial, de parte dos discentes, docentes e <a class=\"leiamais\" href=\"https:\/\/centros.uepb.edu.br\/ccbsa\/formandos-do-ccbsa-participam-de-solenidade-de-colacao-de-grau-do-periodo-letivo-2022-1\/\">Leia Mais&#8230;<\/a><\/p>\n","protected":false},"author":8,"featured_media":8031,"comment_status":"closed","ping_status":"closed","sticky":false,"template":"","format":"standard","meta":{"footnotes":""},"categories":[3,11],"tags":[],"class_list":["post-8027","post","type-post","status-publish","format-standard","has-post-thumbnail","hentry","category-noticias","category-noticias-destaque-img"],"jetpack_featured_media_url":"https:\/\/centros.uepb.edu.br\/ccbsa\/files\/2022\/04\/IMG_5318-1.jpg","_links":{"self":[{"href":"https:\/\/centros.uepb.edu.br\/ccbsa\/wp-json\/wp\/v2\/posts\/8027","targetHints":{"allow":["GET"]}}],"collection":[{"href":"https:\/\/centros.uepb.edu.br\/ccbsa\/wp-json\/wp\/v2\/posts"}],"about":[{"href":"https:\/\/centros.uepb.edu.br\/ccbsa\/wp-json\/wp\/v2\/types\/post"}],"author":[{"embeddable":true,"href":"https:\/\/centros.uepb.edu.br\/ccbsa\/wp-json\/wp\/v2\/users\/8"}],"replies":[{"embeddable":true,"href":"https:\/\/centros.uepb.edu.br\/ccbsa\/wp-json\/wp\/v2\/comments?post=8027"}],"version-history":[{"count":0,"href":"https:\/\/centros.uepb.edu.br\/ccbsa\/wp-json\/wp\/v2\/posts\/8027\/revisions"}],"wp:featuredmedia":[{"embeddable":true,"href":"https:\/\/centros.uepb.edu.br\/ccbsa\/wp-json\/wp\/v2\/media\/8031"}],"wp:attachment":[{"href":"https:\/\/centros.uepb.edu.br\/ccbsa\/wp-json\/wp\/v2\/media?parent=8027"}],"wp:term":[{"taxonomy":"category","embeddable":true,"href":"https:\/\/centros.uepb.edu.br\/ccbsa\/wp-json\/wp\/v2\/categories?post=8027"},{"taxonomy":"post_tag","embeddable":true,"href":"https:\/\/centros.uepb.edu.br\/ccbsa\/wp-json\/wp\/v2\/tags?post=8027"}],"curies":[{"name":"wp","href":"https:\/\/api.w.org\/{rel}","templated":true}]}}