{"id":8005,"date":"2022-04-27T11:38:44","date_gmt":"2022-04-27T11:38:44","guid":{"rendered":"https:\/\/centros.uepb.edu.br\/ccbsa\/?p=8005"},"modified":"2022-04-27T17:07:25","modified_gmt":"2022-04-27T17:07:25","slug":"centro-de-estudos-da-uepb-e-contemplado-com-emenda-parlamentar-e-seleciona-bolsistas-para-projetos-do-campus-v","status":"publish","type":"post","link":"https:\/\/centros.uepb.edu.br\/ccbsa\/centro-de-estudos-da-uepb-e-contemplado-com-emenda-parlamentar-e-seleciona-bolsistas-para-projetos-do-campus-v\/","title":{"rendered":"Centro de Estudos do c\u00e2mpus V \u00e9 contemplado com emenda parlamentar e seleciona bolsistas para projetos"},"content":{"rendered":"<p><a href=\"https:\/\/centros.uepb.edu.br\/ccbsa\/files\/2022\/04\/CEAP.png\"><img loading=\"lazy\" decoding=\"async\" class=\"aligncenter size-full wp-image-8007 img-responsive\" src=\"https:\/\/centros.uepb.edu.br\/ccbsa\/files\/2022\/04\/CEAP.png\" alt=\"\" width=\"840\" height=\"454\" srcset=\"https:\/\/centros.uepb.edu.br\/ccbsa\/files\/2022\/04\/CEAP.png 840w, https:\/\/centros.uepb.edu.br\/ccbsa\/files\/2022\/04\/CEAP-300x162.png 300w, https:\/\/centros.uepb.edu.br\/ccbsa\/files\/2022\/04\/CEAP-768x415.png 768w, https:\/\/centros.uepb.edu.br\/ccbsa\/files\/2022\/04\/CEAP-370x200.png 370w\" sizes=\"auto, (max-width: 840px) 100vw, 840px\" \/><\/a><\/p>\n<p>O Centro de Estudos Avan\u00e7ados em Pol\u00edticas P\u00fablicas e Governan\u00e7a (CEAPPG) e a Pr\u00f3 Reitoria de Extens\u00e3o da Universidade Estadual da Para\u00edba (UEPB), foram contemplados, recentemente, com uma emenda Parlamentar, que ir\u00e1 fortalecer as a\u00e7\u00f5es de ensino, pesquisa e extens\u00e3o por meio de bolsas de extens\u00e3o destinadas aos discentes do c\u00e2mpus V da UEPB. De acordo com o edital que regulamenta a oferta das bolsas, ao todo, s\u00e3o oferecidas, 18 bolsas, com dura\u00e7\u00e3o de seis meses, no valor de 400,00 reais mensais.<\/p>\n<p>A emenda parlamentar, de autoria da Deputada Estadual Estela Bezerra, se destina a apoiar projetos que estejam est\u00e3o alinhados aos Objetivos de Desenvolvimento Sustent\u00e1vel, Agenda 2030 da ONU, promovendo o conhecimento especializado e aplicado aos problemas do Estado da Para\u00edba. Al\u00e9m disso, a iniciativa objetiva reafirmar a import\u00e2ncia da extens\u00e3o universit\u00e1ria para a constru\u00e7\u00e3o do conhecimento dial\u00f3gico entre a comunidade acad\u00eamica e sociedade levando-se em considera\u00e7\u00e3o sua multiplicidade de saberes e estimular a\u00e7\u00f5es voltadas ao fortalecimento do elo entre Universidade e sociedade.<\/p>\n<p>O edital que regulamenta a oferta das bolsas que ser\u00e3o oferecidas aos discentes do c\u00e2mpus V contempla, nesta primeira fase, estudantes das gradua\u00e7\u00f5es em Arquivologia, Ci\u00eancias Biol\u00f3gicas e Rela\u00e7\u00f5es Internacionais, que ir\u00e3o atuar nos projetos: \u201cCineclube Campus V\u201d, que emprega o cinema como um canal educacional e como promotor da cidadania entre alunos do ensino m\u00e9dio (ECIT Francisca Ascen\u00e7\u00e3o Cunha e com a Escola Orlando Cavalcanti) e da UEPB e pessoas da comunidade do bairro Cristo-Rangel; \u201cMobiliza\u00e7\u00e3o, inclus\u00e3o e forma\u00e7\u00e3o de catadores\/as de materiais recicl\u00e1veis da cidade de Jo\u00e3o Pessoa: uma experi\u00eancia necess\u00e1ria\u201d, \u00a0que atende cerca de 600 catadores\/as de materiais recicl\u00e1veis existentes no munic\u00edpio de Jo\u00e3o Pessoa; \u201cMUDDE | Mem\u00f3ria, sociedade e cidadania: reflex\u00e3o para al\u00e9m dos muros acad\u00eamicos\u201d, que promove a reflex\u00e3o social atrav\u00e9s de rodas cidad\u00e3s, m\u00fasica e produ\u00e7\u00e3o de conte\u00fado via redes sociais.<\/p>\n<p>E ainda: \u201cProjeto HUMANIZA\u201d, que vem sendo realizado junto a estudantes do ensino m\u00e9dio da Escola Estadual Professor Orlando Cavalcanti Gomes, com o objetivo de promover uma educa\u00e7\u00e3o em direitos humanos com base na pedagogia social cr\u00edtica e numa perspectiva do Sul Global; \u201cProjeto MUNDI (Modelo Universit\u00e1rio de Diplomacia)\u201d, simulador de organiza\u00e7\u00f5es Internacionais voltado \u00e0s \u00e1reas de Rela\u00e7\u00f5es Internacionais, e \u201cA Pol\u00edtica Externa Brasileira e a Reforma do Conselho de Seguran\u00e7a da Organiza\u00e7\u00e3o das Na\u00e7\u00f5es Unidas\u201d, projeto aprovado pelo Edital Universal da FAPESQ (2022-2024) que objetiva produzir conhecimentos e an\u00e1lises cient\u00edficas sobre as formula\u00e7\u00f5es e as a\u00e7\u00f5es de pol\u00edtica externa brasileira sobre Reforma do Conselho de Seguran\u00e7a da ONU, a partir de 1994.<\/p>\n<p>De acordo com o coordenador do CEAPPG, professor Carlos Enrique Ruiz a Emenda da deputada Estela Bezerra, trata-se de uma grande conquista para a UEPB e para o Centro de Estudos em Pol\u00edticas P\u00fablicas e Governan\u00e7a, pois ir\u00e1 fortalecer os trabalhos de pesquisa e extens\u00e3o deste.<\/p>\n<p>\u201cEssa iniciativa \u00e9 importante, primeiro pelo fato de que, justo nesta semana, voltamos \u00e0s aulas presenciais e a Emenda d\u00e1 oportunidade aos alunos e alunas do Campus V de conseguirem uma bolsa de extens\u00e3o e fortalecer n\u00e3o apenas seus estudos, mas, consolidar o trabalho com a comunidade de fora da Universidade. Depois, porque estamos vivendo um per\u00edodo muito grave de desinvestimento em educa\u00e7\u00e3o, ci\u00eancia e tecnologia, por parte do Governo Federal. Os recursos s\u00e3o m\u00ednimos, escassos, para a educa\u00e7\u00e3o\u201d, avalia o professor Carlos Enrique.<\/p>\n<p>Para participar da sele\u00e7\u00e3o de bolsas ofertadas neste edital do CEAPPG \u00e9 necess\u00e1rio ser aluno regularmente matriculado nos cursos de gradua\u00e7\u00e3o em Arquivologia, Ci\u00eancias Biol\u00f3gicas ou Rela\u00e7\u00f5es Internacionais do c\u00e2mpus V; n\u00e3o receber bolsa de estudo ou de pesquisa do PIBIC\/CNPQ\/UEPB, nem em outras modalidades; n\u00e3o receber remunera\u00e7\u00e3o referente a est\u00e1gio eletivo; n\u00e3o possuir v\u00ednculo empregat\u00edcio em firmas, empresas, institui\u00e7\u00f5es governamentais, ONG ou de qualquer outra natureza trabalhista; estar matriculado e cursando a partir do 2\u00ba. at\u00e9 o pen\u00faltimo per\u00edodo e ter o CRE acima de 7. 4.<\/p>\n<p>As inscri\u00e7\u00f5es devem ser realizadas at\u00e9 \u00e0s 14h do dia 29 de abril de 2022 via e-mail, para ceappg.uepb@gmail.com. O candidato dever\u00e1 enviar como anexo \u00fanico ao e- mail, em arquivo PDF, uma Carta de apresenta\u00e7\u00e3o na qual o candidato exponha os motivos pelos quais se interessa em participar do projeto; formul\u00e1rio de inscri\u00e7\u00e3o devidamente preenchido; termo de compromisso em que declara n\u00e3o ser aluno bolsista da UEPB nem de qualquer outra institui\u00e7\u00e3o e ter disponibilidade de vinte horas semanais para dedica\u00e7\u00e3o ao projeto ao qual se vincular\u00e1; c\u00f3pia da Carteira de Identidade; c\u00f3pia do CPF; c\u00f3pia do comprovante de resid\u00eancia; c\u00f3pia do comprovante de matr\u00edcula (RDM e c\u00f3pia do Hist\u00f3rico Acad\u00eamico.<\/p>\n<p>Acesse o edital [wpfilebase tag=fileurl id=620 linktext=&#8217;aqui.&#8217; \/]<\/p>\n<p><em><strong>Texto:<\/strong> Juliana Marques<\/em><\/p>\n","protected":false},"excerpt":{"rendered":"<p>O Centro de Estudos Avan\u00e7ados em Pol\u00edticas P\u00fablicas e Governan\u00e7a (CEAPPG) e a Pr\u00f3 Reitoria de Extens\u00e3o da Universidade Estadual da Para\u00edba (UEPB), foram contemplados, recentemente, com uma emenda Parlamentar, que ir\u00e1 fortalecer as a\u00e7\u00f5es de ensino, pesquisa e extens\u00e3o por meio de bolsas de extens\u00e3o destinadas aos discentes do c\u00e2mpus V da UEPB. De <a class=\"leiamais\" href=\"https:\/\/centros.uepb.edu.br\/ccbsa\/centro-de-estudos-da-uepb-e-contemplado-com-emenda-parlamentar-e-seleciona-bolsistas-para-projetos-do-campus-v\/\">Leia Mais&#8230;<\/a><\/p>\n","protected":false},"author":8,"featured_media":8007,"comment_status":"closed","ping_status":"closed","sticky":false,"template":"","format":"standard","meta":{"footnotes":""},"categories":[3,11],"tags":[],"class_list":["post-8005","post","type-post","status-publish","format-standard","has-post-thumbnail","hentry","category-noticias","category-noticias-destaque-img"],"jetpack_featured_media_url":"https:\/\/centros.uepb.edu.br\/ccbsa\/files\/2022\/04\/CEAP.png","_links":{"self":[{"href":"https:\/\/centros.uepb.edu.br\/ccbsa\/wp-json\/wp\/v2\/posts\/8005","targetHints":{"allow":["GET"]}}],"collection":[{"href":"https:\/\/centros.uepb.edu.br\/ccbsa\/wp-json\/wp\/v2\/posts"}],"about":[{"href":"https:\/\/centros.uepb.edu.br\/ccbsa\/wp-json\/wp\/v2\/types\/post"}],"author":[{"embeddable":true,"href":"https:\/\/centros.uepb.edu.br\/ccbsa\/wp-json\/wp\/v2\/users\/8"}],"replies":[{"embeddable":true,"href":"https:\/\/centros.uepb.edu.br\/ccbsa\/wp-json\/wp\/v2\/comments?post=8005"}],"version-history":[{"count":0,"href":"https:\/\/centros.uepb.edu.br\/ccbsa\/wp-json\/wp\/v2\/posts\/8005\/revisions"}],"wp:featuredmedia":[{"embeddable":true,"href":"https:\/\/centros.uepb.edu.br\/ccbsa\/wp-json\/wp\/v2\/media\/8007"}],"wp:attachment":[{"href":"https:\/\/centros.uepb.edu.br\/ccbsa\/wp-json\/wp\/v2\/media?parent=8005"}],"wp:term":[{"taxonomy":"category","embeddable":true,"href":"https:\/\/centros.uepb.edu.br\/ccbsa\/wp-json\/wp\/v2\/categories?post=8005"},{"taxonomy":"post_tag","embeddable":true,"href":"https:\/\/centros.uepb.edu.br\/ccbsa\/wp-json\/wp\/v2\/tags?post=8005"}],"curies":[{"name":"wp","href":"https:\/\/api.w.org\/{rel}","templated":true}]}}