{"id":7998,"date":"2022-04-26T11:07:40","date_gmt":"2022-04-26T11:07:40","guid":{"rendered":"https:\/\/centros.uepb.edu.br\/ccbsa\/?p=7998"},"modified":"2022-04-26T11:07:40","modified_gmt":"2022-04-26T11:07:40","slug":"visitas-guiadas-e-palestras-marcam-a-retomada-de-atividades-presenciais-no-campus-de-joao-pessoa","status":"publish","type":"post","link":"https:\/\/centros.uepb.edu.br\/ccbsa\/visitas-guiadas-e-palestras-marcam-a-retomada-de-atividades-presenciais-no-campus-de-joao-pessoa\/","title":{"rendered":"Visitas guiadas e palestras marcam a retomada de atividades presenciais no c\u00e2mpus de Jo\u00e3o Pessoa"},"content":{"rendered":"\n\t\t<style type=\"text\/css\">\n\t\t\t#gallery-1 {\n\t\t\t\tmargin: auto;\n\t\t\t}\n\t\t\t#gallery-1 .gallery-item {\n\t\t\t\tfloat: left;\n\t\t\t\tmargin-top: 10px;\n\t\t\t\ttext-align: center;\n\t\t\t\twidth: 33%;\n\t\t\t}\n\t\t\t#gallery-1 img {\n\t\t\t\tborder: 2px solid #cfcfcf;\n\t\t\t}\n\t\t\t#gallery-1 .gallery-caption {\n\t\t\t\tmargin-left: 0;\n\t\t\t}\n\t\t\t\/* see gallery_shortcode() in wp-includes\/media.php *\/\n\t\t<\/style>\n\t\t<div id='gallery-1' class='gallery galleryid-7998 gallery-columns-3 gallery-size-full'><dl class='gallery-item'>\n\t\t\t<dt class='gallery-icon landscape'>\n\t\t\t\t<a href='https:\/\/centros.uepb.edu.br\/ccbsa\/files\/2022\/04\/IMG_5248edit-1.jpg'><img loading=\"lazy\" decoding=\"async\" width=\"840\" height=\"454\" src=\"https:\/\/centros.uepb.edu.br\/ccbsa\/files\/2022\/04\/IMG_5248edit-1.jpg\" class=\"attachment-full size-full\" alt=\"\" srcset=\"https:\/\/centros.uepb.edu.br\/ccbsa\/files\/2022\/04\/IMG_5248edit-1.jpg 840w, https:\/\/centros.uepb.edu.br\/ccbsa\/files\/2022\/04\/IMG_5248edit-1-300x162.jpg 300w, https:\/\/centros.uepb.edu.br\/ccbsa\/files\/2022\/04\/IMG_5248edit-1-768x415.jpg 768w, https:\/\/centros.uepb.edu.br\/ccbsa\/files\/2022\/04\/IMG_5248edit-1-370x200.jpg 370w\" sizes=\"auto, (max-width: 840px) 100vw, 840px\" \/><\/a>\n\t\t\t<\/dt><\/dl><dl class='gallery-item'>\n\t\t\t<dt class='gallery-icon landscape'>\n\t\t\t\t<a href='https:\/\/centros.uepb.edu.br\/ccbsa\/files\/2022\/04\/IMG_5253edit.jpg'><img loading=\"lazy\" decoding=\"async\" width=\"840\" height=\"560\" src=\"https:\/\/centros.uepb.edu.br\/ccbsa\/files\/2022\/04\/IMG_5253edit.jpg\" class=\"attachment-full size-full\" alt=\"\" srcset=\"https:\/\/centros.uepb.edu.br\/ccbsa\/files\/2022\/04\/IMG_5253edit.jpg 840w, https:\/\/centros.uepb.edu.br\/ccbsa\/files\/2022\/04\/IMG_5253edit-300x200.jpg 300w, https:\/\/centros.uepb.edu.br\/ccbsa\/files\/2022\/04\/IMG_5253edit-768x512.jpg 768w, https:\/\/centros.uepb.edu.br\/ccbsa\/files\/2022\/04\/IMG_5253edit-370x247.jpg 370w\" sizes=\"auto, (max-width: 840px) 100vw, 840px\" \/><\/a>\n\t\t\t<\/dt><\/dl><dl class='gallery-item'>\n\t\t\t<dt class='gallery-icon landscape'>\n\t\t\t\t<a href='https:\/\/centros.uepb.edu.br\/ccbsa\/files\/2022\/04\/IMG_5261.jpg'><img loading=\"lazy\" decoding=\"async\" width=\"840\" height=\"560\" src=\"https:\/\/centros.uepb.edu.br\/ccbsa\/files\/2022\/04\/IMG_5261.jpg\" class=\"attachment-full size-full\" alt=\"\" srcset=\"https:\/\/centros.uepb.edu.br\/ccbsa\/files\/2022\/04\/IMG_5261.jpg 840w, https:\/\/centros.uepb.edu.br\/ccbsa\/files\/2022\/04\/IMG_5261-300x200.jpg 300w, https:\/\/centros.uepb.edu.br\/ccbsa\/files\/2022\/04\/IMG_5261-768x512.jpg 768w, https:\/\/centros.uepb.edu.br\/ccbsa\/files\/2022\/04\/IMG_5261-370x247.jpg 370w\" sizes=\"auto, (max-width: 840px) 100vw, 840px\" \/><\/a>\n\t\t\t<\/dt><\/dl><br style=\"clear: both\" \/><dl class='gallery-item'>\n\t\t\t<dt class='gallery-icon landscape'>\n\t\t\t\t<a href='https:\/\/centros.uepb.edu.br\/ccbsa\/files\/2022\/04\/IMG_5282.jpg'><img loading=\"lazy\" decoding=\"async\" width=\"840\" height=\"560\" src=\"https:\/\/centros.uepb.edu.br\/ccbsa\/files\/2022\/04\/IMG_5282.jpg\" class=\"attachment-full size-full\" alt=\"\" srcset=\"https:\/\/centros.uepb.edu.br\/ccbsa\/files\/2022\/04\/IMG_5282.jpg 840w, https:\/\/centros.uepb.edu.br\/ccbsa\/files\/2022\/04\/IMG_5282-300x200.jpg 300w, https:\/\/centros.uepb.edu.br\/ccbsa\/files\/2022\/04\/IMG_5282-768x512.jpg 768w, https:\/\/centros.uepb.edu.br\/ccbsa\/files\/2022\/04\/IMG_5282-370x247.jpg 370w\" sizes=\"auto, (max-width: 840px) 100vw, 840px\" \/><\/a>\n\t\t\t<\/dt><\/dl>\n\t\t\t<br style='clear: both' \/>\n\t\t<\/div>\n\n<p>Visitas guiadas, exposi\u00e7\u00e3o fotogr\u00e1fica e palestras marcaram a retomada das atividades presenciais nesta segunda-feira (25) no c\u00e2mpus V da Universidade Estadual da Para\u00edba (UEPB).\u00a0 Com uma programa\u00e7\u00e3o dedicada tanto aos calouros quanto aos veteranos, ser\u00e3o realizados, ao longo da semana, workshops, palestras, apresenta\u00e7\u00f5es culturais, dentre outras a\u00e7\u00f5es promovidas pelas coordena\u00e7\u00f5es dos cursos de gradua\u00e7\u00e3o em Arquivologia, Ci\u00eancias Biol\u00f3gicas e Rela\u00e7\u00f5es Internacionais, centro acad\u00eamicos e projetos de extens\u00e3o do Centro de Ci\u00eancias Biol\u00f3gicas e Sociais Aplicadas (CCBSA).<\/p>\n<p>Na oportunidade, a comunidade acad\u00eamica do CCBSA tamb\u00e9m p\u00f4de comemorar o fato de inaugurar as instala\u00e7\u00f5es da nova Central de Aulas, que havia ficado pronta durante a pandemia e passou dois anos fechada, por conta das medidas restritivas impostas pela covid-19. No local, funcionam 18 salas de aula que passam a ser utilizadas pelos cursos de gradua\u00e7\u00e3o do c\u00e2mpus V.<\/p>\n<p>Al\u00e9m de conhecer a nova central de aulas, os estudantes que ingressaram no CCBSA no per\u00edodo 2022.1 e os discentes que iniciaram os cursos durante a pandemia e ainda n\u00e3o tinham visitado as instala\u00e7\u00f5es do c\u00e2mpus V, puderam participar de visitas guiadas para conhecer os diversos setores e servi\u00e7os ofertados no local.<\/p>\n<p>Essa a\u00e7\u00e3o \u00e9 uma iniciativa do programa de extens\u00e3o \u201cDa a\u00e7\u00e3o cidad\u00e3 \u00e0s redes sociais cient\u00edficas: os la\u00e7os e possibilidades da ci\u00eancia aberta na UEPB\u201d que tamb\u00e9m apresentou aos discentes as a\u00e7\u00f5es dos projetos vinculados: \u201cComunica UEPB: o despertar da consci\u00eancia cr\u00edtica e o combate \u00e0 desinforma\u00e7\u00e3o como a\u00e7\u00f5es de comunica\u00e7\u00e3o extramuros\u201d, \u201cNas trilhas da difus\u00e3o cient\u00edfica: a visibilidade dos projetos do c\u00e2mpus V da Universidade Estadual da Para\u00edba\u201d, \u201cRede de produ\u00e7\u00e3o e adapta\u00e7\u00e3o de materiais informacionais na biblioteca do c\u00e2mpus V por meio do Sistema Integrado de Biblioteca \u2013 SIB Acess\u00edvel\u201d e \u201cBiologia sem fronteiras: a difus\u00e3o e populariza\u00e7\u00e3o da biologia a partir das redes sociais\u201d.<\/p>\n<p>Os calouros tiveram, ainda, a oportunidade de participar de uma mesa, realizada nesta segunda-feira (25) \u00e0s 9 e 19h com o diretor de Centro, professor Cleber Salimon; a coordenadora do curso de Arquivologia, professora Eliete Correia dos Santos; o coordenador adjunto de Arquivologia Rams\u00e9s Nunes; a coordenadora da Licenciatura e Bacharelado Ci\u00eancias Biol\u00f3gicas, Brigida Lucena; o coordenador da gradua\u00e7\u00e3o em Rela\u00e7\u00f5es Internacionais, Filipe Reis Melo e o pro-reitor de p\u00f3s-gradua\u00e7\u00e3o e pesquisa da UEPB, professor Francisco Jaime Mendon\u00e7a J\u00fanior.<\/p>\n<p>O curso de Ci\u00eancias Biol\u00f3gicas promoveu, nesta segunda-feira (25), \u00e0s 13h, com o tema \u201cA semente do meu futuro. Eu fa\u00e7o meu caminho\u201d, a ser ministrada pelo psic\u00f3logo e master coach criacional, Gustavo Teixeira. Na oportunidade, o psic\u00f3logo pontuou quest\u00f5es sobre como tra\u00e7ar um caminho motivacional a partir do autoconhecimento, valorizar as oportunidades, direcionar as metas para o futuro e qual a ajuda que a Universidade pode oferecer para o desenvolvimento de um caminho profissional aliado \u00e0 educa\u00e7\u00e3o. A mesma palestra ser\u00e1 realizada nesta ter\u00e7a-feira, 26 de abril, \u00e0s 18h numa sala da Central de Aulas, destinada aos estudantes da Licenciatura em Ci\u00eancias Biol\u00f3gicas.<\/p>\n<p>A gradua\u00e7\u00e3o em Rela\u00e7\u00f5es Internacionais conta com diversas iniciativas a serem desenvolvidas pela coordena\u00e7\u00e3o de curso e Centro Acad\u00eamico (<a href=\"https:\/\/www.instagram.com\/cari_uepb\/\">https:\/\/www.instagram.com\/cari_uepb\/<\/a>). Uma destas atividades ser\u00e1 realizada nesta ter\u00e7a-feira, 26 de abril, \u00e0s 19h, no audit\u00f3rio Pioneiros. Trata-se da palestra de abertura de semestre intitulada \u201cPrincipais desafios para os estudantes brasileiros de Rela\u00e7\u00f5es Internacionais\u201d, que ser\u00e1 ministrada pelo ex-c\u00f4nsul do Chile, embaixador itinerante e representante perante a UNESCO, Juan Federer.<\/p>\n<p>O curso de Arquivologia ter\u00e1 uma\u00a0programa\u00e7\u00e3o durante toda a semana (<a href=\"https:\/\/linktr.ee\/projetosesa\">https:\/\/linktr.ee\/projetosesa<\/a>) com workshops, palestras e oficinas. O encerramento das a\u00e7\u00f5es ocorre no dia 30 de abril, \u00e0s 8h, no Parque Sol\u00f3n de Lucena, com o evento Pedipaper SESA: Conhecendo o Centro Hist\u00f3rico de Jo\u00e3o Pessoa, que \u00e9 destinado a todos os estudantes do c\u00e2mpus. As a\u00e7\u00f5es s\u00e3o realizadas em parceria com o programa de extens\u00e3o \u201cSemin\u00e1rio de saberes arquiv\u00edsticos: tecnologia, inova\u00e7\u00e3o e pr\u00e1ticas\u201d (SESA).<\/p>\n<p><em>Texto:\u00a0Juliana Marques<\/em><\/p>\n<p>&nbsp;<\/p>\n","protected":false},"excerpt":{"rendered":"<p>Visitas guiadas, exposi\u00e7\u00e3o fotogr\u00e1fica e palestras marcaram a retomada das atividades presenciais nesta segunda-feira (25) no c\u00e2mpus V da Universidade Estadual da Para\u00edba (UEPB).\u00a0 Com uma programa\u00e7\u00e3o dedicada tanto aos calouros quanto aos veteranos, ser\u00e3o realizados, ao longo da semana, workshops, palestras, apresenta\u00e7\u00f5es culturais, dentre outras a\u00e7\u00f5es promovidas pelas coordena\u00e7\u00f5es dos cursos de gradua\u00e7\u00e3o em <a class=\"leiamais\" href=\"https:\/\/centros.uepb.edu.br\/ccbsa\/visitas-guiadas-e-palestras-marcam-a-retomada-de-atividades-presenciais-no-campus-de-joao-pessoa\/\">Leia Mais&#8230;<\/a><\/p>\n","protected":false},"author":8,"featured_media":7999,"comment_status":"closed","ping_status":"closed","sticky":false,"template":"","format":"standard","meta":{"footnotes":""},"categories":[3,11],"tags":[],"class_list":["post-7998","post","type-post","status-publish","format-standard","has-post-thumbnail","hentry","category-noticias","category-noticias-destaque-img"],"jetpack_featured_media_url":"https:\/\/centros.uepb.edu.br\/ccbsa\/files\/2022\/04\/IMG_5248edit.jpg","_links":{"self":[{"href":"https:\/\/centros.uepb.edu.br\/ccbsa\/wp-json\/wp\/v2\/posts\/7998","targetHints":{"allow":["GET"]}}],"collection":[{"href":"https:\/\/centros.uepb.edu.br\/ccbsa\/wp-json\/wp\/v2\/posts"}],"about":[{"href":"https:\/\/centros.uepb.edu.br\/ccbsa\/wp-json\/wp\/v2\/types\/post"}],"author":[{"embeddable":true,"href":"https:\/\/centros.uepb.edu.br\/ccbsa\/wp-json\/wp\/v2\/users\/8"}],"replies":[{"embeddable":true,"href":"https:\/\/centros.uepb.edu.br\/ccbsa\/wp-json\/wp\/v2\/comments?post=7998"}],"version-history":[{"count":0,"href":"https:\/\/centros.uepb.edu.br\/ccbsa\/wp-json\/wp\/v2\/posts\/7998\/revisions"}],"wp:featuredmedia":[{"embeddable":true,"href":"https:\/\/centros.uepb.edu.br\/ccbsa\/wp-json\/wp\/v2\/media\/7999"}],"wp:attachment":[{"href":"https:\/\/centros.uepb.edu.br\/ccbsa\/wp-json\/wp\/v2\/media?parent=7998"}],"wp:term":[{"taxonomy":"category","embeddable":true,"href":"https:\/\/centros.uepb.edu.br\/ccbsa\/wp-json\/wp\/v2\/categories?post=7998"},{"taxonomy":"post_tag","embeddable":true,"href":"https:\/\/centros.uepb.edu.br\/ccbsa\/wp-json\/wp\/v2\/tags?post=7998"}],"curies":[{"name":"wp","href":"https:\/\/api.w.org\/{rel}","templated":true}]}}