{"id":7973,"date":"2022-04-18T11:42:00","date_gmt":"2022-04-18T11:42:00","guid":{"rendered":"https:\/\/centros.uepb.edu.br\/ccbsa\/?p=7973"},"modified":"2022-04-18T11:44:45","modified_gmt":"2022-04-18T11:44:45","slug":"nucleo-de-linguas-do-campus-v-abre-periodo-de-inscricoes-para-cursos-de-idiomas-do-semestre-2022-1","status":"publish","type":"post","link":"https:\/\/centros.uepb.edu.br\/ccbsa\/nucleo-de-linguas-do-campus-v-abre-periodo-de-inscricoes-para-cursos-de-idiomas-do-semestre-2022-1\/","title":{"rendered":"N\u00facleo de L\u00ednguas do c\u00e2mpus V abre per\u00edodo de inscri\u00e7\u00f5es para cursos de idiomas do semestre 2022.1"},"content":{"rendered":"\n\t\t<style type=\"text\/css\">\n\t\t\t#gallery-1 {\n\t\t\t\tmargin: auto;\n\t\t\t}\n\t\t\t#gallery-1 .gallery-item {\n\t\t\t\tfloat: left;\n\t\t\t\tmargin-top: 10px;\n\t\t\t\ttext-align: center;\n\t\t\t\twidth: 33%;\n\t\t\t}\n\t\t\t#gallery-1 img {\n\t\t\t\tborder: 2px solid #cfcfcf;\n\t\t\t}\n\t\t\t#gallery-1 .gallery-caption {\n\t\t\t\tmargin-left: 0;\n\t\t\t}\n\t\t\t\/* see gallery_shortcode() in wp-includes\/media.php *\/\n\t\t<\/style>\n\t\t<div id='gallery-1' class='gallery galleryid-7973 gallery-columns-3 gallery-size-full'><dl class='gallery-item'>\n\t\t\t<dt class='gallery-icon landscape'>\n\t\t\t\t<a href='https:\/\/centros.uepb.edu.br\/ccbsa\/files\/2022\/04\/5507bb1f-6952-4a44-9bb3-b58f9da18a61.jpg'><img loading=\"lazy\" decoding=\"async\" width=\"1080\" height=\"1080\" src=\"https:\/\/centros.uepb.edu.br\/ccbsa\/files\/2022\/04\/5507bb1f-6952-4a44-9bb3-b58f9da18a61.jpg\" class=\"attachment-full size-full\" alt=\"\" srcset=\"https:\/\/centros.uepb.edu.br\/ccbsa\/files\/2022\/04\/5507bb1f-6952-4a44-9bb3-b58f9da18a61.jpg 1080w, https:\/\/centros.uepb.edu.br\/ccbsa\/files\/2022\/04\/5507bb1f-6952-4a44-9bb3-b58f9da18a61-300x300.jpg 300w, https:\/\/centros.uepb.edu.br\/ccbsa\/files\/2022\/04\/5507bb1f-6952-4a44-9bb3-b58f9da18a61-1024x1024.jpg 1024w, https:\/\/centros.uepb.edu.br\/ccbsa\/files\/2022\/04\/5507bb1f-6952-4a44-9bb3-b58f9da18a61-150x150.jpg 150w, https:\/\/centros.uepb.edu.br\/ccbsa\/files\/2022\/04\/5507bb1f-6952-4a44-9bb3-b58f9da18a61-768x768.jpg 768w, https:\/\/centros.uepb.edu.br\/ccbsa\/files\/2022\/04\/5507bb1f-6952-4a44-9bb3-b58f9da18a61-370x370.jpg 370w, https:\/\/centros.uepb.edu.br\/ccbsa\/files\/2022\/04\/5507bb1f-6952-4a44-9bb3-b58f9da18a61-840x840.jpg 840w\" sizes=\"auto, (max-width: 1080px) 100vw, 1080px\" \/><\/a>\n\t\t\t<\/dt><\/dl><dl class='gallery-item'>\n\t\t\t<dt class='gallery-icon landscape'>\n\t\t\t\t<a href='https:\/\/centros.uepb.edu.br\/ccbsa\/files\/2022\/04\/WhatsApp-Image-2022-04-13-at-16.11.39-2.jpeg'><img loading=\"lazy\" decoding=\"async\" width=\"966\" height=\"966\" src=\"https:\/\/centros.uepb.edu.br\/ccbsa\/files\/2022\/04\/WhatsApp-Image-2022-04-13-at-16.11.39-2.jpeg\" class=\"attachment-full size-full\" alt=\"\" srcset=\"https:\/\/centros.uepb.edu.br\/ccbsa\/files\/2022\/04\/WhatsApp-Image-2022-04-13-at-16.11.39-2.jpeg 966w, https:\/\/centros.uepb.edu.br\/ccbsa\/files\/2022\/04\/WhatsApp-Image-2022-04-13-at-16.11.39-2-300x300.jpeg 300w, https:\/\/centros.uepb.edu.br\/ccbsa\/files\/2022\/04\/WhatsApp-Image-2022-04-13-at-16.11.39-2-150x150.jpeg 150w, https:\/\/centros.uepb.edu.br\/ccbsa\/files\/2022\/04\/WhatsApp-Image-2022-04-13-at-16.11.39-2-768x768.jpeg 768w, https:\/\/centros.uepb.edu.br\/ccbsa\/files\/2022\/04\/WhatsApp-Image-2022-04-13-at-16.11.39-2-370x370.jpeg 370w, https:\/\/centros.uepb.edu.br\/ccbsa\/files\/2022\/04\/WhatsApp-Image-2022-04-13-at-16.11.39-2-840x840.jpeg 840w\" sizes=\"auto, (max-width: 966px) 100vw, 966px\" \/><\/a>\n\t\t\t<\/dt><\/dl><dl class='gallery-item'>\n\t\t\t<dt class='gallery-icon landscape'>\n\t\t\t\t<a href='https:\/\/centros.uepb.edu.br\/ccbsa\/files\/2022\/04\/WhatsApp-Image-2022-04-13-at-16.11.40.jpeg'><img loading=\"lazy\" decoding=\"async\" width=\"957\" height=\"957\" src=\"https:\/\/centros.uepb.edu.br\/ccbsa\/files\/2022\/04\/WhatsApp-Image-2022-04-13-at-16.11.40.jpeg\" class=\"attachment-full size-full\" alt=\"\" srcset=\"https:\/\/centros.uepb.edu.br\/ccbsa\/files\/2022\/04\/WhatsApp-Image-2022-04-13-at-16.11.40.jpeg 957w, https:\/\/centros.uepb.edu.br\/ccbsa\/files\/2022\/04\/WhatsApp-Image-2022-04-13-at-16.11.40-300x300.jpeg 300w, https:\/\/centros.uepb.edu.br\/ccbsa\/files\/2022\/04\/WhatsApp-Image-2022-04-13-at-16.11.40-150x150.jpeg 150w, https:\/\/centros.uepb.edu.br\/ccbsa\/files\/2022\/04\/WhatsApp-Image-2022-04-13-at-16.11.40-768x768.jpeg 768w, https:\/\/centros.uepb.edu.br\/ccbsa\/files\/2022\/04\/WhatsApp-Image-2022-04-13-at-16.11.40-370x370.jpeg 370w, https:\/\/centros.uepb.edu.br\/ccbsa\/files\/2022\/04\/WhatsApp-Image-2022-04-13-at-16.11.40-840x840.jpeg 840w\" sizes=\"auto, (max-width: 957px) 100vw, 957px\" \/><\/a>\n\t\t\t<\/dt><\/dl><br style=\"clear: both\" \/><dl class='gallery-item'>\n\t\t\t<dt class='gallery-icon landscape'>\n\t\t\t\t<a href='https:\/\/centros.uepb.edu.br\/ccbsa\/files\/2022\/04\/WhatsApp-Image-2022-04-13-at-16.11.39-1.jpeg'><img loading=\"lazy\" decoding=\"async\" width=\"934\" height=\"934\" src=\"https:\/\/centros.uepb.edu.br\/ccbsa\/files\/2022\/04\/WhatsApp-Image-2022-04-13-at-16.11.39-1.jpeg\" class=\"attachment-full size-full\" alt=\"\" srcset=\"https:\/\/centros.uepb.edu.br\/ccbsa\/files\/2022\/04\/WhatsApp-Image-2022-04-13-at-16.11.39-1.jpeg 934w, https:\/\/centros.uepb.edu.br\/ccbsa\/files\/2022\/04\/WhatsApp-Image-2022-04-13-at-16.11.39-1-300x300.jpeg 300w, https:\/\/centros.uepb.edu.br\/ccbsa\/files\/2022\/04\/WhatsApp-Image-2022-04-13-at-16.11.39-1-150x150.jpeg 150w, https:\/\/centros.uepb.edu.br\/ccbsa\/files\/2022\/04\/WhatsApp-Image-2022-04-13-at-16.11.39-1-768x768.jpeg 768w, https:\/\/centros.uepb.edu.br\/ccbsa\/files\/2022\/04\/WhatsApp-Image-2022-04-13-at-16.11.39-1-370x370.jpeg 370w, https:\/\/centros.uepb.edu.br\/ccbsa\/files\/2022\/04\/WhatsApp-Image-2022-04-13-at-16.11.39-1-840x840.jpeg 840w\" sizes=\"auto, (max-width: 934px) 100vw, 934px\" \/><\/a>\n\t\t\t<\/dt><\/dl><dl class='gallery-item'>\n\t\t\t<dt class='gallery-icon landscape'>\n\t\t\t\t<a href='https:\/\/centros.uepb.edu.br\/ccbsa\/files\/2022\/04\/WhatsApp-Image-2022-04-13-at-16.11.40-1.jpeg'><img loading=\"lazy\" decoding=\"async\" width=\"984\" height=\"984\" src=\"https:\/\/centros.uepb.edu.br\/ccbsa\/files\/2022\/04\/WhatsApp-Image-2022-04-13-at-16.11.40-1.jpeg\" class=\"attachment-full size-full\" alt=\"\" srcset=\"https:\/\/centros.uepb.edu.br\/ccbsa\/files\/2022\/04\/WhatsApp-Image-2022-04-13-at-16.11.40-1.jpeg 984w, https:\/\/centros.uepb.edu.br\/ccbsa\/files\/2022\/04\/WhatsApp-Image-2022-04-13-at-16.11.40-1-300x300.jpeg 300w, https:\/\/centros.uepb.edu.br\/ccbsa\/files\/2022\/04\/WhatsApp-Image-2022-04-13-at-16.11.40-1-150x150.jpeg 150w, https:\/\/centros.uepb.edu.br\/ccbsa\/files\/2022\/04\/WhatsApp-Image-2022-04-13-at-16.11.40-1-768x768.jpeg 768w, https:\/\/centros.uepb.edu.br\/ccbsa\/files\/2022\/04\/WhatsApp-Image-2022-04-13-at-16.11.40-1-370x370.jpeg 370w, https:\/\/centros.uepb.edu.br\/ccbsa\/files\/2022\/04\/WhatsApp-Image-2022-04-13-at-16.11.40-1-840x840.jpeg 840w\" sizes=\"auto, (max-width: 984px) 100vw, 984px\" \/><\/a>\n\t\t\t<\/dt><\/dl>\n\t\t\t<br style='clear: both' \/>\n\t\t<\/div>\n\n<p>O N\u00facleo de L\u00ednguas do c\u00e2mpus V da Universidade Estadual da Para\u00edba (UEPB), em Jo\u00e3o Pessoa, informa que, nesta segunda e ter\u00e7a-feira, 18 e 19 de abril, est\u00e3o abertas as inscri\u00e7\u00f5es para novatos e veteranos que desejarem cursar uma das forma\u00e7\u00f5es oferecidas no local: Ingl\u00eas, Espanhol e Franc\u00eas, com vagas nos n\u00edveis b\u00e1sico, intermedi\u00e1rio e avan\u00e7ado.<\/p>\n<p>Est\u00e3o sendo oferecidas 30 vagas por turma e a sele\u00e7\u00e3o de estudantes se dar\u00e1 por ordem de inscri\u00e7\u00e3o, com prioridade para a comunidade acad\u00eamica da UEPB e veteranos do N\u00facleo de L\u00ednguas. Os cursos s\u00e3o oferecidos de forma presencial nos tr\u00eas turnos, de segunda a sexta-feira.<\/p>\n<p>As inscri\u00e7\u00f5es ser\u00e3o realizadas exclusivamente de forma remota, pelo Google Formul\u00e1rios, por meio de tr\u00eas links diferentes: para a <a href=\"https:\/\/docs.google.com\/forms\/u\/2\/d\/e\/1FAIpQLSffKz485ai1QJg01YPBT3I54rDCjdyn5ZfrwBLmkv2BQf-pqw\/viewform?usp=send_form\">comunidade acad\u00eamica<\/a>, <a href=\"https:\/\/docs.google.com\/forms\/u\/2\/d\/e\/1FAIpQLSel3rFA2EC7RCQteRMjRG9de6MsreUEM_bTlv_czTrw9_Ryww\/viewform?usp=send_form\">para\u00a0veteranos<\/a>\u00a0e <a href=\"https:\/\/docs.google.com\/forms\/d\/e\/1FAIpQLSeg5m2Bt1J3OEdFoIL71tt6TCM4R9rpTyOThLuFW9hjmOC1QA\/viewform\">para\u00a0comunidade geral<\/a>. S\u00f3 podem se inscrever nos cursos pessoas com idade acima de 16 anos.<\/p>\n<p>A divulga\u00e7\u00e3o das inscri\u00e7\u00f5es homologadas ser\u00e1 no dia 27 de abril. Entre os dias 2 e 6 de maio ser\u00e1 realizada a prova de nivelamento para os alunos que quiserem verificar em qual n\u00edvel de aprendizagem se encontram e a matr\u00edcula seja feita na turma correspondente ao grau de dom\u00ednio destes estudantes. O in\u00edcio das aulas est\u00e1 previsto para ocorrer no dia 9 de maio.<\/p>\n<p>Outras informa\u00e7\u00f5es: (83) 3223-1128 \/ Instagram: <a href=\"https:\/\/www.instagram.com\/nucleodelinguasuepbjp\/\">@nucleodelinguasuepbjp<\/a><\/p>\n<p>&nbsp;<\/p>\n","protected":false},"excerpt":{"rendered":"<p>O N\u00facleo de L\u00ednguas do c\u00e2mpus V da Universidade Estadual da Para\u00edba (UEPB), em Jo\u00e3o Pessoa, informa que, nesta segunda e ter\u00e7a-feira, 18 e 19 de abril, est\u00e3o abertas as inscri\u00e7\u00f5es para novatos e veteranos que desejarem cursar uma das forma\u00e7\u00f5es oferecidas no local: Ingl\u00eas, Espanhol e Franc\u00eas, com vagas nos n\u00edveis b\u00e1sico, intermedi\u00e1rio e <a class=\"leiamais\" href=\"https:\/\/centros.uepb.edu.br\/ccbsa\/nucleo-de-linguas-do-campus-v-abre-periodo-de-inscricoes-para-cursos-de-idiomas-do-semestre-2022-1\/\">Leia Mais&#8230;<\/a><\/p>\n","protected":false},"author":8,"featured_media":7828,"comment_status":"closed","ping_status":"closed","sticky":false,"template":"","format":"standard","meta":{"footnotes":""},"categories":[3,11],"tags":[],"class_list":["post-7973","post","type-post","status-publish","format-standard","has-post-thumbnail","hentry","category-noticias","category-noticias-destaque-img"],"jetpack_featured_media_url":"https:\/\/centros.uepb.edu.br\/ccbsa\/files\/2021\/11\/NUCLEO-DE-LINGUAS.png","_links":{"self":[{"href":"https:\/\/centros.uepb.edu.br\/ccbsa\/wp-json\/wp\/v2\/posts\/7973","targetHints":{"allow":["GET"]}}],"collection":[{"href":"https:\/\/centros.uepb.edu.br\/ccbsa\/wp-json\/wp\/v2\/posts"}],"about":[{"href":"https:\/\/centros.uepb.edu.br\/ccbsa\/wp-json\/wp\/v2\/types\/post"}],"author":[{"embeddable":true,"href":"https:\/\/centros.uepb.edu.br\/ccbsa\/wp-json\/wp\/v2\/users\/8"}],"replies":[{"embeddable":true,"href":"https:\/\/centros.uepb.edu.br\/ccbsa\/wp-json\/wp\/v2\/comments?post=7973"}],"version-history":[{"count":0,"href":"https:\/\/centros.uepb.edu.br\/ccbsa\/wp-json\/wp\/v2\/posts\/7973\/revisions"}],"wp:featuredmedia":[{"embeddable":true,"href":"https:\/\/centros.uepb.edu.br\/ccbsa\/wp-json\/wp\/v2\/media\/7828"}],"wp:attachment":[{"href":"https:\/\/centros.uepb.edu.br\/ccbsa\/wp-json\/wp\/v2\/media?parent=7973"}],"wp:term":[{"taxonomy":"category","embeddable":true,"href":"https:\/\/centros.uepb.edu.br\/ccbsa\/wp-json\/wp\/v2\/categories?post=7973"},{"taxonomy":"post_tag","embeddable":true,"href":"https:\/\/centros.uepb.edu.br\/ccbsa\/wp-json\/wp\/v2\/tags?post=7973"}],"curies":[{"name":"wp","href":"https:\/\/api.w.org\/{rel}","templated":true}]}}