{"id":7913,"date":"2022-03-03T11:38:41","date_gmt":"2022-03-03T11:38:41","guid":{"rendered":"https:\/\/centros.uepb.edu.br\/ccbsa\/?p=7913"},"modified":"2022-03-03T11:38:41","modified_gmt":"2022-03-03T11:38:41","slug":"centro-de-estudos-e-curso-de-relacoes-internacionais-promovem-webnario-sobre-intervencao-russa-na-ucrania","status":"publish","type":"post","link":"https:\/\/centros.uepb.edu.br\/ccbsa\/centro-de-estudos-e-curso-de-relacoes-internacionais-promovem-webnario-sobre-intervencao-russa-na-ucrania\/","title":{"rendered":"Centro de estudos e curso de Rela\u00e7\u00f5es Internacionais promovem Webn\u00e1rio sobre interven\u00e7\u00e3o russa na Ucr\u00e2nia"},"content":{"rendered":"\n\t\t<style type=\"text\/css\">\n\t\t\t#gallery-1 {\n\t\t\t\tmargin: auto;\n\t\t\t}\n\t\t\t#gallery-1 .gallery-item {\n\t\t\t\tfloat: left;\n\t\t\t\tmargin-top: 10px;\n\t\t\t\ttext-align: center;\n\t\t\t\twidth: 33%;\n\t\t\t}\n\t\t\t#gallery-1 img {\n\t\t\t\tborder: 2px solid #cfcfcf;\n\t\t\t}\n\t\t\t#gallery-1 .gallery-caption {\n\t\t\t\tmargin-left: 0;\n\t\t\t}\n\t\t\t\/* see gallery_shortcode() in wp-includes\/media.php *\/\n\t\t<\/style>\n\t\t<div id='gallery-1' class='gallery galleryid-7913 gallery-columns-3 gallery-size-full'><dl class='gallery-item'>\n\t\t\t<dt class='gallery-icon landscape'>\n\t\t\t\t<a href='https:\/\/centros.uepb.edu.br\/ccbsa\/files\/2022\/03\/ab915610-3c81-404a-ba23-0766f62c53d4.png'><img loading=\"lazy\" decoding=\"async\" width=\"1080\" height=\"1080\" src=\"https:\/\/centros.uepb.edu.br\/ccbsa\/files\/2022\/03\/ab915610-3c81-404a-ba23-0766f62c53d4.png\" class=\"attachment-full size-full\" alt=\"\" srcset=\"https:\/\/centros.uepb.edu.br\/ccbsa\/files\/2022\/03\/ab915610-3c81-404a-ba23-0766f62c53d4.png 1080w, https:\/\/centros.uepb.edu.br\/ccbsa\/files\/2022\/03\/ab915610-3c81-404a-ba23-0766f62c53d4-300x300.png 300w, https:\/\/centros.uepb.edu.br\/ccbsa\/files\/2022\/03\/ab915610-3c81-404a-ba23-0766f62c53d4-1024x1024.png 1024w, https:\/\/centros.uepb.edu.br\/ccbsa\/files\/2022\/03\/ab915610-3c81-404a-ba23-0766f62c53d4-150x150.png 150w, https:\/\/centros.uepb.edu.br\/ccbsa\/files\/2022\/03\/ab915610-3c81-404a-ba23-0766f62c53d4-768x768.png 768w, https:\/\/centros.uepb.edu.br\/ccbsa\/files\/2022\/03\/ab915610-3c81-404a-ba23-0766f62c53d4-370x370.png 370w, https:\/\/centros.uepb.edu.br\/ccbsa\/files\/2022\/03\/ab915610-3c81-404a-ba23-0766f62c53d4-840x840.png 840w\" sizes=\"auto, (max-width: 1080px) 100vw, 1080px\" \/><\/a>\n\t\t\t<\/dt><\/dl><dl class='gallery-item'>\n\t\t\t<dt class='gallery-icon landscape'>\n\t\t\t\t<a href='https:\/\/centros.uepb.edu.br\/ccbsa\/files\/2022\/03\/3783cb4d-9c2c-47f1-b2a2-e942bf71e612.png'><img loading=\"lazy\" decoding=\"async\" width=\"1080\" height=\"1080\" src=\"https:\/\/centros.uepb.edu.br\/ccbsa\/files\/2022\/03\/3783cb4d-9c2c-47f1-b2a2-e942bf71e612.png\" class=\"attachment-full size-full\" alt=\"\" srcset=\"https:\/\/centros.uepb.edu.br\/ccbsa\/files\/2022\/03\/3783cb4d-9c2c-47f1-b2a2-e942bf71e612.png 1080w, https:\/\/centros.uepb.edu.br\/ccbsa\/files\/2022\/03\/3783cb4d-9c2c-47f1-b2a2-e942bf71e612-300x300.png 300w, https:\/\/centros.uepb.edu.br\/ccbsa\/files\/2022\/03\/3783cb4d-9c2c-47f1-b2a2-e942bf71e612-1024x1024.png 1024w, https:\/\/centros.uepb.edu.br\/ccbsa\/files\/2022\/03\/3783cb4d-9c2c-47f1-b2a2-e942bf71e612-150x150.png 150w, https:\/\/centros.uepb.edu.br\/ccbsa\/files\/2022\/03\/3783cb4d-9c2c-47f1-b2a2-e942bf71e612-768x768.png 768w, https:\/\/centros.uepb.edu.br\/ccbsa\/files\/2022\/03\/3783cb4d-9c2c-47f1-b2a2-e942bf71e612-370x370.png 370w, https:\/\/centros.uepb.edu.br\/ccbsa\/files\/2022\/03\/3783cb4d-9c2c-47f1-b2a2-e942bf71e612-840x840.png 840w\" sizes=\"auto, (max-width: 1080px) 100vw, 1080px\" \/><\/a>\n\t\t\t<\/dt><\/dl><dl class='gallery-item'>\n\t\t\t<dt class='gallery-icon landscape'>\n\t\t\t\t<a href='https:\/\/centros.uepb.edu.br\/ccbsa\/files\/2022\/03\/d412ee4e-e40f-48a5-a5a5-c87dbc8533eb.png'><img loading=\"lazy\" decoding=\"async\" width=\"1080\" height=\"1080\" src=\"https:\/\/centros.uepb.edu.br\/ccbsa\/files\/2022\/03\/d412ee4e-e40f-48a5-a5a5-c87dbc8533eb.png\" class=\"attachment-full size-full\" alt=\"\" srcset=\"https:\/\/centros.uepb.edu.br\/ccbsa\/files\/2022\/03\/d412ee4e-e40f-48a5-a5a5-c87dbc8533eb.png 1080w, https:\/\/centros.uepb.edu.br\/ccbsa\/files\/2022\/03\/d412ee4e-e40f-48a5-a5a5-c87dbc8533eb-300x300.png 300w, https:\/\/centros.uepb.edu.br\/ccbsa\/files\/2022\/03\/d412ee4e-e40f-48a5-a5a5-c87dbc8533eb-1024x1024.png 1024w, https:\/\/centros.uepb.edu.br\/ccbsa\/files\/2022\/03\/d412ee4e-e40f-48a5-a5a5-c87dbc8533eb-150x150.png 150w, https:\/\/centros.uepb.edu.br\/ccbsa\/files\/2022\/03\/d412ee4e-e40f-48a5-a5a5-c87dbc8533eb-768x768.png 768w, https:\/\/centros.uepb.edu.br\/ccbsa\/files\/2022\/03\/d412ee4e-e40f-48a5-a5a5-c87dbc8533eb-370x370.png 370w, https:\/\/centros.uepb.edu.br\/ccbsa\/files\/2022\/03\/d412ee4e-e40f-48a5-a5a5-c87dbc8533eb-840x840.png 840w\" sizes=\"auto, (max-width: 1080px) 100vw, 1080px\" \/><\/a>\n\t\t\t<\/dt><\/dl><br style=\"clear: both\" \/>\n\t\t<\/div>\n\n<p>O Centro de Estudos Avan\u00e7ados em Pol\u00edticas P\u00fablicas e Governan\u00e7a (CEAPPG), o curso de Rela\u00e7\u00f5es Internacionais da Universidade Estadual da Para\u00edba (UEPB), e o projeto de pesquisa \u201cA Pol\u00edtica Externa Brasileira e a Reforma do Conselho de Seguran\u00e7a da Organiza\u00e7\u00e3o das Na\u00e7\u00f5es Unidas\u201d, promovem, nos dias 9 e 10 de mar\u00e7o, \u00e0s 10h e 9h30, respectivamente, o Webin\u00e1rio \u201cA interven\u00e7\u00e3o armada russa na Ucr\u00e2nia e suas implica\u00e7\u00f5es no cen\u00e1rio internacional\u201d. O evento tem o apoio da Funda\u00e7\u00e3o de Apoio \u00e0 Pesquisa do Estado da Para\u00edba (FAPESq).<\/p>\n<p>O evento re\u00fane diversos pesquisadores de centros de pesquisa do Brasil e exterior, dedicados a estudar as diversas nuances envolvidas nesse conflito. O primeiro dia de evento conta com a participa\u00e7\u00e3o do professor da Universidade de Bucareste (Rom\u00eania), Iordan Barbulescu, que tratar\u00e1 da quest\u00e3o do ponto de vista da Rom\u00eania, pa\u00eds localizado na fronteira com a Ucr\u00e2nia e que fez parte do Pacto de Vars\u00f3via e hoje integra a OTAN.<\/p>\n<p>Tamb\u00e9m integram o debate do dia 9 de mar\u00e7o o professor da Universidade de Bras\u00edlia, Ant\u00f4nio Jorge Ramalho, que examinar\u00e1 a situa\u00e7\u00e3o geopol\u00edtica e as poss\u00edveis san\u00e7\u00f5es econ\u00f4micas impostas \u00e0 R\u00fassia pelo Ocidente; e a professora do curso de Rela\u00e7\u00f5es Internacionais da UEPB, Raquel Melo, que discutir\u00e1 as quest\u00f5es te\u00f3ricas das Rela\u00e7\u00f5es Internacionais que podem auxiliar no entendimento do conflito. A media\u00e7\u00e3o ser\u00e1 do professor do curso de Rela\u00e7\u00f5es Internacionais da UEPB e coordenador do CEAPPG, Carlos Enrique Ruiz.<\/p>\n<p>O segundo dia de evento segue com a participa\u00e7\u00e3o do professor da Universidade de Helsinque (Finl\u00e2ndia), Teivo Teivainen, que buscar\u00e1 esclarecer os interesses da Finl\u00e2ndia, da R\u00fassia e da OTAN; o professor da Universidade Federal do ABC, Giorgio Romano, analisar\u00e1 a posi\u00e7\u00e3o da Alemanha, sua rela\u00e7\u00e3o com a R\u00fassia e suas necessidades energ\u00e9ticas; e o professor do curso de Rela\u00e7\u00f5es Internacionais da UEPB, Andr\u00e9 Pini, discutir\u00e1 como a m\u00eddia hegem\u00f4nica ocidental tem feito a cobertura deste conflito. A media\u00e7\u00e3o ficar\u00e1 a cargo do professor do curso de Rela\u00e7\u00f5es Internacionais da UEPB, Filipe Reis.<\/p>\n<p>O evento ser\u00e1 transmitido pelo <a href=\"https:\/\/www.youtube.com\/channel\/UCLwcfsQbQN5zczXrOsBWJjg\">Canal do CEAPPG no YouTube<\/a> e \u00e9 destinado aos interessados em compreender o conflito entre R\u00fassia e Ucr\u00e2nia a partir da vis\u00e3o de pesquisadores que t\u00eam se dedicado a estudar essa tem\u00e1tica.<\/p>\n<p>&nbsp;<\/p>\n<p>&nbsp;<\/p>\n","protected":false},"excerpt":{"rendered":"<p>O Centro de Estudos Avan\u00e7ados em Pol\u00edticas P\u00fablicas e Governan\u00e7a (CEAPPG), o curso de Rela\u00e7\u00f5es Internacionais da Universidade Estadual da Para\u00edba (UEPB), e o projeto de pesquisa \u201cA Pol\u00edtica Externa Brasileira e a Reforma do Conselho de Seguran\u00e7a da Organiza\u00e7\u00e3o das Na\u00e7\u00f5es Unidas\u201d, promovem, nos dias 9 e 10 de mar\u00e7o, \u00e0s 10h e 9h30, <a class=\"leiamais\" href=\"https:\/\/centros.uepb.edu.br\/ccbsa\/centro-de-estudos-e-curso-de-relacoes-internacionais-promovem-webnario-sobre-intervencao-russa-na-ucrania\/\">Leia Mais&#8230;<\/a><\/p>\n","protected":false},"author":8,"featured_media":7917,"comment_status":"closed","ping_status":"closed","sticky":false,"template":"","format":"standard","meta":{"footnotes":""},"categories":[3,11],"tags":[],"class_list":["post-7913","post","type-post","status-publish","format-standard","has-post-thumbnail","hentry","category-noticias","category-noticias-destaque-img"],"jetpack_featured_media_url":"https:\/\/centros.uepb.edu.br\/ccbsa\/files\/2022\/03\/ab915610-3c81-404a-ba23-0766f62c53d4edi.png","_links":{"self":[{"href":"https:\/\/centros.uepb.edu.br\/ccbsa\/wp-json\/wp\/v2\/posts\/7913","targetHints":{"allow":["GET"]}}],"collection":[{"href":"https:\/\/centros.uepb.edu.br\/ccbsa\/wp-json\/wp\/v2\/posts"}],"about":[{"href":"https:\/\/centros.uepb.edu.br\/ccbsa\/wp-json\/wp\/v2\/types\/post"}],"author":[{"embeddable":true,"href":"https:\/\/centros.uepb.edu.br\/ccbsa\/wp-json\/wp\/v2\/users\/8"}],"replies":[{"embeddable":true,"href":"https:\/\/centros.uepb.edu.br\/ccbsa\/wp-json\/wp\/v2\/comments?post=7913"}],"version-history":[{"count":0,"href":"https:\/\/centros.uepb.edu.br\/ccbsa\/wp-json\/wp\/v2\/posts\/7913\/revisions"}],"wp:featuredmedia":[{"embeddable":true,"href":"https:\/\/centros.uepb.edu.br\/ccbsa\/wp-json\/wp\/v2\/media\/7917"}],"wp:attachment":[{"href":"https:\/\/centros.uepb.edu.br\/ccbsa\/wp-json\/wp\/v2\/media?parent=7913"}],"wp:term":[{"taxonomy":"category","embeddable":true,"href":"https:\/\/centros.uepb.edu.br\/ccbsa\/wp-json\/wp\/v2\/categories?post=7913"},{"taxonomy":"post_tag","embeddable":true,"href":"https:\/\/centros.uepb.edu.br\/ccbsa\/wp-json\/wp\/v2\/tags?post=7913"}],"curies":[{"name":"wp","href":"https:\/\/api.w.org\/{rel}","templated":true}]}}