{"id":7867,"date":"2021-11-30T19:31:55","date_gmt":"2021-11-30T19:31:55","guid":{"rendered":"https:\/\/centros.uepb.edu.br\/ccbsa\/?p=7867"},"modified":"2021-11-30T19:31:55","modified_gmt":"2021-11-30T19:31:55","slug":"projeto-orientado-por-docente-do-ccbsa-pode-auxiliar-na-preservacao-de-cavalos-marinhos-no-pais","status":"publish","type":"post","link":"https:\/\/centros.uepb.edu.br\/ccbsa\/projeto-orientado-por-docente-do-ccbsa-pode-auxiliar-na-preservacao-de-cavalos-marinhos-no-pais\/","title":{"rendered":"Projeto orientado por docente do CCBSA pode auxiliar na preserva\u00e7\u00e3o de cavalos marinhos no pa\u00eds"},"content":{"rendered":"\n\t\t<style type=\"text\/css\">\n\t\t\t#gallery-1 {\n\t\t\t\tmargin: auto;\n\t\t\t}\n\t\t\t#gallery-1 .gallery-item {\n\t\t\t\tfloat: left;\n\t\t\t\tmargin-top: 10px;\n\t\t\t\ttext-align: center;\n\t\t\t\twidth: 33%;\n\t\t\t}\n\t\t\t#gallery-1 img {\n\t\t\t\tborder: 2px solid #cfcfcf;\n\t\t\t}\n\t\t\t#gallery-1 .gallery-caption {\n\t\t\t\tmargin-left: 0;\n\t\t\t}\n\t\t\t\/* see gallery_shortcode() in wp-includes\/media.php *\/\n\t\t<\/style>\n\t\t<div id='gallery-1' class='gallery galleryid-7867 gallery-columns-3 gallery-size-full'><dl class='gallery-item'>\n\t\t\t<dt class='gallery-icon portrait'>\n\t\t\t\t<a href='https:\/\/centros.uepb.edu.br\/ccbsa\/files\/2021\/11\/anna-karolina-3.jpg'><img loading=\"lazy\" decoding=\"async\" width=\"840\" height=\"849\" src=\"https:\/\/centros.uepb.edu.br\/ccbsa\/files\/2021\/11\/anna-karolina-3.jpg\" class=\"attachment-full size-full\" alt=\"\" srcset=\"https:\/\/centros.uepb.edu.br\/ccbsa\/files\/2021\/11\/anna-karolina-3.jpg 840w, https:\/\/centros.uepb.edu.br\/ccbsa\/files\/2021\/11\/anna-karolina-3-297x300.jpg 297w, https:\/\/centros.uepb.edu.br\/ccbsa\/files\/2021\/11\/anna-karolina-3-768x776.jpg 768w, https:\/\/centros.uepb.edu.br\/ccbsa\/files\/2021\/11\/anna-karolina-3-370x374.jpg 370w\" sizes=\"auto, (max-width: 840px) 100vw, 840px\" \/><\/a>\n\t\t\t<\/dt><\/dl><dl class='gallery-item'>\n\t\t\t<dt class='gallery-icon landscape'>\n\t\t\t\t<a href='https:\/\/centros.uepb.edu.br\/ccbsa\/files\/2021\/11\/anna-karolina-4.jpg'><img loading=\"lazy\" decoding=\"async\" width=\"840\" height=\"768\" src=\"https:\/\/centros.uepb.edu.br\/ccbsa\/files\/2021\/11\/anna-karolina-4.jpg\" class=\"attachment-full size-full\" alt=\"\" srcset=\"https:\/\/centros.uepb.edu.br\/ccbsa\/files\/2021\/11\/anna-karolina-4.jpg 840w, https:\/\/centros.uepb.edu.br\/ccbsa\/files\/2021\/11\/anna-karolina-4-300x274.jpg 300w, https:\/\/centros.uepb.edu.br\/ccbsa\/files\/2021\/11\/anna-karolina-4-768x702.jpg 768w, https:\/\/centros.uepb.edu.br\/ccbsa\/files\/2021\/11\/anna-karolina-4-370x338.jpg 370w\" sizes=\"auto, (max-width: 840px) 100vw, 840px\" \/><\/a>\n\t\t\t<\/dt><\/dl><dl class='gallery-item'>\n\t\t\t<dt class='gallery-icon landscape'>\n\t\t\t\t<a href='https:\/\/centros.uepb.edu.br\/ccbsa\/files\/2021\/11\/H-reidi-amarelo.jpg'><img loading=\"lazy\" decoding=\"async\" width=\"1009\" height=\"645\" src=\"https:\/\/centros.uepb.edu.br\/ccbsa\/files\/2021\/11\/H-reidi-amarelo.jpg\" class=\"attachment-full size-full\" alt=\"\" srcset=\"https:\/\/centros.uepb.edu.br\/ccbsa\/files\/2021\/11\/H-reidi-amarelo.jpg 1009w, https:\/\/centros.uepb.edu.br\/ccbsa\/files\/2021\/11\/H-reidi-amarelo-300x192.jpg 300w, https:\/\/centros.uepb.edu.br\/ccbsa\/files\/2021\/11\/H-reidi-amarelo-768x491.jpg 768w, https:\/\/centros.uepb.edu.br\/ccbsa\/files\/2021\/11\/H-reidi-amarelo-370x237.jpg 370w, https:\/\/centros.uepb.edu.br\/ccbsa\/files\/2021\/11\/H-reidi-amarelo-840x537.jpg 840w\" sizes=\"auto, (max-width: 1009px) 100vw, 1009px\" \/><\/a>\n\t\t\t<\/dt><\/dl><br style=\"clear: both\" \/><dl class='gallery-item'>\n\t\t\t<dt class='gallery-icon landscape'>\n\t\t\t\t<a href='https:\/\/centros.uepb.edu.br\/ccbsa\/files\/2021\/11\/tacyana-e-anna-karolina.jpg'><img loading=\"lazy\" decoding=\"async\" width=\"1280\" height=\"958\" src=\"https:\/\/centros.uepb.edu.br\/ccbsa\/files\/2021\/11\/tacyana-e-anna-karolina.jpg\" class=\"attachment-full size-full\" alt=\"\" srcset=\"https:\/\/centros.uepb.edu.br\/ccbsa\/files\/2021\/11\/tacyana-e-anna-karolina.jpg 1280w, https:\/\/centros.uepb.edu.br\/ccbsa\/files\/2021\/11\/tacyana-e-anna-karolina-300x225.jpg 300w, https:\/\/centros.uepb.edu.br\/ccbsa\/files\/2021\/11\/tacyana-e-anna-karolina-1024x766.jpg 1024w, https:\/\/centros.uepb.edu.br\/ccbsa\/files\/2021\/11\/tacyana-e-anna-karolina-768x575.jpg 768w, https:\/\/centros.uepb.edu.br\/ccbsa\/files\/2021\/11\/tacyana-e-anna-karolina-370x277.jpg 370w, https:\/\/centros.uepb.edu.br\/ccbsa\/files\/2021\/11\/tacyana-e-anna-karolina-840x629.jpg 840w\" sizes=\"auto, (max-width: 1280px) 100vw, 1280px\" \/><\/a>\n\t\t\t<\/dt><\/dl>\n\t\t\t<br style='clear: both' \/>\n\t\t<\/div>\n\n<p>Uma esp\u00e9cie rara de peixe que est\u00e1 amea\u00e7ado de extin\u00e7\u00e3o no Brasil, o cavalo-marinho tem sido objeto de estudos de um grupo de pesquisadores da Universidade Estadual da Para\u00edba (UEPB) que desenvolve, em parceria com outros centros de pesquisa do Brasil e de outros pa\u00edses, uma pesquisa que visa preencher lacunas relacionadas ao conhecimento sobre esses animais para, assim, tra\u00e7ar planos estrat\u00e9gicos de a\u00e7\u00e3o que possam embasar a\u00e7\u00f5es de preserva\u00e7\u00e3o dos cavalos-marinhos.<\/p>\n<p>A pesquisa intitulada \u201cDetermina\u00e7\u00e3o de prioridades para a conserva\u00e7\u00e3o de cavalos-marinhos no Brasil\u201d, est\u00e1 sendo desenvolvida pela doutoranda do Programa de P\u00f3s-gradua\u00e7\u00e3o em Etnobiologia e Conserva\u00e7\u00e3o da Natureza (PPGETNO) Anna Karolina Martins Borges, com a orienta\u00e7\u00e3o dos professores R\u00f4mulo Alves e Tacyana Oliveira.<\/p>\n<p>O projeto surgiu com o objetivo de aplicar uma abordagem multidisciplinar, utilizando conhecimentos biogeogr\u00e1ficos, ecol\u00f3gicos e etnobiol\u00f3gicos, para preencher essas lacunas de informa\u00e7\u00f5es e determinar as prioridades para a conserva\u00e7\u00e3o dos cavalos-marinhos no Brasil, considerando duas escalas espaciais \u2013 local e nacional.<\/p>\n<p>\u201cOs cavalos-marinhos s\u00e3o peixes raros e amea\u00e7ados. No Brasil, as tr\u00eas esp\u00e9cies reconhecidas s\u00e3o consideradas amea\u00e7adas de extin\u00e7\u00e3o na categoria \u2018vulner\u00e1vel\u2019 e demandam a\u00e7\u00f5es conservacionistas para proteg\u00ea-los. Para contribuir com essas a\u00e7\u00f5es, h\u00e1 lacunas de informa\u00e7\u00f5es cruciais sobre os cavalos-marinhos que precisam ser avaliadas, principalmente em rela\u00e7\u00e3o \u00e0 distribui\u00e7\u00e3o, prefer\u00eancias de habitat e amea\u00e7as \u00e0s popula\u00e7\u00f5es\u201d, explica a professora Tacyana.<\/p>\n<p>Em escala local, a pesquisa ser\u00e1 desenvolvida no Estu\u00e1rio do Rio Formoso, Pernambuco, inserido na \u00c1rea de Prote\u00e7\u00e3o Ambiental (APA) de Guadalupe. Esse estu\u00e1rio abriga uma rica biodiversidade, incluindo os cavalos-marinhos, mas tamb\u00e9m possui problemas ambientais, como os associados ao turismo n\u00e1utico. Ser\u00e1 mapeada a ocorr\u00eancia e distribui\u00e7\u00e3o dos cavalos-marinhos no estu\u00e1rio utilizando uma abordagem ecol\u00f3gica, atrav\u00e9s de mergulhos, e tamb\u00e9m usando uma abordagem etnobiol\u00f3gica, atrav\u00e9s de um mapeamento participativo realizado com pescadores locais.<\/p>\n<p>Os dados ser\u00e3o utilizados para o desenvolvimento de um plano de a\u00e7\u00e3o participativo para a conserva\u00e7\u00e3o de cavalos-marinhos no Estu\u00e1rio do Rio Formoso, em colabora\u00e7\u00e3o com a APA de Guadalupe, garantindo que os contextos conservacionistas e socioecon\u00f4micos sejam considerados no processo.<\/p>\n<p>Em escala nacional, o trabalho envolve analisar dados sobre a ocorr\u00eancia de cavalos-marinhos no pa\u00eds utilizando t\u00e9cnicas de modelagem computacional. \u201cAssim poderemos analisar se os cavalos-marinhos est\u00e3o adequadamente protegidos atualmente e propor \u00e1reas que s\u00e3o priorit\u00e1rias para a conserva\u00e7\u00e3o das esp\u00e9cies em todo o pa\u00eds, orientando o desenvolvimento de estrat\u00e9gias futuras para a conserva\u00e7\u00e3o desses animais e consequentemente dos ambientes que habitam, como os estu\u00e1rios, manguezais e ambientes recifais\u201d, avalia Tacyana.<\/p>\n<p>No Brasil foram identificadas tr\u00eas esp\u00e9cies de cavalos-marinhos e todas correm risco de extin\u00e7\u00e3o. Uma das causas \u00e9\u00a0a pesca predat\u00f3ria e a destrui\u00e7\u00e3o de habitat. Outra causa \u00e9 a captura frequente deles para serem usados como pe\u00e7a de decora\u00e7\u00e3o ou simplesmente para serem criados em aqu\u00e1rios. Neste sentido, o trabalho desenvolvido pelo grupo de pesquisadores e pesquisadoras da UEPB pode oferecer dados que embasem a\u00e7\u00f5es efetivas de enfrentamento desse problema.<\/p>\n<p>Para isso, esse projeto conta com os apoios institucionais e financeiros do Laborat\u00f3rio de Peixes e Conserva\u00e7\u00e3o Marinha (LAPEC\/UEPB), \u00c1rea de Prote\u00e7\u00e3o Ambiental de Guadalupe (APAG), Coordena\u00e7\u00e3o de Aperfei\u00e7oamento de Pessoal de N\u00edvel Superior (CAPES), The Rufford Foundation, na Inglaterra, IDEA WILD, nos Estados Unidos, e da Coopera\u00e7\u00e3o Alem\u00e3 para o Desenvolvimento Sustent\u00e1vel por meio da Deutsche Gesellschaft f\u00fcr Internationale Zusammenarbeit (GIZ).<\/p>\n<p><em><strong>Texto:<\/strong> Juliana Marques<\/em><br \/>\n<em><strong>Fotos<\/strong>: Acervo do projeto<\/em><\/p>\n","protected":false},"excerpt":{"rendered":"<p>Uma esp\u00e9cie rara de peixe que est\u00e1 amea\u00e7ado de extin\u00e7\u00e3o no Brasil, o cavalo-marinho tem sido objeto de estudos de um grupo de pesquisadores da Universidade Estadual da Para\u00edba (UEPB) que desenvolve, em parceria com outros centros de pesquisa do Brasil e de outros pa\u00edses, uma pesquisa que visa preencher lacunas relacionadas ao conhecimento sobre <a class=\"leiamais\" href=\"https:\/\/centros.uepb.edu.br\/ccbsa\/projeto-orientado-por-docente-do-ccbsa-pode-auxiliar-na-preservacao-de-cavalos-marinhos-no-pais\/\">Leia Mais&#8230;<\/a><\/p>\n","protected":false},"author":8,"featured_media":7872,"comment_status":"closed","ping_status":"closed","sticky":false,"template":"","format":"standard","meta":{"footnotes":""},"categories":[3,11],"tags":[],"class_list":["post-7867","post","type-post","status-publish","format-standard","has-post-thumbnail","hentry","category-noticias","category-noticias-destaque-img"],"jetpack_featured_media_url":"https:\/\/centros.uepb.edu.br\/ccbsa\/files\/2021\/11\/tacyana-e-anna-karolina-1.jpg","_links":{"self":[{"href":"https:\/\/centros.uepb.edu.br\/ccbsa\/wp-json\/wp\/v2\/posts\/7867","targetHints":{"allow":["GET"]}}],"collection":[{"href":"https:\/\/centros.uepb.edu.br\/ccbsa\/wp-json\/wp\/v2\/posts"}],"about":[{"href":"https:\/\/centros.uepb.edu.br\/ccbsa\/wp-json\/wp\/v2\/types\/post"}],"author":[{"embeddable":true,"href":"https:\/\/centros.uepb.edu.br\/ccbsa\/wp-json\/wp\/v2\/users\/8"}],"replies":[{"embeddable":true,"href":"https:\/\/centros.uepb.edu.br\/ccbsa\/wp-json\/wp\/v2\/comments?post=7867"}],"version-history":[{"count":0,"href":"https:\/\/centros.uepb.edu.br\/ccbsa\/wp-json\/wp\/v2\/posts\/7867\/revisions"}],"wp:featuredmedia":[{"embeddable":true,"href":"https:\/\/centros.uepb.edu.br\/ccbsa\/wp-json\/wp\/v2\/media\/7872"}],"wp:attachment":[{"href":"https:\/\/centros.uepb.edu.br\/ccbsa\/wp-json\/wp\/v2\/media?parent=7867"}],"wp:term":[{"taxonomy":"category","embeddable":true,"href":"https:\/\/centros.uepb.edu.br\/ccbsa\/wp-json\/wp\/v2\/categories?post=7867"},{"taxonomy":"post_tag","embeddable":true,"href":"https:\/\/centros.uepb.edu.br\/ccbsa\/wp-json\/wp\/v2\/tags?post=7867"}],"curies":[{"name":"wp","href":"https:\/\/api.w.org\/{rel}","templated":true}]}}