{"id":7859,"date":"2021-11-26T17:35:49","date_gmt":"2021-11-26T17:35:49","guid":{"rendered":"https:\/\/centros.uepb.edu.br\/ccbsa\/?p=7859"},"modified":"2021-11-26T17:35:49","modified_gmt":"2021-11-26T17:35:49","slug":"projeto-da-uepb-oferece-aperfeicoamento-para-vereadores-da-camara-municipal-de-mari-e-municipios-do-entorno","status":"publish","type":"post","link":"https:\/\/centros.uepb.edu.br\/ccbsa\/projeto-da-uepb-oferece-aperfeicoamento-para-vereadores-da-camara-municipal-de-mari-e-municipios-do-entorno\/","title":{"rendered":"Projeto da UEPB oferece aperfei\u00e7oamento para vereadores da C\u00e2mara Municipal de Mari e munic\u00edpios do entorno"},"content":{"rendered":"\n\t\t<style type=\"text\/css\">\n\t\t\t#gallery-1 {\n\t\t\t\tmargin: auto;\n\t\t\t}\n\t\t\t#gallery-1 .gallery-item {\n\t\t\t\tfloat: left;\n\t\t\t\tmargin-top: 10px;\n\t\t\t\ttext-align: center;\n\t\t\t\twidth: 33%;\n\t\t\t}\n\t\t\t#gallery-1 img {\n\t\t\t\tborder: 2px solid #cfcfcf;\n\t\t\t}\n\t\t\t#gallery-1 .gallery-caption {\n\t\t\t\tmargin-left: 0;\n\t\t\t}\n\t\t\t\/* see gallery_shortcode() in wp-includes\/media.php *\/\n\t\t<\/style>\n\t\t<div id='gallery-1' class='gallery galleryid-7859 gallery-columns-3 gallery-size-full'><dl class='gallery-item'>\n\t\t\t<dt class='gallery-icon landscape'>\n\t\t\t\t<a href='https:\/\/centros.uepb.edu.br\/ccbsa\/files\/2021\/11\/VIVENCIAS-MARI-1.jpg'><img loading=\"lazy\" decoding=\"async\" width=\"840\" height=\"454\" src=\"https:\/\/centros.uepb.edu.br\/ccbsa\/files\/2021\/11\/VIVENCIAS-MARI-1.jpg\" class=\"attachment-full size-full\" alt=\"\" srcset=\"https:\/\/centros.uepb.edu.br\/ccbsa\/files\/2021\/11\/VIVENCIAS-MARI-1.jpg 840w, https:\/\/centros.uepb.edu.br\/ccbsa\/files\/2021\/11\/VIVENCIAS-MARI-1-300x162.jpg 300w, https:\/\/centros.uepb.edu.br\/ccbsa\/files\/2021\/11\/VIVENCIAS-MARI-1-768x415.jpg 768w, https:\/\/centros.uepb.edu.br\/ccbsa\/files\/2021\/11\/VIVENCIAS-MARI-1-370x200.jpg 370w\" sizes=\"auto, (max-width: 840px) 100vw, 840px\" \/><\/a>\n\t\t\t<\/dt><\/dl><dl class='gallery-item'>\n\t\t\t<dt class='gallery-icon landscape'>\n\t\t\t\t<a href='https:\/\/centros.uepb.edu.br\/ccbsa\/files\/2021\/11\/VIVENCIAS-MARI-3.jpg'><img loading=\"lazy\" decoding=\"async\" width=\"840\" height=\"462\" src=\"https:\/\/centros.uepb.edu.br\/ccbsa\/files\/2021\/11\/VIVENCIAS-MARI-3.jpg\" class=\"attachment-full size-full\" alt=\"\" srcset=\"https:\/\/centros.uepb.edu.br\/ccbsa\/files\/2021\/11\/VIVENCIAS-MARI-3.jpg 840w, https:\/\/centros.uepb.edu.br\/ccbsa\/files\/2021\/11\/VIVENCIAS-MARI-3-300x165.jpg 300w, https:\/\/centros.uepb.edu.br\/ccbsa\/files\/2021\/11\/VIVENCIAS-MARI-3-768x422.jpg 768w, https:\/\/centros.uepb.edu.br\/ccbsa\/files\/2021\/11\/VIVENCIAS-MARI-3-370x204.jpg 370w\" sizes=\"auto, (max-width: 840px) 100vw, 840px\" \/><\/a>\n\t\t\t<\/dt><\/dl><dl class='gallery-item'>\n\t\t\t<dt class='gallery-icon portrait'>\n\t\t\t\t<a href='https:\/\/centros.uepb.edu.br\/ccbsa\/files\/2021\/11\/VIVENCIAS-EM-MARI-3-scaled.jpg'><img loading=\"lazy\" decoding=\"async\" width=\"2538\" height=\"2560\" src=\"https:\/\/centros.uepb.edu.br\/ccbsa\/files\/2021\/11\/VIVENCIAS-EM-MARI-3-scaled.jpg\" class=\"attachment-full size-full\" alt=\"\" srcset=\"https:\/\/centros.uepb.edu.br\/ccbsa\/files\/2021\/11\/VIVENCIAS-EM-MARI-3-scaled.jpg 2538w, https:\/\/centros.uepb.edu.br\/ccbsa\/files\/2021\/11\/VIVENCIAS-EM-MARI-3-297x300.jpg 297w, https:\/\/centros.uepb.edu.br\/ccbsa\/files\/2021\/11\/VIVENCIAS-EM-MARI-3-1015x1024.jpg 1015w, https:\/\/centros.uepb.edu.br\/ccbsa\/files\/2021\/11\/VIVENCIAS-EM-MARI-3-150x150.jpg 150w, https:\/\/centros.uepb.edu.br\/ccbsa\/files\/2021\/11\/VIVENCIAS-EM-MARI-3-768x775.jpg 768w, https:\/\/centros.uepb.edu.br\/ccbsa\/files\/2021\/11\/VIVENCIAS-EM-MARI-3-1523x1536.jpg 1523w, https:\/\/centros.uepb.edu.br\/ccbsa\/files\/2021\/11\/VIVENCIAS-EM-MARI-3-2030x2048.jpg 2030w, https:\/\/centros.uepb.edu.br\/ccbsa\/files\/2021\/11\/VIVENCIAS-EM-MARI-3-370x373.jpg 370w, https:\/\/centros.uepb.edu.br\/ccbsa\/files\/2021\/11\/VIVENCIAS-EM-MARI-3-840x847.jpg 840w\" sizes=\"auto, (max-width: 2538px) 100vw, 2538px\" \/><\/a>\n\t\t\t<\/dt><\/dl><br style=\"clear: both\" \/>\n\t\t<\/div>\n\n<p>O papel dos vereadores no regime pol\u00edtico brasileiro, como melhorar a legisla\u00e7\u00e3o do munic\u00edpio, formas de fortalecer as pol\u00edticas p\u00fablicas de capta\u00e7\u00e3o de recursos, a import\u00e2ncia da constitui\u00e7\u00e3o da rep\u00fablica federativa do Brasil como guia das a\u00e7\u00f5es, a fun\u00e7\u00e3o das m\u00eddias sociais e da comunica\u00e7\u00e3o, dentre outros temas, comp\u00f5em o conte\u00fado das oficinas desenvolvidas pelo projeto de extens\u00e3o Viv\u00eancias em A\u00e7\u00f5es Legislativas, que \u00e9 vinculado ao C\u00e2mpus V da Universidade Estadual da Para\u00edba (UEPB), com atua\u00e7\u00e3o junto \u00e0s c\u00e2maras de vereadores dos munic\u00edpios paraibanos. Nesta quinta-feira (25), foi realizada a a\u00e7\u00e3o na C\u00e2mara do Munic\u00edpio de Mari, e a visita a cidades localizadas no entorno para a formaliza\u00e7\u00e3o de parcerias e promo\u00e7\u00e3o das oficinas em outros locais.<\/p>\n<p>Participaram da atividade em Mari, vereadores, assessores e demais servidores da C\u00e2mara, que receberam orienta\u00e7\u00f5es referentes ao trabalho legislativo e aos procedimentos a serem adotados com o objetivo de possibilitar atua\u00e7\u00f5es efetivas de parlamentares para a melhoria nas condi\u00e7\u00f5es de vida da popula\u00e7\u00e3o local. Ministraram a atividade a docente Martha Simone Amorim, que coordena o projeto; a colaboradora do projeto que \u00e9 servidora da Assembleia Legislativa, a advogada Rosana Gadelha; e a assessora de comunica\u00e7\u00e3o da UEPB, Juliana Marques. O projeto conta com a parceria da Pro-reitoria de Extens\u00e3o (PROEX) da UEPB.<\/p>\n<p>De acordo com a professora Martha Simone, as visitas realizadas e atividades empreendidas at\u00e9 agora refor\u00e7am a import\u00e2ncia deste tipo de iniciativa junto \u00e0s c\u00e2maras municipais do Estado. \u201cA cada Viv\u00eancia realizada fica a certeza da import\u00e2ncia dessa a\u00e7\u00e3o extensionista. Vamos continuar firmes, compartilhando conhecimentos, principalmente com as pequenas C\u00e2maras Municipais, cuja estrutura dificulta a execu\u00e7\u00e3o plena das atividades. Neste sentido, agradecemos o acolhimento de todos e todas integrantes da C\u00e2mara Municipal de Mari, na pessoa da eficiente Vereadora Valeska Magalh\u00e3es, bem como a participa\u00e7\u00e3o importante do Poder Executivo, atrav\u00e9s da vice-prefeita Lucinha da Sa\u00fade. Agrade\u00e7o tamb\u00e9m \u00e0s parceiras de Projeto: a advogada Rosana Gadelha e a assessora de comunica\u00e7\u00e3o Juliana Marques. Tamb\u00e9m destaco a import\u00e2ncia da colabora\u00e7\u00e3o da equipe da PROEX, em nome da nossa dedicada Pro-reitora Maria do Socorro Barbosa, cujo apoio vem fortalecendo a expans\u00e3o do fazer extencionista\u201d, afirma a docente.<\/p>\n<p>A advogada Rosana Gadelha pontuou algumas quest\u00f5es importantes que foram contempladas durante a atividade. \u00a0\u201cA Viv\u00eancia que realizamos na C\u00e2mara Municipal de Mar\u00ed foi din\u00e2mica, intensa e muito participativa, j\u00e1 que os vereadores e vereadoras estavam com muitas d\u00favidas sobre as formas de a\u00e7\u00e3o parlamentar, sobretudo, quanto aos prazos em processos legislativos. Esclarecemos os pontos \u00e0 luz do regramento constitucional vigente, provocamos reflex\u00f5es sobre o modo de agir e confiamos que essa semente plantada pela UEPB gere bons frutos,\u00a0 em benef\u00edcio da popula\u00e7\u00e3o\u201d, avalia Rosana.<\/p>\n<p>A vereadora de Mari, Valeska Magalh\u00e3es, presidente da Uni\u00e3o dos Vereadores do Brasil (UVB-PB), destaca a import\u00e2ncia da iniciativa empreendida pela UEPB no sentido que qualificar o trabalho desenvolvido por parlamentares dos munic\u00edpios paraibanos. \u201cEm nome da reitora e da equipe envolvida neste projeto n\u00f3s agradecemos por esta iniciativa. Esperamos atuar com um mandato de excel\u00eancia e \u00e9 importante que participemos e abordemos esses temas relevantes para melhorar os nossos conhecimentos e colocar em pr\u00e1tica tudo que nos foi apresentado. Desta forma, \u00e9 primordial esse trabalho que vem sendo desenvolvido pela UEPB\u201d, pondera a vereadora.<\/p>\n<p>De acordo com a organiza\u00e7\u00e3o do projeto est\u00e1 sendo feito um mapeamento para a defini\u00e7\u00e3o dos pr\u00f3ximos munic\u00edpios a serem atendidos ainda em 2021 e em 2022 com enfoque, inicialmente, na regi\u00e3o do Brejo paraibano, podendo ser estendido o trabalho para c\u00e2maras de outras microrregi\u00f5es da Para\u00edba.<\/p>\n<p><em><strong>Texto e fotos:<\/strong>\u00a0Juliana Marques<\/em><\/p>\n<p>&nbsp;<\/p>\n","protected":false},"excerpt":{"rendered":"<p>O papel dos vereadores no regime pol\u00edtico brasileiro, como melhorar a legisla\u00e7\u00e3o do munic\u00edpio, formas de fortalecer as pol\u00edticas p\u00fablicas de capta\u00e7\u00e3o de recursos, a import\u00e2ncia da constitui\u00e7\u00e3o da rep\u00fablica federativa do Brasil como guia das a\u00e7\u00f5es, a fun\u00e7\u00e3o das m\u00eddias sociais e da comunica\u00e7\u00e3o, dentre outros temas, comp\u00f5em o conte\u00fado das oficinas desenvolvidas pelo <a class=\"leiamais\" href=\"https:\/\/centros.uepb.edu.br\/ccbsa\/projeto-da-uepb-oferece-aperfeicoamento-para-vereadores-da-camara-municipal-de-mari-e-municipios-do-entorno\/\">Leia Mais&#8230;<\/a><\/p>\n","protected":false},"author":8,"featured_media":7860,"comment_status":"closed","ping_status":"closed","sticky":false,"template":"","format":"standard","meta":{"footnotes":""},"categories":[3,11],"tags":[],"class_list":["post-7859","post","type-post","status-publish","format-standard","has-post-thumbnail","hentry","category-noticias","category-noticias-destaque-img"],"jetpack_featured_media_url":"https:\/\/centros.uepb.edu.br\/ccbsa\/files\/2021\/11\/VIVENCIAS-MARI-1.jpg","_links":{"self":[{"href":"https:\/\/centros.uepb.edu.br\/ccbsa\/wp-json\/wp\/v2\/posts\/7859","targetHints":{"allow":["GET"]}}],"collection":[{"href":"https:\/\/centros.uepb.edu.br\/ccbsa\/wp-json\/wp\/v2\/posts"}],"about":[{"href":"https:\/\/centros.uepb.edu.br\/ccbsa\/wp-json\/wp\/v2\/types\/post"}],"author":[{"embeddable":true,"href":"https:\/\/centros.uepb.edu.br\/ccbsa\/wp-json\/wp\/v2\/users\/8"}],"replies":[{"embeddable":true,"href":"https:\/\/centros.uepb.edu.br\/ccbsa\/wp-json\/wp\/v2\/comments?post=7859"}],"version-history":[{"count":0,"href":"https:\/\/centros.uepb.edu.br\/ccbsa\/wp-json\/wp\/v2\/posts\/7859\/revisions"}],"wp:featuredmedia":[{"embeddable":true,"href":"https:\/\/centros.uepb.edu.br\/ccbsa\/wp-json\/wp\/v2\/media\/7860"}],"wp:attachment":[{"href":"https:\/\/centros.uepb.edu.br\/ccbsa\/wp-json\/wp\/v2\/media?parent=7859"}],"wp:term":[{"taxonomy":"category","embeddable":true,"href":"https:\/\/centros.uepb.edu.br\/ccbsa\/wp-json\/wp\/v2\/categories?post=7859"},{"taxonomy":"post_tag","embeddable":true,"href":"https:\/\/centros.uepb.edu.br\/ccbsa\/wp-json\/wp\/v2\/tags?post=7859"}],"curies":[{"name":"wp","href":"https:\/\/api.w.org\/{rel}","templated":true}]}}