{"id":7808,"date":"2021-10-19T20:25:00","date_gmt":"2021-10-19T20:25:00","guid":{"rendered":"https:\/\/centros.uepb.edu.br\/ccbsa\/?p=7808"},"modified":"2021-10-19T20:27:10","modified_gmt":"2021-10-19T20:27:10","slug":"uepb-em-parceria-com-instituicoes-do-estado-promove-atividades-alusivas-ao-dia-do-arquivista","status":"publish","type":"post","link":"https:\/\/centros.uepb.edu.br\/ccbsa\/uepb-em-parceria-com-instituicoes-do-estado-promove-atividades-alusivas-ao-dia-do-arquivista\/","title":{"rendered":"UEPB em parceria com institui\u00e7\u00f5es do Estado promove atividades alusivas ao dia do arquivista"},"content":{"rendered":"\n\t\t<style type=\"text\/css\">\n\t\t\t#gallery-1 {\n\t\t\t\tmargin: auto;\n\t\t\t}\n\t\t\t#gallery-1 .gallery-item {\n\t\t\t\tfloat: left;\n\t\t\t\tmargin-top: 10px;\n\t\t\t\ttext-align: center;\n\t\t\t\twidth: 33%;\n\t\t\t}\n\t\t\t#gallery-1 img {\n\t\t\t\tborder: 2px solid #cfcfcf;\n\t\t\t}\n\t\t\t#gallery-1 .gallery-caption {\n\t\t\t\tmargin-left: 0;\n\t\t\t}\n\t\t\t\/* see gallery_shortcode() in wp-includes\/media.php *\/\n\t\t<\/style>\n\t\t<div id='gallery-1' class='gallery galleryid-7808 gallery-columns-3 gallery-size-full'><dl class='gallery-item'>\n\t\t\t<dt class='gallery-icon landscape'>\n\t\t\t\t<a href='https:\/\/centros.uepb.edu.br\/ccbsa\/uepb-em-parceria-com-instituicoes-do-estado-promove-atividades-alusivas-ao-dia-do-arquivista\/245087122_247836404050645_6232636837655638368_n\/'><img loading=\"lazy\" decoding=\"async\" width=\"960\" height=\"960\" src=\"https:\/\/centros.uepb.edu.br\/ccbsa\/files\/2021\/10\/245087122_247836404050645_6232636837655638368_n.jpg\" class=\"attachment-full size-full\" alt=\"\" srcset=\"https:\/\/centros.uepb.edu.br\/ccbsa\/files\/2021\/10\/245087122_247836404050645_6232636837655638368_n.jpg 960w, https:\/\/centros.uepb.edu.br\/ccbsa\/files\/2021\/10\/245087122_247836404050645_6232636837655638368_n-300x300.jpg 300w, https:\/\/centros.uepb.edu.br\/ccbsa\/files\/2021\/10\/245087122_247836404050645_6232636837655638368_n-150x150.jpg 150w, https:\/\/centros.uepb.edu.br\/ccbsa\/files\/2021\/10\/245087122_247836404050645_6232636837655638368_n-768x768.jpg 768w, https:\/\/centros.uepb.edu.br\/ccbsa\/files\/2021\/10\/245087122_247836404050645_6232636837655638368_n-370x370.jpg 370w, https:\/\/centros.uepb.edu.br\/ccbsa\/files\/2021\/10\/245087122_247836404050645_6232636837655638368_n-840x840.jpg 840w\" sizes=\"auto, (max-width: 960px) 100vw, 960px\" \/><\/a>\n\t\t\t<\/dt><\/dl><dl class='gallery-item'>\n\t\t\t<dt class='gallery-icon landscape'>\n\t\t\t\t<a href='https:\/\/centros.uepb.edu.br\/ccbsa\/uepb-em-parceria-com-instituicoes-do-estado-promove-atividades-alusivas-ao-dia-do-arquivista\/245928859_247836364050649_8899360695474996487_n\/'><img loading=\"lazy\" decoding=\"async\" width=\"960\" height=\"960\" src=\"https:\/\/centros.uepb.edu.br\/ccbsa\/files\/2021\/10\/245928859_247836364050649_8899360695474996487_n.jpg\" class=\"attachment-full size-full\" alt=\"\" srcset=\"https:\/\/centros.uepb.edu.br\/ccbsa\/files\/2021\/10\/245928859_247836364050649_8899360695474996487_n.jpg 960w, https:\/\/centros.uepb.edu.br\/ccbsa\/files\/2021\/10\/245928859_247836364050649_8899360695474996487_n-300x300.jpg 300w, https:\/\/centros.uepb.edu.br\/ccbsa\/files\/2021\/10\/245928859_247836364050649_8899360695474996487_n-150x150.jpg 150w, https:\/\/centros.uepb.edu.br\/ccbsa\/files\/2021\/10\/245928859_247836364050649_8899360695474996487_n-768x768.jpg 768w, https:\/\/centros.uepb.edu.br\/ccbsa\/files\/2021\/10\/245928859_247836364050649_8899360695474996487_n-370x370.jpg 370w, https:\/\/centros.uepb.edu.br\/ccbsa\/files\/2021\/10\/245928859_247836364050649_8899360695474996487_n-840x840.jpg 840w\" sizes=\"auto, (max-width: 960px) 100vw, 960px\" \/><\/a>\n\t\t\t<\/dt><\/dl><dl class='gallery-item'>\n\t\t\t<dt class='gallery-icon landscape'>\n\t\t\t\t<a href='https:\/\/centros.uepb.edu.br\/ccbsa\/uepb-em-parceria-com-instituicoes-do-estado-promove-atividades-alusivas-ao-dia-do-arquivista\/245973471_247836307383988_1782881800518279354_n\/'><img loading=\"lazy\" decoding=\"async\" width=\"960\" height=\"960\" src=\"https:\/\/centros.uepb.edu.br\/ccbsa\/files\/2021\/10\/245973471_247836307383988_1782881800518279354_n.jpg\" class=\"attachment-full size-full\" alt=\"\" srcset=\"https:\/\/centros.uepb.edu.br\/ccbsa\/files\/2021\/10\/245973471_247836307383988_1782881800518279354_n.jpg 960w, https:\/\/centros.uepb.edu.br\/ccbsa\/files\/2021\/10\/245973471_247836307383988_1782881800518279354_n-300x300.jpg 300w, https:\/\/centros.uepb.edu.br\/ccbsa\/files\/2021\/10\/245973471_247836307383988_1782881800518279354_n-150x150.jpg 150w, https:\/\/centros.uepb.edu.br\/ccbsa\/files\/2021\/10\/245973471_247836307383988_1782881800518279354_n-768x768.jpg 768w, https:\/\/centros.uepb.edu.br\/ccbsa\/files\/2021\/10\/245973471_247836307383988_1782881800518279354_n-370x370.jpg 370w, https:\/\/centros.uepb.edu.br\/ccbsa\/files\/2021\/10\/245973471_247836307383988_1782881800518279354_n-840x840.jpg 840w\" sizes=\"auto, (max-width: 960px) 100vw, 960px\" \/><\/a>\n\t\t\t<\/dt><\/dl><br style=\"clear: both\" \/><dl class='gallery-item'>\n\t\t\t<dt class='gallery-icon landscape'>\n\t\t\t\t<a href='https:\/\/centros.uepb.edu.br\/ccbsa\/uepb-em-parceria-com-instituicoes-do-estado-promove-atividades-alusivas-ao-dia-do-arquivista\/245896864_247836274050658_4335455619039634904_n\/'><img loading=\"lazy\" decoding=\"async\" width=\"960\" height=\"960\" src=\"https:\/\/centros.uepb.edu.br\/ccbsa\/files\/2021\/10\/245896864_247836274050658_4335455619039634904_n.jpg\" class=\"attachment-full size-full\" alt=\"\" srcset=\"https:\/\/centros.uepb.edu.br\/ccbsa\/files\/2021\/10\/245896864_247836274050658_4335455619039634904_n.jpg 960w, https:\/\/centros.uepb.edu.br\/ccbsa\/files\/2021\/10\/245896864_247836274050658_4335455619039634904_n-300x300.jpg 300w, https:\/\/centros.uepb.edu.br\/ccbsa\/files\/2021\/10\/245896864_247836274050658_4335455619039634904_n-150x150.jpg 150w, https:\/\/centros.uepb.edu.br\/ccbsa\/files\/2021\/10\/245896864_247836274050658_4335455619039634904_n-768x768.jpg 768w, https:\/\/centros.uepb.edu.br\/ccbsa\/files\/2021\/10\/245896864_247836274050658_4335455619039634904_n-370x370.jpg 370w, https:\/\/centros.uepb.edu.br\/ccbsa\/files\/2021\/10\/245896864_247836274050658_4335455619039634904_n-840x840.jpg 840w\" sizes=\"auto, (max-width: 960px) 100vw, 960px\" \/><\/a>\n\t\t\t<\/dt><\/dl><dl class='gallery-item'>\n\t\t\t<dt class='gallery-icon landscape'>\n\t\t\t\t<a href='https:\/\/centros.uepb.edu.br\/ccbsa\/uepb-em-parceria-com-instituicoes-do-estado-promove-atividades-alusivas-ao-dia-do-arquivista\/whatsapp-image-2021-10-19-at-08-28-42\/'><img loading=\"lazy\" decoding=\"async\" width=\"810\" height=\"810\" src=\"https:\/\/centros.uepb.edu.br\/ccbsa\/files\/2021\/10\/WhatsApp-Image-2021-10-19-at-08.28.42.jpeg\" class=\"attachment-full size-full\" alt=\"\" srcset=\"https:\/\/centros.uepb.edu.br\/ccbsa\/files\/2021\/10\/WhatsApp-Image-2021-10-19-at-08.28.42.jpeg 810w, https:\/\/centros.uepb.edu.br\/ccbsa\/files\/2021\/10\/WhatsApp-Image-2021-10-19-at-08.28.42-300x300.jpeg 300w, https:\/\/centros.uepb.edu.br\/ccbsa\/files\/2021\/10\/WhatsApp-Image-2021-10-19-at-08.28.42-150x150.jpeg 150w, https:\/\/centros.uepb.edu.br\/ccbsa\/files\/2021\/10\/WhatsApp-Image-2021-10-19-at-08.28.42-768x768.jpeg 768w, https:\/\/centros.uepb.edu.br\/ccbsa\/files\/2021\/10\/WhatsApp-Image-2021-10-19-at-08.28.42-370x370.jpeg 370w\" sizes=\"auto, (max-width: 810px) 100vw, 810px\" \/><\/a>\n\t\t\t<\/dt><\/dl>\n\t\t\t<br style='clear: both' \/>\n\t\t<\/div>\n\n<p>Celebrado em 20 de outubro, em refer\u00eancia \u00e0 data em que foi apresentada na assembleia nacional constituinte de 1823 a proposta de cria\u00e7\u00e3o de um Arquivo P\u00fablico no Brasil e que, em 1971, foi criada a Associa\u00e7\u00e3o dos Arquivistas Brasileiros, o dia do arquivista configura-se como um marco para a consolida\u00e7\u00e3o desse campo de atua\u00e7\u00e3o profissional e reafirma\u00e7\u00e3o de conquistas e direitos.<\/p>\n<p>E com o objetivo de promover a\u00e7\u00f5es alusivas \u00e0 data o bacharelado em Arquivologia da Universidade Estadual da Para\u00edba (UEPB) em parceria com o Semin\u00e1rio de Saberes Arquiv\u00edsticos (SESA), curso de Arquivologia da Universidade Federal da Para\u00edba (UFPB), Associa\u00e7\u00e3o dos Arquivistas da Para\u00edba (AAPB), Grupo de Estudos Arquiv\u00edsticos (GEArq), Funda\u00e7\u00e3o Casa de Jos\u00e9 Am\u00e9rico (FCJA), Tribunal Regional Eleitoral da Para\u00edba (TRE-PB) e F\u00f3rum Nacional das Associa\u00e7\u00f5es de Arquivologia do Brasil (FNARQ), promovem diversas atividades nos dias 20, 21 e 23 de outubro.<\/p>\n<p>Nesta quarta-feira, 20 de outubro, \u00e0s 10h, no <a href=\"https:\/\/www.youtube.com\/watch?v=E4osH-QwxI4\">canal do TRE-PB<\/a>\u00a0ser\u00e1 realizada uma mesa que apresentar\u00e1 o percurso de constru\u00e7\u00e3o do plano de classifica\u00e7\u00e3o do arquivo do TRE-PB, com a participa\u00e7\u00e3o de Laura Amorim, Maria L\u00facia Marques e Irene Fernandes, que acompanharam esse trabalho. A atividades ser\u00e1 mediada por Gabriela Garcia.<\/p>\n<p>\u00c0s 16h30 ser\u00e1 realizada, no canal do<a href=\"https:\/\/www.youtube.com\/watch?v=3Ep5mccTKPk\"> Projeto SESA online<\/a> uma exposi\u00e7\u00e3o sobre a pesquisa em Arquivologia. Na oportunidade ser\u00e3o apresentados o \u201cGrupo de Pesquisa Arquivologia e Sociedade\u201d, coordenado pelos professores da UEPB Eliete Correia dos Santos e Josemar Henrique de Melo; \u201cGrupo de Estudos e Pesquisa em Cultura, Informa\u00e7\u00e3o, Mem\u00f3ria e Patrim\u00f4nio (GECIMP)\u201d, que \u00e9 liderado pelas docentes da UFPB Bernardina Freire e Ana C\u00f3rdula; \u201cGrupo de estudos e pesquisa em epistemologia arquiv\u00edstica (GEPE-ARQ)\u201d, que tem como l\u00edderes as professoras da UFPB, Danielle Alves e Claudialyne Ara\u00fajo e o grupo \u201cEstudos arquiv\u00edsticos em documentos e registros digitais (EADRD)\u201d, que \u00e9 liderado pelas docentes da UFPB Julianne Teixeira e Maria Meriane Rocha. Tamb\u00e9m ser\u00e1 realizado o lan\u00e7amento do endere\u00e7o eletr\u00f4nico \u201cPesquisas arquiv\u00edsticas brasileiras\u201d, sob a responsabilidade das docentes Maria Meriane Rocha e Adelaide Casimiro. As atividades ser\u00e3o mediadas pela representante da FCJA e GEARQ L\u00facia Guerra.<\/p>\n<p>Ainda nesta quarta-feira, 20 de outubro, \u00e0s 19h30, no <a href=\"https:\/\/www.youtube.com\/watch?v=G9mWsOru4cQ\">canal do Grupo de Estudos Arquiv\u00edsticos<\/a>\u00a0ser\u00e1 realizada a mesa que discutir\u00e1 a lei 8.159 de 1991, conhecida como Lei de arquivo. Participam do debate a integrante do FNARQ Izabela Maluf, o professor da UFPB e membro do Conarq, Luiz Eduardo Silva e o representante do Conarq Vanderlei Batista. A atividade ser\u00e1 mediada pelo professor Josemar Henrique de Melo.<\/p>\n<p>Na quinta-feira, 21 de outubro, \u00e0s 19h, no <a href=\"https:\/\/www.youtube.com\/channel\/UCebWBmMZHUp_5xWQuvex3gA\/featured\">canal Arquivologia Remota UFPB<\/a> ser\u00e1 realizada a mesa sobre a rela\u00e7\u00e3o entre a extens\u00e3o e a arquivologia, na qual ser\u00e3o apresentados relatos de a\u00e7\u00f5es extensionistas realizadas na UEPB e UFPB. A atividade ser\u00e1 mediada pela professora Ana C\u00f3rdula.<\/p>\n<p>A programa\u00e7\u00e3o ser\u00e1 encerrada no s\u00e1bado, 23 de outubro, \u00e0s 8h30, no Parque Sol\u00f3n de Lucena, com a a\u00e7\u00e3o do projeto de extens\u00e3o &#8220;Pedipaper SESA: conhecer Jo\u00e3o Pessoa com desporto, educa\u00e7\u00e3o cultural e ambiental&#8221;, que \u00e9 vinculado ao curso de Arquivologia da UEPB. A a\u00e7\u00e3o visa possibilitar o conhecimento da cidade de Jo\u00e3o Pessoa de forma l\u00fadica, unindo atividades educativo-culturais sobre o centro hist\u00f3rico da capital \u00e0 pr\u00e1tica desportiva. Para participar do evento \u201cPeddy-paper\u201d \u00e9 necess\u00e1rio realizar a inscri\u00e7\u00e3o via<a href=\"https:\/\/forms.gle\/uQk8G43625yHxpMj6\"> formul\u00e1rio eletr\u00f4nico<\/a>, uso de m\u00e1scaras e apresenta\u00e7\u00e3o do comprovante de vacina\u00e7\u00e3o de Covid-19 com, pelo menos, a primeira dose.<\/p>\n<p><em><strong>Texto:<\/strong> Juliana Marques<\/em><\/p>\n<p>&nbsp;<\/p>\n","protected":false},"excerpt":{"rendered":"<p>Celebrado em 20 de outubro, em refer\u00eancia \u00e0 data em que foi apresentada na assembleia nacional constituinte de 1823 a proposta de cria\u00e7\u00e3o de um Arquivo P\u00fablico no Brasil e que, em 1971, foi criada a Associa\u00e7\u00e3o dos Arquivistas Brasileiros, o dia do arquivista configura-se como um marco para a consolida\u00e7\u00e3o desse campo de atua\u00e7\u00e3o <a class=\"leiamais\" href=\"https:\/\/centros.uepb.edu.br\/ccbsa\/uepb-em-parceria-com-instituicoes-do-estado-promove-atividades-alusivas-ao-dia-do-arquivista\/\">Leia Mais&#8230;<\/a><\/p>\n","protected":false},"author":8,"featured_media":7809,"comment_status":"closed","ping_status":"closed","sticky":false,"template":"","format":"standard","meta":{"footnotes":""},"categories":[3,11],"tags":[],"class_list":["post-7808","post","type-post","status-publish","format-standard","has-post-thumbnail","hentry","category-noticias","category-noticias-destaque-img"],"jetpack_featured_media_url":"https:\/\/centros.uepb.edu.br\/ccbsa\/files\/2021\/10\/Design-sem-nome-22.png","_links":{"self":[{"href":"https:\/\/centros.uepb.edu.br\/ccbsa\/wp-json\/wp\/v2\/posts\/7808","targetHints":{"allow":["GET"]}}],"collection":[{"href":"https:\/\/centros.uepb.edu.br\/ccbsa\/wp-json\/wp\/v2\/posts"}],"about":[{"href":"https:\/\/centros.uepb.edu.br\/ccbsa\/wp-json\/wp\/v2\/types\/post"}],"author":[{"embeddable":true,"href":"https:\/\/centros.uepb.edu.br\/ccbsa\/wp-json\/wp\/v2\/users\/8"}],"replies":[{"embeddable":true,"href":"https:\/\/centros.uepb.edu.br\/ccbsa\/wp-json\/wp\/v2\/comments?post=7808"}],"version-history":[{"count":0,"href":"https:\/\/centros.uepb.edu.br\/ccbsa\/wp-json\/wp\/v2\/posts\/7808\/revisions"}],"wp:featuredmedia":[{"embeddable":true,"href":"https:\/\/centros.uepb.edu.br\/ccbsa\/wp-json\/wp\/v2\/media\/7809"}],"wp:attachment":[{"href":"https:\/\/centros.uepb.edu.br\/ccbsa\/wp-json\/wp\/v2\/media?parent=7808"}],"wp:term":[{"taxonomy":"category","embeddable":true,"href":"https:\/\/centros.uepb.edu.br\/ccbsa\/wp-json\/wp\/v2\/categories?post=7808"},{"taxonomy":"post_tag","embeddable":true,"href":"https:\/\/centros.uepb.edu.br\/ccbsa\/wp-json\/wp\/v2\/tags?post=7808"}],"curies":[{"name":"wp","href":"https:\/\/api.w.org\/{rel}","templated":true}]}}