{"id":7772,"date":"2021-08-30T20:13:20","date_gmt":"2021-08-30T20:13:20","guid":{"rendered":"https:\/\/centros.uepb.edu.br\/ccbsa\/?p=7772"},"modified":"2021-08-30T20:18:10","modified_gmt":"2021-08-30T20:18:10","slug":"campus-v-celebra-15-anos-com-programacao-palestra-oficinas-e-mostra-cientifica-transmitidas-remotamente","status":"publish","type":"post","link":"https:\/\/centros.uepb.edu.br\/ccbsa\/campus-v-celebra-15-anos-com-programacao-palestra-oficinas-e-mostra-cientifica-transmitidas-remotamente\/","title":{"rendered":"C\u00e2mpus V celebra 15 anos com programa\u00e7\u00e3o palestra, oficinas e mostra cient\u00edfica transmitidas remotamente"},"content":{"rendered":"\n\t\t<style type=\"text\/css\">\n\t\t\t#gallery-1 {\n\t\t\t\tmargin: auto;\n\t\t\t}\n\t\t\t#gallery-1 .gallery-item {\n\t\t\t\tfloat: left;\n\t\t\t\tmargin-top: 10px;\n\t\t\t\ttext-align: center;\n\t\t\t\twidth: 33%;\n\t\t\t}\n\t\t\t#gallery-1 img {\n\t\t\t\tborder: 2px solid #cfcfcf;\n\t\t\t}\n\t\t\t#gallery-1 .gallery-caption {\n\t\t\t\tmargin-left: 0;\n\t\t\t}\n\t\t\t\/* see gallery_shortcode() in wp-includes\/media.php *\/\n\t\t<\/style>\n\t\t<div id='gallery-1' class='gallery galleryid-7772 gallery-columns-3 gallery-size-full'><dl class='gallery-item'>\n\t\t\t<dt class='gallery-icon landscape'>\n\t\t\t\t<a href='https:\/\/centros.uepb.edu.br\/ccbsa\/files\/2021\/08\/WhatsApp-Image-2021-08-27-at-18.21.58.jpeg'><img loading=\"lazy\" decoding=\"async\" width=\"1600\" height=\"1200\" src=\"https:\/\/centros.uepb.edu.br\/ccbsa\/files\/2021\/08\/WhatsApp-Image-2021-08-27-at-18.21.58.jpeg\" class=\"attachment-full size-full\" alt=\"\" srcset=\"https:\/\/centros.uepb.edu.br\/ccbsa\/files\/2021\/08\/WhatsApp-Image-2021-08-27-at-18.21.58.jpeg 1600w, https:\/\/centros.uepb.edu.br\/ccbsa\/files\/2021\/08\/WhatsApp-Image-2021-08-27-at-18.21.58-300x225.jpeg 300w, https:\/\/centros.uepb.edu.br\/ccbsa\/files\/2021\/08\/WhatsApp-Image-2021-08-27-at-18.21.58-1024x768.jpeg 1024w, https:\/\/centros.uepb.edu.br\/ccbsa\/files\/2021\/08\/WhatsApp-Image-2021-08-27-at-18.21.58-768x576.jpeg 768w, https:\/\/centros.uepb.edu.br\/ccbsa\/files\/2021\/08\/WhatsApp-Image-2021-08-27-at-18.21.58-1536x1152.jpeg 1536w, https:\/\/centros.uepb.edu.br\/ccbsa\/files\/2021\/08\/WhatsApp-Image-2021-08-27-at-18.21.58-370x278.jpeg 370w, https:\/\/centros.uepb.edu.br\/ccbsa\/files\/2021\/08\/WhatsApp-Image-2021-08-27-at-18.21.58-840x630.jpeg 840w\" sizes=\"auto, (max-width: 1600px) 100vw, 1600px\" \/><\/a>\n\t\t\t<\/dt><\/dl><dl class='gallery-item'>\n\t\t\t<dt class='gallery-icon landscape'>\n\t\t\t\t<a href='https:\/\/centros.uepb.edu.br\/ccbsa\/files\/2021\/08\/WhatsApp-Image-2021-08-27-at-18.21.58.png'><img loading=\"lazy\" decoding=\"async\" width=\"1600\" height=\"1200\" src=\"https:\/\/centros.uepb.edu.br\/ccbsa\/files\/2021\/08\/WhatsApp-Image-2021-08-27-at-18.21.58.png\" class=\"attachment-full size-full\" alt=\"\" srcset=\"https:\/\/centros.uepb.edu.br\/ccbsa\/files\/2021\/08\/WhatsApp-Image-2021-08-27-at-18.21.58.png 1600w, https:\/\/centros.uepb.edu.br\/ccbsa\/files\/2021\/08\/WhatsApp-Image-2021-08-27-at-18.21.58-300x225.png 300w, https:\/\/centros.uepb.edu.br\/ccbsa\/files\/2021\/08\/WhatsApp-Image-2021-08-27-at-18.21.58-1024x768.png 1024w, https:\/\/centros.uepb.edu.br\/ccbsa\/files\/2021\/08\/WhatsApp-Image-2021-08-27-at-18.21.58-768x576.png 768w, https:\/\/centros.uepb.edu.br\/ccbsa\/files\/2021\/08\/WhatsApp-Image-2021-08-27-at-18.21.58-1536x1152.png 1536w, https:\/\/centros.uepb.edu.br\/ccbsa\/files\/2021\/08\/WhatsApp-Image-2021-08-27-at-18.21.58-370x278.png 370w, https:\/\/centros.uepb.edu.br\/ccbsa\/files\/2021\/08\/WhatsApp-Image-2021-08-27-at-18.21.58-840x630.png 840w\" sizes=\"auto, (max-width: 1600px) 100vw, 1600px\" \/><\/a>\n\t\t\t<\/dt><\/dl><dl class='gallery-item'>\n\t\t\t<dt class='gallery-icon landscape'>\n\t\t\t\t<a href='https:\/\/centros.uepb.edu.br\/ccbsa\/files\/2021\/08\/Captura-de-tela-2021-08-30-165746-1.png'><img loading=\"lazy\" decoding=\"async\" width=\"840\" height=\"454\" src=\"https:\/\/centros.uepb.edu.br\/ccbsa\/files\/2021\/08\/Captura-de-tela-2021-08-30-165746-1.png\" class=\"attachment-full size-full\" alt=\"\" srcset=\"https:\/\/centros.uepb.edu.br\/ccbsa\/files\/2021\/08\/Captura-de-tela-2021-08-30-165746-1.png 840w, https:\/\/centros.uepb.edu.br\/ccbsa\/files\/2021\/08\/Captura-de-tela-2021-08-30-165746-1-300x162.png 300w, https:\/\/centros.uepb.edu.br\/ccbsa\/files\/2021\/08\/Captura-de-tela-2021-08-30-165746-1-768x415.png 768w, https:\/\/centros.uepb.edu.br\/ccbsa\/files\/2021\/08\/Captura-de-tela-2021-08-30-165746-1-370x200.png 370w\" sizes=\"auto, (max-width: 840px) 100vw, 840px\" \/><\/a>\n\t\t\t<\/dt><\/dl><br style=\"clear: both\" \/><dl class='gallery-item'>\n\t\t\t<dt class='gallery-icon landscape'>\n\t\t\t\t<a href='https:\/\/centros.uepb.edu.br\/ccbsa\/files\/2021\/08\/Captura-de-tela-2021-08-30-165825.png'><img loading=\"lazy\" decoding=\"async\" width=\"1009\" height=\"567\" src=\"https:\/\/centros.uepb.edu.br\/ccbsa\/files\/2021\/08\/Captura-de-tela-2021-08-30-165825.png\" class=\"attachment-full size-full\" alt=\"\" srcset=\"https:\/\/centros.uepb.edu.br\/ccbsa\/files\/2021\/08\/Captura-de-tela-2021-08-30-165825.png 1009w, https:\/\/centros.uepb.edu.br\/ccbsa\/files\/2021\/08\/Captura-de-tela-2021-08-30-165825-300x169.png 300w, https:\/\/centros.uepb.edu.br\/ccbsa\/files\/2021\/08\/Captura-de-tela-2021-08-30-165825-768x432.png 768w, https:\/\/centros.uepb.edu.br\/ccbsa\/files\/2021\/08\/Captura-de-tela-2021-08-30-165825-370x208.png 370w, https:\/\/centros.uepb.edu.br\/ccbsa\/files\/2021\/08\/Captura-de-tela-2021-08-30-165825-840x472.png 840w\" sizes=\"auto, (max-width: 1009px) 100vw, 1009px\" \/><\/a>\n\t\t\t<\/dt><\/dl>\n\t\t\t<br style='clear: both' \/>\n\t\t<\/div>\n\n<p>&nbsp;<\/p>\n<p>Oficinas, minicursos, mesa de di\u00e1logo, mostra cient\u00edfica e palestra, integraram a programa\u00e7\u00e3o do evento \u201c15 anos do c\u00e2mpus V: trajet\u00f3rias afirmativas e protagonismo cient\u00edfico\u201d, alusivo ao anivers\u00e1rio do Centro de Ci\u00eancias Biol\u00f3gicas e Sociais Aplicadas (CCBSA) da Universidade Estadual da Para\u00edba (UEPB), em Jo\u00e3o Pessoa, realizada de 23 a 27 de agosto, por meio do Google Meet e YouTube do CCBSA.<\/p>\n<p>O primeiro dia de evento, 23 de agosto, contou com as oficinas \u201cNo\u00e7\u00f5es b\u00e1sicas de libras para o atendimento \u00e0 comunidade surda\u201d tendo como ministrante a especialista em tradu\u00e7\u00e3o e interpreta\u00e7\u00e3o pela Universidade Nossa Senhora de Lurdes e int\u00e9rprete de libras do N\u00facleo de Acessibilidade e Inclus\u00e3o-NAI\/UEPB, Geane Leal. Na sequ\u00eancia foi realizada a oficina \u201cA import\u00e2ncia da implementa\u00e7\u00e3o da audiodescri\u00e7\u00e3o nos documentos oficiais disponibilizados pelas institui\u00e7\u00f5es de ensino superior\u201d, ministrada pela mestra em Ci\u00eancia da Informa\u00e7\u00e3o pela UFPB, bibliotec\u00e1ria e colaboradora do SIB acess\u00edvel, Giulianne Monteiro e pela mestranda em gest\u00e3o p\u00fablica pela UFRN, especialista em educa\u00e7\u00e3o especial inclusiva e revisora de textos braille na Universidade Federal do Cariri, Alseni Maria da Silva.<\/p>\n<p>No dia 24 de agosto,\u00a0 via Google Meet, foi realizado o minicurso Qui Jin, sobre a vida da m\u00e1rtir chinesa, ministrado pela professora do curso de Rela\u00e7\u00f5es Internacionais da UEPB M\u00f4nica Santana.<\/p>\n<p>A programa\u00e7\u00e3o contou, ainda, com a mesa de di\u00e1logo com a reitora da UEPB, professora C\u00e9lia Regina Diniz, a vice-reitora, professora Ivonildes Fonseca, os atuais diretores do CCBSA, Cleber Salimon e Lucila Vilhena, e os ex-diretores do CCBSA Marcionila Fernandes, Francisco Jaime, Giuliana Dias Vieira, Jacqueline Barrancos e \u00canio Dantas.<\/p>\n<p>Na ocasi\u00e3o, a reitora da UEPB professora C\u00e9lia Regina Diniz, felicitou o CCBSA pelos 15 anos de funda\u00e7\u00e3o, evidenciou a alegria de estar participando do evento alusivo \u00e0 data e relembrou parte desta trajet\u00f3ria. \u201c\u00c9 uma enorme alegria e emo\u00e7\u00e3o e estar acompanhando essa hist\u00f3ria desde a cria\u00e7\u00e3o dos cursos do c\u00e2mpus V. Nesse sentido, eu destaco o trabalho colaborativo da comunidade acad\u00eamica constitu\u00edda por t\u00e9cnicos e t\u00e9cnicas-administrativas, estudantes, docentes e gestores, que lutaram para ter as conquistas que hoje s\u00e3o celebradas, a voc\u00eas nosso reconhecimento pelo trabalho de excel\u00eancia que voc\u00eas t\u00eam desenvolvido. E destaco que o compromisso meu e da equipe administrativa da UEPB \u00e9 continuarmos em parceria com voc\u00eas enfrentando os desafios que surgirem no decorrer da caminhada, defendendo o c\u00e2mpus V para que ele continue desempenhando esse papel importante junto \u00e0 comunidade na oferta de uma universidade p\u00fablica, de qualidade, plural, inclusiva e socialmente referenciada\u201d, declarou a reitora.<\/p>\n<p>O diretor do CCBSA, professor Cleber Salimon apresentou algumas informa\u00e7\u00f5es sobre novos avan\u00e7os do CCBSA e destacou que o contexto \u00e9 festivo, mas, exige um posicionamento engajado de todos. \u201cEstamos vivendo um cen\u00e1rio de ataques \u00e0 ci\u00eancia e ao conhecimento o que exige de todos n\u00f3s um engajamento. Mas, no \u00e2mbito do c\u00e2mpus V temos alguns avan\u00e7os importantes que compartilho com voc\u00eas. Recentemente conseguimos juntar o c\u00e2mpus V com o polo de Educa\u00e7\u00e3o \u00e0 dist\u00e2ncia de Jo\u00e3o Pessoa; estamos instalando a subesta\u00e7\u00e3o el\u00e9trica, o que nos permitir\u00e1, no in\u00edcio do ano de 2022, a utiliza\u00e7\u00e3o do novo bloco de salas de aula e que possibilita a reforma no pr\u00e9dio antigo, o que est\u00e1 sendo discutido junto \u00e0 reitoria e Governo do Estado. Tivemos a aprova\u00e7\u00e3o recente do Instituto de Biologia do Solo, estamos discutindo uma parceria do N\u00facleo de L\u00ednguas de Jo\u00e3o Pessoa com a Coordenadoria de Rela\u00e7\u00f5es Internacionais da UEPB, que permitir\u00e1 uma consolida\u00e7\u00e3o do nosso N\u00facleo, tamb\u00e9m estamos construindo uma horta comunit\u00e1ria, enfim s\u00e3o algumas a\u00e7\u00f5es que estamos desenvolvendo no intuito de melhorar a cada dia\u201d explica o diretor.<\/p>\n<p>O evento tamb\u00e9m contou com a palestra \u201cUmbuzeiro-Rio-Paris-Haia: Os eixos do protagonismo na trajet\u00f3ria de Epit\u00e1cio Pessoa\u201d, ministrada pelo professor da Faculdade de Direito da UFPB, \u00e1rbitro da Organiza\u00e7\u00e3o Mundial da Propriedade Intelectual (OMPI), da Court of Arbitration for Art (CAfA) e do Tribunal Permanente de Revis\u00e3o do MERCOSUL (TPRMercosul), Marc\u00edlio Franca.<\/p>\n<p><strong>Mostra cient\u00edfica<\/strong><\/p>\n<p>Nos \u00faltimos dias de evento foram expostos os trabalhos em formato de v\u00eddeo nas categorias monitoria, pesquisa e extens\u00e3o. Os projetos foram avaliados por uma comiss\u00e3o e os primeiros lugares de cada categoria participaram da mesa de encerramento da programa\u00e7\u00e3o de anivers\u00e1rio do CCBSA, na sexta-feira (27).<\/p>\n<p>A Mostra Cient\u00edfica foi organizada pela dire\u00e7\u00e3o do CCBSA, coordena\u00e7\u00f5es de cursos e projeto de extens\u00e3o \u201cNas trilhas da difus\u00e3o cient\u00edfica: a visibilidade dos projetos do c\u00e2mpus V da Universidade Estadual da Para\u00edba\u201d, vinculado ao Programa \u201cDa a\u00e7\u00e3o cidad\u00e3 \u00e0s redes sociais cient\u00edficas: os la\u00e7os e possibilidades da Ci\u00eancia Aberta na UEPB\u201d.<\/p>\n<p>Os certificados da mostra devem ser enviados aos participantes nos pr\u00f3ximos dias. Toda a programa\u00e7\u00e3o, assim como os v\u00eddeos que integraram a mostra cient\u00edfica, est\u00e3o dispon\u00edveis para acesso no canal do CCBSA no YouTube.<\/p>\n<p>Acesse aqui a [wpfilebase tag=fileurl id=586 linktext=&#8217;lista de destaques da IX Mostra Cient\u00edfica.&#8217; \/]<\/p>\n<p><em><strong>Texto:<\/strong> Juliana Marques<\/em><\/p>\n","protected":false},"excerpt":{"rendered":"<p>&nbsp; Oficinas, minicursos, mesa de di\u00e1logo, mostra cient\u00edfica e palestra, integraram a programa\u00e7\u00e3o do evento \u201c15 anos do c\u00e2mpus V: trajet\u00f3rias afirmativas e protagonismo cient\u00edfico\u201d, alusivo ao anivers\u00e1rio do Centro de Ci\u00eancias Biol\u00f3gicas e Sociais Aplicadas (CCBSA) da Universidade Estadual da Para\u00edba (UEPB), em Jo\u00e3o Pessoa, realizada de 23 a 27 de agosto, por meio <a class=\"leiamais\" href=\"https:\/\/centros.uepb.edu.br\/ccbsa\/campus-v-celebra-15-anos-com-programacao-palestra-oficinas-e-mostra-cientifica-transmitidas-remotamente\/\">Leia Mais&#8230;<\/a><\/p>\n","protected":false},"author":8,"featured_media":7778,"comment_status":"closed","ping_status":"closed","sticky":false,"template":"","format":"standard","meta":{"footnotes":""},"categories":[3,11],"tags":[],"class_list":["post-7772","post","type-post","status-publish","format-standard","has-post-thumbnail","hentry","category-noticias","category-noticias-destaque-img"],"jetpack_featured_media_url":"https:\/\/centros.uepb.edu.br\/ccbsa\/files\/2021\/08\/Captura-de-tela-2021-08-30-165746-1.png","_links":{"self":[{"href":"https:\/\/centros.uepb.edu.br\/ccbsa\/wp-json\/wp\/v2\/posts\/7772","targetHints":{"allow":["GET"]}}],"collection":[{"href":"https:\/\/centros.uepb.edu.br\/ccbsa\/wp-json\/wp\/v2\/posts"}],"about":[{"href":"https:\/\/centros.uepb.edu.br\/ccbsa\/wp-json\/wp\/v2\/types\/post"}],"author":[{"embeddable":true,"href":"https:\/\/centros.uepb.edu.br\/ccbsa\/wp-json\/wp\/v2\/users\/8"}],"replies":[{"embeddable":true,"href":"https:\/\/centros.uepb.edu.br\/ccbsa\/wp-json\/wp\/v2\/comments?post=7772"}],"version-history":[{"count":0,"href":"https:\/\/centros.uepb.edu.br\/ccbsa\/wp-json\/wp\/v2\/posts\/7772\/revisions"}],"wp:featuredmedia":[{"embeddable":true,"href":"https:\/\/centros.uepb.edu.br\/ccbsa\/wp-json\/wp\/v2\/media\/7778"}],"wp:attachment":[{"href":"https:\/\/centros.uepb.edu.br\/ccbsa\/wp-json\/wp\/v2\/media?parent=7772"}],"wp:term":[{"taxonomy":"category","embeddable":true,"href":"https:\/\/centros.uepb.edu.br\/ccbsa\/wp-json\/wp\/v2\/categories?post=7772"},{"taxonomy":"post_tag","embeddable":true,"href":"https:\/\/centros.uepb.edu.br\/ccbsa\/wp-json\/wp\/v2\/tags?post=7772"}],"curies":[{"name":"wp","href":"https:\/\/api.w.org\/{rel}","templated":true}]}}