{"id":7767,"date":"2021-08-30T19:23:01","date_gmt":"2021-08-30T19:23:01","guid":{"rendered":"https:\/\/centros.uepb.edu.br\/ccbsa\/?p=7767"},"modified":"2021-08-30T19:49:44","modified_gmt":"2021-08-30T19:49:44","slug":"curso-de-ciencias-biologicas-celebra-dia-do-biologo-com-webnario-a-ser-transmitido-pelo-youtube-com-a-participacao-de-pesquisadores-da-instituicao","status":"publish","type":"post","link":"https:\/\/centros.uepb.edu.br\/ccbsa\/curso-de-ciencias-biologicas-celebra-dia-do-biologo-com-webnario-a-ser-transmitido-pelo-youtube-com-a-participacao-de-pesquisadores-da-instituicao\/","title":{"rendered":"Curso de Ci\u00eancias Biol\u00f3gicas celebra dia do Bi\u00f3logo com webn\u00e1rio a ser transmitido pelo YouTube com a participa\u00e7\u00e3o de pesquisadores da institui\u00e7\u00e3o"},"content":{"rendered":"<p style=\"font-weight: 400\"><a href=\"https:\/\/centros.uepb.edu.br\/ccbsa\/files\/2021\/08\/Dia-do-biologo.png\"><img loading=\"lazy\" decoding=\"async\" class=\"aligncenter size-full wp-image-7768 img-responsive\" src=\"https:\/\/centros.uepb.edu.br\/ccbsa\/files\/2021\/08\/Dia-do-biologo.png\" alt=\"\" width=\"840\" height=\"454\" srcset=\"https:\/\/centros.uepb.edu.br\/ccbsa\/files\/2021\/08\/Dia-do-biologo.png 840w, https:\/\/centros.uepb.edu.br\/ccbsa\/files\/2021\/08\/Dia-do-biologo-300x162.png 300w, https:\/\/centros.uepb.edu.br\/ccbsa\/files\/2021\/08\/Dia-do-biologo-768x415.png 768w, https:\/\/centros.uepb.edu.br\/ccbsa\/files\/2021\/08\/Dia-do-biologo-370x200.png 370w\" sizes=\"auto, (max-width: 840px) 100vw, 840px\" \/><\/a><\/p>\n<p>Em 3 de setembro \u00e9 comemorado o Dia do Bi\u00f3logo, data em que foi regulamentada a profiss\u00e3o no ano de 1979. Preocupado com quest\u00f5es que envolvam a vida em geral, o Bi\u00f3logo \u00e9 um profissional que atua em diversas \u00e1reas dos campos de Meio Ambiente e Biodiversidade, Sa\u00fade, Biotecnologia e Produ\u00e7\u00e3o.<\/p>\n<p style=\"font-weight: 400\">Com o objetivo de celebrar\u00a0 o dia do bi\u00f3logo e discutir temas de interesse da comunidade acad\u00eamica, o curso de Ci\u00eancias Biol\u00f3gicas do c\u00e2mpus V promove na sexta-feira, 3 de setembro, \u00e0s 16h, por meio do<a href=\"https:\/\/www.youtube.com\/watch?v=KgbUmYTz4bQ\"> canal do Centro de Ci\u00eancias Biol\u00f3gicas e Sociais Aplicadas no YouTube<\/a>, o Webn\u00e1rio: &#8220;Ser Bi\u00f3logo&#8221;, no qual ser\u00e1 discutida a import\u00e2ncia da profiss\u00e3o e o\u00a0 mercado de trabalho. Integram a programa\u00e7\u00e3o a palestra\u00a0 \u201cSer bi\u00f3logo, da academia para o mercado\u201d, a ser ministrada pelo professor \u00canio Wocyli Dantas; \u201cDos tubar\u00f5es aos cavalos &#8211; marinhos: como me tornei uma conservacionista\u201d, tendo como ministrante a professora Tacyana Pereira Ribeiro de Oliveira, que falar\u00e1 sobre suas experi\u00eancias como bi\u00f3loga e &#8220;\u201cA import\u00e2ncia da conserva\u00e7\u00e3o de ecossistemas naturais\u201d, que ser\u00e1 ministrado pelo professor Cleber Salimon.<\/p>\n<p>&nbsp;<\/p>\n","protected":false},"excerpt":{"rendered":"<p>Em 3 de setembro \u00e9 comemorado o Dia do Bi\u00f3logo, data em que foi regulamentada a profiss\u00e3o no ano de 1979. Preocupado com quest\u00f5es que envolvam a vida em geral, o Bi\u00f3logo \u00e9 um profissional que atua em diversas \u00e1reas dos campos de Meio Ambiente e Biodiversidade, Sa\u00fade, Biotecnologia e Produ\u00e7\u00e3o. Com o objetivo de <a class=\"leiamais\" href=\"https:\/\/centros.uepb.edu.br\/ccbsa\/curso-de-ciencias-biologicas-celebra-dia-do-biologo-com-webnario-a-ser-transmitido-pelo-youtube-com-a-participacao-de-pesquisadores-da-instituicao\/\">Leia Mais&#8230;<\/a><\/p>\n","protected":false},"author":8,"featured_media":7768,"comment_status":"closed","ping_status":"closed","sticky":false,"template":"","format":"standard","meta":{"footnotes":""},"categories":[3,11],"tags":[],"class_list":["post-7767","post","type-post","status-publish","format-standard","has-post-thumbnail","hentry","category-noticias","category-noticias-destaque-img"],"jetpack_featured_media_url":"https:\/\/centros.uepb.edu.br\/ccbsa\/files\/2021\/08\/Dia-do-biologo.png","_links":{"self":[{"href":"https:\/\/centros.uepb.edu.br\/ccbsa\/wp-json\/wp\/v2\/posts\/7767","targetHints":{"allow":["GET"]}}],"collection":[{"href":"https:\/\/centros.uepb.edu.br\/ccbsa\/wp-json\/wp\/v2\/posts"}],"about":[{"href":"https:\/\/centros.uepb.edu.br\/ccbsa\/wp-json\/wp\/v2\/types\/post"}],"author":[{"embeddable":true,"href":"https:\/\/centros.uepb.edu.br\/ccbsa\/wp-json\/wp\/v2\/users\/8"}],"replies":[{"embeddable":true,"href":"https:\/\/centros.uepb.edu.br\/ccbsa\/wp-json\/wp\/v2\/comments?post=7767"}],"version-history":[{"count":0,"href":"https:\/\/centros.uepb.edu.br\/ccbsa\/wp-json\/wp\/v2\/posts\/7767\/revisions"}],"wp:featuredmedia":[{"embeddable":true,"href":"https:\/\/centros.uepb.edu.br\/ccbsa\/wp-json\/wp\/v2\/media\/7768"}],"wp:attachment":[{"href":"https:\/\/centros.uepb.edu.br\/ccbsa\/wp-json\/wp\/v2\/media?parent=7767"}],"wp:term":[{"taxonomy":"category","embeddable":true,"href":"https:\/\/centros.uepb.edu.br\/ccbsa\/wp-json\/wp\/v2\/categories?post=7767"},{"taxonomy":"post_tag","embeddable":true,"href":"https:\/\/centros.uepb.edu.br\/ccbsa\/wp-json\/wp\/v2\/tags?post=7767"}],"curies":[{"name":"wp","href":"https:\/\/api.w.org\/{rel}","templated":true}]}}