{"id":7758,"date":"2021-08-20T13:28:29","date_gmt":"2021-08-20T13:28:29","guid":{"rendered":"https:\/\/centros.uepb.edu.br\/ccbsa\/?p=7758"},"modified":"2021-08-27T15:04:41","modified_gmt":"2021-08-27T15:04:41","slug":"de-23-a-27-de-agosto-campus-v-da-uepb-promove-atividades-remotas-alusivas-aos-15-anos-de-fundacao","status":"publish","type":"post","link":"https:\/\/centros.uepb.edu.br\/ccbsa\/de-23-a-27-de-agosto-campus-v-da-uepb-promove-atividades-remotas-alusivas-aos-15-anos-de-fundacao\/","title":{"rendered":"C\u00e2mpus V da UEPB promove atividades remotas alusivas aos 15 anos de funda\u00e7\u00e3o\u00a0"},"content":{"rendered":"<p>&nbsp;<\/p>\n<p><a href=\"https:\/\/centros.uepb.edu.br\/ccbsa\/files\/2021\/08\/Copia-de-Copia-de-15-anos-do-campus-V-trajetorias-afirmativas-e-protagonismo-cientifico.png\"><img loading=\"lazy\" decoding=\"async\" class=\"aligncenter size-full wp-image-7759 img-responsive\" src=\"https:\/\/centros.uepb.edu.br\/ccbsa\/files\/2021\/08\/Copia-de-Copia-de-15-anos-do-campus-V-trajetorias-afirmativas-e-protagonismo-cientifico.png\" alt=\"\" width=\"840\" height=\"454\" srcset=\"https:\/\/centros.uepb.edu.br\/ccbsa\/files\/2021\/08\/Copia-de-Copia-de-15-anos-do-campus-V-trajetorias-afirmativas-e-protagonismo-cientifico.png 840w, https:\/\/centros.uepb.edu.br\/ccbsa\/files\/2021\/08\/Copia-de-Copia-de-15-anos-do-campus-V-trajetorias-afirmativas-e-protagonismo-cientifico-300x162.png 300w, https:\/\/centros.uepb.edu.br\/ccbsa\/files\/2021\/08\/Copia-de-Copia-de-15-anos-do-campus-V-trajetorias-afirmativas-e-protagonismo-cientifico-768x415.png 768w, https:\/\/centros.uepb.edu.br\/ccbsa\/files\/2021\/08\/Copia-de-Copia-de-15-anos-do-campus-V-trajetorias-afirmativas-e-protagonismo-cientifico-370x200.png 370w\" sizes=\"auto, (max-width: 840px) 100vw, 840px\" \/><\/a><\/p>\n<p>Oficinas, minicursos, mesas de di\u00e1logo, mostra cient\u00edfica e palestras integram a programa\u00e7\u00e3o do evento \u201c15 anos do c\u00e2mpus V: trajet\u00f3rias afirmativas e protagonismo cient\u00edfico\u201d, alusivo ao anivers\u00e1rio do Centro de Ci\u00eancias Biol\u00f3gicas e Sociais Aplicadas (CCBSA) da Universidade Estadual da Para\u00edba (UEPB), em Jo\u00e3o Pessoa, realizada de 23 a 27 de agosto, por meio do Google Meet e YouTube.<\/p>\n<p>O primeiro dia de evento, 23 de agosto, contou com as oficinas \u201cNo\u00e7\u00f5es b\u00e1sicas de libras para o atendimento \u00e0 comunidade surda\u201d, tendo como ministrante a especialista em tradu\u00e7\u00e3o e interpreta\u00e7\u00e3o pela Universidade Nossa Senhora de Lurdes e int\u00e9rprete de libras do N\u00facleo de Acessibilidade e Inclus\u00e3o-NAI\/UEPB, Geane Leal. Na sequ\u00eancia, foi realizada a oficina \u201cA import\u00e2ncia da implementa\u00e7\u00e3o da audiodescri\u00e7\u00e3o nos documentos oficiais disponibilizados pelas institui\u00e7\u00f5es de ensino superior\u201d,\u00a0 ministrada pela mestra em Ci\u00eancia da Informa\u00e7\u00e3o pela UFPB, bibliotec\u00e1ria e colaboradora do SIB acess\u00edvel, Giulianne Monteiro e pela mestranda em gest\u00e3o p\u00fablica pela UFRN, especialista em educa\u00e7\u00e3o especial inclusiva e revisora de textos braille na Universidade Federal do Cariri, Alseni Maria da Silva.<\/p>\n<p>No dia 24 de agosto, \u00e0s 16h, via Google Meet, foi realizado o minicurso Qui Jin, sobre a vida da martir chinesa, ministrado pela professora do curso de Rela\u00e7\u00f5es Internacionais da UEPB M\u00f4nica Santana. Os interessados em participar do minicurso devem preencher o <a href=\"https:\/\/docs.google.com\/forms\/d\/e\/1FAIpQLScjOBONjVaC4YWURSRqhmbXi0YWdZWFyP_k2Rujoveb_Y1CiQ\/viewform\">formul\u00e1rio eletr\u00f4nico<\/a>\u00a0 previamente.<\/p>\n<p>A programa\u00e7\u00e3o conta, ainda, com a mesa de di\u00e1logo com a reitora da UEPB, professora C\u00e9lia Regina Diniz; com os atuais diretores do CCBSA, Cleber Salimon e Lucila Vilhena, e com ex-diretores do Centro de Ci\u00eancias Biol\u00f3gicas e Sociais Aplicadas, que ser\u00e1 realizada no dia 25 de agosto \u00e0s 16h, com transmiss\u00e3o pelo<a href=\"https:\/\/www.youtube.com\/watch?v=LEKw_BhmDiI\"> canal do CCBSA no YouTube<\/a>.<\/p>\n<p>No dia 26 de agosto, foi realizada no canal do CCBSA no YouTube a palestra \u201cUmbuzeiro-Rio-Paris-Haia: Os eixos do protagonismo na trajet\u00f3ria de Epit\u00e1cio Pessoa\u201d, ministrada pelo professor da Faculdade de Direito da UFPB, \u00e1rbitro da Organiza\u00e7\u00e3o Mundial da Propriedade Intelectual (OMPI), da Court of Arbitration for Art (CAfA) e do Tribunal Permanente de Revis\u00e3o do MERCOSUL (TPRMercosul), Marc\u00edlio Franca.<\/p>\n<p><strong>Mostra cient\u00edfica<\/strong><\/p>\n<p>O evento tamb\u00e9m contou com a \u201cIX Mostra Cient\u00edfica de ensino, pesquisa e extens\u00e3o do CCBSA\u201d, que em 2021 teve que ser adaptada \u00e0 realidade da pandemia e deve ocorrer de forma remota, com o envio de v\u00eddeos dos projetos desenvolvidos no CCBSA que ser\u00e3o expostos no canal do c\u00e2mpus V no YouTube. Os destaques da mostra participam da mesa de encerramento do evento, nesta sexta-feira, dia 27 de agosto \u00e0s 16h.<\/p>\n<p>O encerramento do evento conta com a apresenta\u00e7\u00e3o musical da cantora e compositora Lua Isa. A artista, que tamb\u00e9m \u00e9 instrumentista, atriz e artes\u00e3, com 20 anos de carreira musical hoje \u00e9 vocalista da banda P\u00e1ssaro Amarelo e tamb\u00e9m se apresenta em shows solos seu novo solo o Canto da Lua , comp\u00f5e mais dois projetos musicais o Camafeu Musical e o Black White.\u00a0Durante essa pandemia se dedicou a diversas lives e eventos.\u00a0No Festival Eu Fico em Casa PB 2 foi uma das selecionadas por voto popular.\u00a0Alguns de seus trabalhos ,v\u00eddeos e clipe e Lives estam no seu canal do YouTube \u201c<a href=\"https:\/\/www.youtube.com\/channel\/UCQ_raScH47d_Ebe7r5JBoYg\">Minha Panela n\u00e3o tem Tampa.&#8221;<\/a><\/p>\n<p>A Mostra Cient\u00edfica \u00e9 organizada pela dire\u00e7\u00e3o do CCBSA, coordena\u00e7\u00f5es de cursos e projeto de extens\u00e3o \u201cNas trilhas da difus\u00e3o cient\u00edfica: a visibilidade dos projetos do c\u00e2mpus V da Universidade Estadual da Para\u00edba\u201d, vinculado ao Programa \u201cDa a\u00e7\u00e3o cidad\u00e3 \u00e0s redes sociais cient\u00edficas: os la\u00e7os e possibilidades da Ci\u00eancia Aberta na UEPB\u201d.<\/p>\n<p><em><strong>Texto:<\/strong> Juliana Marques<\/em><\/p>\n<div><\/div>\n","protected":false},"excerpt":{"rendered":"<p>&nbsp; Oficinas, minicursos, mesas de di\u00e1logo, mostra cient\u00edfica e palestras integram a programa\u00e7\u00e3o do evento \u201c15 anos do c\u00e2mpus V: trajet\u00f3rias afirmativas e protagonismo cient\u00edfico\u201d, alusivo ao anivers\u00e1rio do Centro de Ci\u00eancias Biol\u00f3gicas e Sociais Aplicadas (CCBSA) da Universidade Estadual da Para\u00edba (UEPB), em Jo\u00e3o Pessoa, realizada de 23 a 27 de agosto, por meio <a class=\"leiamais\" href=\"https:\/\/centros.uepb.edu.br\/ccbsa\/de-23-a-27-de-agosto-campus-v-da-uepb-promove-atividades-remotas-alusivas-aos-15-anos-de-fundacao\/\">Leia Mais&#8230;<\/a><\/p>\n","protected":false},"author":8,"featured_media":7759,"comment_status":"closed","ping_status":"closed","sticky":false,"template":"","format":"standard","meta":{"footnotes":""},"categories":[3,11],"tags":[],"class_list":["post-7758","post","type-post","status-publish","format-standard","has-post-thumbnail","hentry","category-noticias","category-noticias-destaque-img"],"jetpack_featured_media_url":"https:\/\/centros.uepb.edu.br\/ccbsa\/files\/2021\/08\/Copia-de-Copia-de-15-anos-do-campus-V-trajetorias-afirmativas-e-protagonismo-cientifico.png","_links":{"self":[{"href":"https:\/\/centros.uepb.edu.br\/ccbsa\/wp-json\/wp\/v2\/posts\/7758","targetHints":{"allow":["GET"]}}],"collection":[{"href":"https:\/\/centros.uepb.edu.br\/ccbsa\/wp-json\/wp\/v2\/posts"}],"about":[{"href":"https:\/\/centros.uepb.edu.br\/ccbsa\/wp-json\/wp\/v2\/types\/post"}],"author":[{"embeddable":true,"href":"https:\/\/centros.uepb.edu.br\/ccbsa\/wp-json\/wp\/v2\/users\/8"}],"replies":[{"embeddable":true,"href":"https:\/\/centros.uepb.edu.br\/ccbsa\/wp-json\/wp\/v2\/comments?post=7758"}],"version-history":[{"count":0,"href":"https:\/\/centros.uepb.edu.br\/ccbsa\/wp-json\/wp\/v2\/posts\/7758\/revisions"}],"wp:featuredmedia":[{"embeddable":true,"href":"https:\/\/centros.uepb.edu.br\/ccbsa\/wp-json\/wp\/v2\/media\/7759"}],"wp:attachment":[{"href":"https:\/\/centros.uepb.edu.br\/ccbsa\/wp-json\/wp\/v2\/media?parent=7758"}],"wp:term":[{"taxonomy":"category","embeddable":true,"href":"https:\/\/centros.uepb.edu.br\/ccbsa\/wp-json\/wp\/v2\/categories?post=7758"},{"taxonomy":"post_tag","embeddable":true,"href":"https:\/\/centros.uepb.edu.br\/ccbsa\/wp-json\/wp\/v2\/tags?post=7758"}],"curies":[{"name":"wp","href":"https:\/\/api.w.org\/{rel}","templated":true}]}}