{"id":7716,"date":"2021-07-16T16:30:53","date_gmt":"2021-07-16T16:30:53","guid":{"rendered":"https:\/\/centros.uepb.edu.br\/ccbsa\/?p=7716"},"modified":"2021-07-16T16:31:19","modified_gmt":"2021-07-16T16:31:19","slug":"grupo-de-estudos-de-paz-e-seguranca-mundial-da-uepb-informa-sobre-a-abertura-de-inscricoes-para-congresso-latinoamericano","status":"publish","type":"post","link":"https:\/\/centros.uepb.edu.br\/ccbsa\/grupo-de-estudos-de-paz-e-seguranca-mundial-da-uepb-informa-sobre-a-abertura-de-inscricoes-para-congresso-latinoamericano\/","title":{"rendered":"Grupo de Estudos de Paz e Seguran\u00e7a Mundial da UEPB informa sobre a abertura de inscri\u00e7\u00f5es para Congresso Latinoamericano"},"content":{"rendered":"<p><a href=\"https:\/\/centros.uepb.edu.br\/ccbsa\/files\/2021\/07\/Sem-titulo.png\"><img loading=\"lazy\" decoding=\"async\" class=\"aligncenter wp-image-7717 size-full img-responsive\" src=\"https:\/\/centros.uepb.edu.br\/ccbsa\/files\/2021\/07\/Sem-titulo.png\" alt=\"\" width=\"840\" height=\"454\" srcset=\"https:\/\/centros.uepb.edu.br\/ccbsa\/files\/2021\/07\/Sem-titulo.png 840w, https:\/\/centros.uepb.edu.br\/ccbsa\/files\/2021\/07\/Sem-titulo-300x162.png 300w, https:\/\/centros.uepb.edu.br\/ccbsa\/files\/2021\/07\/Sem-titulo-768x415.png 768w, https:\/\/centros.uepb.edu.br\/ccbsa\/files\/2021\/07\/Sem-titulo-370x200.png 370w\" sizes=\"auto, (max-width: 840px) 100vw, 840px\" \/><\/a><\/p>\n<p>O Grupo de Estudos de Paz e Seguran\u00e7a Mundial da Universidade Estadual da Para\u00edba (GEPASM\/UEPB) informa que est\u00e3o abertas as inscri\u00e7\u00f5es para o 12\u00ba Congresso Latino-Americano de Pesquisa para a Paz do Conselho Latino-Americano de Pesquisa para a Paz (CLAIP), que acontecer\u00e1 entre os dias 3 e 7 de agosto de 2021 em formato 100% online e gratuito. Durante o evento ser\u00e3o apresentados mais de 200 trabalhos acad\u00eamicos, comunica\u00e7\u00f5es orais, livros, experi\u00eancias e interven\u00e7\u00f5es art\u00edsticas que contam com a participa\u00e7\u00e3o de cerca de 400 autores de todo o mundo.<\/p>\n<p>O evento conta com o apoio do GEPASM na organiza\u00e7\u00e3o, contando com o coordenador do grupo, professor\u00a0Paulo Kuhlmann no comit\u00ea acad\u00eamico e mediando uma mesa sobre Educa\u00e7\u00e3o para a paz. O professor de curso de Rela\u00e7\u00f5es Internacionais, Alexandre C\u00e9sar Leite, ser\u00e1 coordenador de eixo, e o egresso do curso de Rela\u00e7\u00f5es Internacionais Luis Eduardo Ramos, tamb\u00e9m mediar\u00e1 uma mesa sobre Arte e Paz. Al\u00e9m disso, estudantes da gradua\u00e7\u00e3o e p\u00f3s-gradua\u00e7\u00e3o em Rela\u00e7\u00f5es Internacionais da UEPB participam do evento, seja por meio da apresenta\u00e7\u00e3o de p\u00f4steres ou como ouvintes.<\/p>\n<p>As inscri\u00e7\u00f5es de interessados em acompanhar as atividades ocorrem por meio do formul\u00e1rio eletr\u00f4nico: <a href=\"https:\/\/forms.gle\/crWdPmPtRGZ1es3v5\">https:\/\/forms.gle\/crWdPmPtRGZ1es3v5<\/a>.<\/p>\n<p>Outras informa\u00e7\u00f5es:\u00a0<a href=\"https:\/\/claip.org\/index.html\">https:\/\/claip.org\/index.html<\/a><\/p>\n<p><em><strong>Texto:<\/strong> Juliana Marques<\/em><\/p>\n","protected":false},"excerpt":{"rendered":"<p>O Grupo de Estudos de Paz e Seguran\u00e7a Mundial da Universidade Estadual da Para\u00edba (GEPASM\/UEPB) informa que est\u00e3o abertas as inscri\u00e7\u00f5es para o 12\u00ba Congresso Latino-Americano de Pesquisa para a Paz do Conselho Latino-Americano de Pesquisa para a Paz (CLAIP), que acontecer\u00e1 entre os dias 3 e 7 de agosto de 2021 em formato 100% <a class=\"leiamais\" href=\"https:\/\/centros.uepb.edu.br\/ccbsa\/grupo-de-estudos-de-paz-e-seguranca-mundial-da-uepb-informa-sobre-a-abertura-de-inscricoes-para-congresso-latinoamericano\/\">Leia Mais&#8230;<\/a><\/p>\n","protected":false},"author":8,"featured_media":7717,"comment_status":"closed","ping_status":"closed","sticky":false,"template":"","format":"standard","meta":{"footnotes":""},"categories":[3,11],"tags":[],"class_list":["post-7716","post","type-post","status-publish","format-standard","has-post-thumbnail","hentry","category-noticias","category-noticias-destaque-img"],"jetpack_featured_media_url":"https:\/\/centros.uepb.edu.br\/ccbsa\/files\/2021\/07\/Sem-titulo.png","_links":{"self":[{"href":"https:\/\/centros.uepb.edu.br\/ccbsa\/wp-json\/wp\/v2\/posts\/7716","targetHints":{"allow":["GET"]}}],"collection":[{"href":"https:\/\/centros.uepb.edu.br\/ccbsa\/wp-json\/wp\/v2\/posts"}],"about":[{"href":"https:\/\/centros.uepb.edu.br\/ccbsa\/wp-json\/wp\/v2\/types\/post"}],"author":[{"embeddable":true,"href":"https:\/\/centros.uepb.edu.br\/ccbsa\/wp-json\/wp\/v2\/users\/8"}],"replies":[{"embeddable":true,"href":"https:\/\/centros.uepb.edu.br\/ccbsa\/wp-json\/wp\/v2\/comments?post=7716"}],"version-history":[{"count":0,"href":"https:\/\/centros.uepb.edu.br\/ccbsa\/wp-json\/wp\/v2\/posts\/7716\/revisions"}],"wp:featuredmedia":[{"embeddable":true,"href":"https:\/\/centros.uepb.edu.br\/ccbsa\/wp-json\/wp\/v2\/media\/7717"}],"wp:attachment":[{"href":"https:\/\/centros.uepb.edu.br\/ccbsa\/wp-json\/wp\/v2\/media?parent=7716"}],"wp:term":[{"taxonomy":"category","embeddable":true,"href":"https:\/\/centros.uepb.edu.br\/ccbsa\/wp-json\/wp\/v2\/categories?post=7716"},{"taxonomy":"post_tag","embeddable":true,"href":"https:\/\/centros.uepb.edu.br\/ccbsa\/wp-json\/wp\/v2\/tags?post=7716"}],"curies":[{"name":"wp","href":"https:\/\/api.w.org\/{rel}","templated":true}]}}