{"id":7690,"date":"2021-06-22T22:16:55","date_gmt":"2021-06-22T22:16:55","guid":{"rendered":"https:\/\/centros.uepb.edu.br\/ccbsa\/?p=7690"},"modified":"2021-06-22T22:16:55","modified_gmt":"2021-06-22T22:16:55","slug":"make-music-day-banda-traca-de-arquivo-lanca-clipe-no-maior-evento-de-engajamento-musical-do-mundo","status":"publish","type":"post","link":"https:\/\/centros.uepb.edu.br\/ccbsa\/make-music-day-banda-traca-de-arquivo-lanca-clipe-no-maior-evento-de-engajamento-musical-do-mundo\/","title":{"rendered":"Make Music Day: Banda Tra\u00e7a de Arquivo lan\u00e7a clipe no maior evento de engajamento musical do mundo"},"content":{"rendered":"<p><a href=\"https:\/\/centros.uepb.edu.br\/ccbsa\/files\/2021\/06\/TRACA-DE-ARQUIVO.png\"><img loading=\"lazy\" decoding=\"async\" class=\"aligncenter size-full wp-image-7691 img-responsive\" src=\"https:\/\/centros.uepb.edu.br\/ccbsa\/files\/2021\/06\/TRACA-DE-ARQUIVO.png\" alt=\"\" width=\"840\" height=\"454\" srcset=\"https:\/\/centros.uepb.edu.br\/ccbsa\/files\/2021\/06\/TRACA-DE-ARQUIVO.png 840w, https:\/\/centros.uepb.edu.br\/ccbsa\/files\/2021\/06\/TRACA-DE-ARQUIVO-300x162.png 300w, https:\/\/centros.uepb.edu.br\/ccbsa\/files\/2021\/06\/TRACA-DE-ARQUIVO-768x415.png 768w, https:\/\/centros.uepb.edu.br\/ccbsa\/files\/2021\/06\/TRACA-DE-ARQUIVO-370x200.png 370w\" sizes=\"auto, (max-width: 840px) 100vw, 840px\" \/><\/a><\/p>\n<p>Corrup\u00e7\u00e3o, seca, degrada\u00e7\u00e3o ambiental, desigualdade social, s\u00e3o alguns dos temas que comp\u00f5em a can\u00e7\u00e3o &#8220;Filhos da rep\u00fablica&#8221;, da banda Tra\u00e7a de Arquivo, formada em 2013, a partir de uma a\u00e7\u00e3o do curso de Arquivologia da Universidade Estadual da Para\u00edba (UEPB) com o nome de Arquibanda, e que nesta semana lan\u00e7ou um clipe da composi\u00e7\u00e3o do professor Henrique Fran\u00e7a para integrar o Make Music Day, o <span class=\"style-scope yt-formatted-string\" dir=\"auto\">maior evento de engajamento musical do mundo.\u00a0<\/span><\/p>\n<p>Participam da grava\u00e7\u00e3o do clipe, os discentes do curso de Arquivologia, Lula Marinho (voz) e\u00a0 Antongnionne Monteiro (bateria); o docente Henrique Fran\u00e7a (teclado), os egressos de Arquivologia Beto Tavares (guitarra) e Everaldo Chaves (sax) e os convidados Alexandre Tavares (Contrabaixo) e Jefferson Felipe (narra\u00e7\u00e3o).<\/p>\n<p>Afastado do pa\u00eds para cursar doutorado na Universidade de Coimbra, em Portugal, o professor Henrique Fran\u00e7a lembra que mesmo distante n\u00e3o deixa de acompanhar com indigna\u00e7\u00e3o a realidade do Brasil e, assim como ocorreu em 2012, quando a m\u00fasica foi criada, agora a pe\u00e7a art\u00edstica tem sido uma forma de expressar a revolta diante de quest\u00f5es que s\u00f3 pioraram ao longo do tempo.<\/p>\n<p>&#8220;A m\u00fasica foi feita em novembro de 2012, est\u00e1vamos numa outra realidade e, apesar disso, j\u00e1 falava de muita coisa que \u00e9 uma realidade ainda hoje como as quest\u00f5es ambientais, desvio de verba, o futebol utilizado para desviar a aten\u00e7\u00e3o de problemas sociais graves. Ent\u00e3o essa can\u00e7\u00e3o \u00e9 um recado de indigna\u00e7\u00e3o coma situa\u00e7\u00e3o do povo brasileiro&#8221;, avalia Henrique.<\/p>\n<p>Para Beto Tavares o clipe, que conta com narra\u00e7\u00f5es de versos de Patativa do Assar\u00e9, ficou divertido porque conseguiu apresentar uma m\u00fasica de protesto com bom humor para compor esse evento internacional que \u00e9 realizado em 120 pa\u00edses e 1000 cidades ao redor do mundo e na Para\u00edba contou com 160 inscritos.<\/p>\n<p>&#8220;O Make Music Day \u00e9 um evento de engajamento musical onde partilhamos hashtags e todos se relacionavam. O pessoal daqui de Jo\u00e3o Pessoa queria organizar a vers\u00e3o paraibana do movimento. E ao saber dessa mobiliza\u00e7\u00e3o eu inscrevi um trabalho meu e o clipe da banda Tra\u00e7as de Arquivo. Com a pandemia e a dist\u00e2ncia geogr\u00e1fica entre os integrantes da banda precisamos de criatividade. Utilizamos colagens de imagens nossas e fotos relacionadas \u00e0 letra da m\u00fasica e chegamos a esse resultado&#8221;, explicou Beto Tavares.<\/p>\n<p>O clipe da can\u00e7\u00e3o Filhos da Rep\u00fablica pode ser acessado <a href=\"https:\/\/www.youtube.com\/watch?v=Lg8l5_5Mi2I\">aqui.<\/a><\/p>\n<p><em><strong>Texto:<\/strong> Juliana Marques<\/em><\/p>\n<p>&nbsp;<\/p>\n","protected":false},"excerpt":{"rendered":"<p>Corrup\u00e7\u00e3o, seca, degrada\u00e7\u00e3o ambiental, desigualdade social, s\u00e3o alguns dos temas que comp\u00f5em a can\u00e7\u00e3o &#8220;Filhos da rep\u00fablica&#8221;, da banda Tra\u00e7a de Arquivo, formada em 2013, a partir de uma a\u00e7\u00e3o do curso de Arquivologia da Universidade Estadual da Para\u00edba (UEPB) com o nome de Arquibanda, e que nesta semana lan\u00e7ou um clipe da composi\u00e7\u00e3o do <a class=\"leiamais\" href=\"https:\/\/centros.uepb.edu.br\/ccbsa\/make-music-day-banda-traca-de-arquivo-lanca-clipe-no-maior-evento-de-engajamento-musical-do-mundo\/\">Leia Mais&#8230;<\/a><\/p>\n","protected":false},"author":8,"featured_media":7691,"comment_status":"closed","ping_status":"closed","sticky":false,"template":"","format":"standard","meta":{"footnotes":""},"categories":[3,11],"tags":[],"class_list":["post-7690","post","type-post","status-publish","format-standard","has-post-thumbnail","hentry","category-noticias","category-noticias-destaque-img"],"jetpack_featured_media_url":"https:\/\/centros.uepb.edu.br\/ccbsa\/files\/2021\/06\/TRACA-DE-ARQUIVO.png","_links":{"self":[{"href":"https:\/\/centros.uepb.edu.br\/ccbsa\/wp-json\/wp\/v2\/posts\/7690","targetHints":{"allow":["GET"]}}],"collection":[{"href":"https:\/\/centros.uepb.edu.br\/ccbsa\/wp-json\/wp\/v2\/posts"}],"about":[{"href":"https:\/\/centros.uepb.edu.br\/ccbsa\/wp-json\/wp\/v2\/types\/post"}],"author":[{"embeddable":true,"href":"https:\/\/centros.uepb.edu.br\/ccbsa\/wp-json\/wp\/v2\/users\/8"}],"replies":[{"embeddable":true,"href":"https:\/\/centros.uepb.edu.br\/ccbsa\/wp-json\/wp\/v2\/comments?post=7690"}],"version-history":[{"count":0,"href":"https:\/\/centros.uepb.edu.br\/ccbsa\/wp-json\/wp\/v2\/posts\/7690\/revisions"}],"wp:featuredmedia":[{"embeddable":true,"href":"https:\/\/centros.uepb.edu.br\/ccbsa\/wp-json\/wp\/v2\/media\/7691"}],"wp:attachment":[{"href":"https:\/\/centros.uepb.edu.br\/ccbsa\/wp-json\/wp\/v2\/media?parent=7690"}],"wp:term":[{"taxonomy":"category","embeddable":true,"href":"https:\/\/centros.uepb.edu.br\/ccbsa\/wp-json\/wp\/v2\/categories?post=7690"},{"taxonomy":"post_tag","embeddable":true,"href":"https:\/\/centros.uepb.edu.br\/ccbsa\/wp-json\/wp\/v2\/tags?post=7690"}],"curies":[{"name":"wp","href":"https:\/\/api.w.org\/{rel}","templated":true}]}}