{"id":7687,"date":"2021-06-21T13:47:45","date_gmt":"2021-06-21T13:47:45","guid":{"rendered":"https:\/\/centros.uepb.edu.br\/ccbsa\/?p=7687"},"modified":"2021-06-21T13:47:45","modified_gmt":"2021-06-21T13:47:45","slug":"projeto-do-campus-v-promove-acoes-de-estimulo-ao-protagonismo-de-estudantes-do-ensino-medio","status":"publish","type":"post","link":"https:\/\/centros.uepb.edu.br\/ccbsa\/projeto-do-campus-v-promove-acoes-de-estimulo-ao-protagonismo-de-estudantes-do-ensino-medio\/","title":{"rendered":"Projeto do c\u00e2mpus V promove a\u00e7\u00f5es de estimulo ao protagonismo de estudantes do ensino m\u00e9dio"},"content":{"rendered":"<p><a href=\"https:\/\/centros.uepb.edu.br\/ccbsa\/files\/2021\/06\/1o-Ci\u0301rculo-de-dia\u0301logo-Humaniza-250521-Foto-2-1.png\"><img loading=\"lazy\" decoding=\"async\" class=\"aligncenter size-full wp-image-7688 img-responsive\" src=\"https:\/\/centros.uepb.edu.br\/ccbsa\/files\/2021\/06\/1o-Ci\u0301rculo-de-dia\u0301logo-Humaniza-250521-Foto-2-1.png\" alt=\"\" width=\"840\" height=\"454\" srcset=\"https:\/\/centros.uepb.edu.br\/ccbsa\/files\/2021\/06\/1o-Ci\u0301rculo-de-dia\u0301logo-Humaniza-250521-Foto-2-1.png 840w, https:\/\/centros.uepb.edu.br\/ccbsa\/files\/2021\/06\/1o-Ci\u0301rculo-de-dia\u0301logo-Humaniza-250521-Foto-2-1-300x162.png 300w, https:\/\/centros.uepb.edu.br\/ccbsa\/files\/2021\/06\/1o-Ci\u0301rculo-de-dia\u0301logo-Humaniza-250521-Foto-2-1-768x415.png 768w, https:\/\/centros.uepb.edu.br\/ccbsa\/files\/2021\/06\/1o-Ci\u0301rculo-de-dia\u0301logo-Humaniza-250521-Foto-2-1-370x200.png 370w\" sizes=\"auto, (max-width: 840px) 100vw, 840px\" \/><\/a><\/p>\n<p>O est\u00edmulo ao protagonismo de estudantes de ensino m\u00e9dio, por meio c\u00edrculos de di\u00e1logo e oficinas que podem empoderar jovens, tem sido o elemento motivador do projeto Humaniza, iniciativa desenvolvida pelo Grupo de Educa\u00e7\u00e3o em Direitos Humanos no Sul Global, do curso de gradua\u00e7\u00e3o em Rela\u00e7\u00f5es Internacionais do c\u00e2mpus V da Universidade Estadual da Para\u00edba (UEPB), em parceria com a Escola Estadual de Ensino M\u00e9dio Professor Orlando Cavalcanti Gomes.<\/p>\n<p>Inspirado na pedagogia social cr\u00edtica, de Paulo Freire, e numa abordagem transformativa de Educa\u00e7\u00e3o em Direitos Humanos, o projeto est\u00e1 estruturado em c\u00edrculos de di\u00e1logos e oficinas que ocorrem mensalmente at\u00e9 o final do ano. Nos c\u00edrculos de di\u00e1logo, coordenados pelas professoras Raquel Melo (Rela\u00e7\u00f5es Internacionais\/UEPB e coordenadora do Resista) e Lygia Maia (professora de Artes\/Escola Orlando Gomes e membro do Resista), os estudantes conversam sobre diversos temas geradores trazidos por eles e que est\u00e3o presentes nas suas realidades. As atividades contam com a participa\u00e7\u00e3o de discentes do bacharelado em Rela\u00e7\u00f5es Internacionais da UEPB e de estudantes da UFPB que fazem resid\u00eancias pedag\u00f3gica com a professora Lygia Maia.<\/p>\n<p>\u201cBuscamos estimular o protagonismo das alunas e dos alunos na reivindica\u00e7\u00e3o dos seus direitos e da sua humanidade, muitas vezes negada, e, assim, na constru\u00e7\u00e3o de uma sociedade mais justa e mais igualit\u00e1ria, a partir da reflex\u00e3o cr\u00edtica sobre os direitos humanos no Sul Global, com base nas suas realidades e viv\u00eancias\u201d, explica a professora Raquel Melo.<\/p>\n<p>Os c\u00edrculos de di\u00e1logo tiveram in\u00edcio nos dias 25 e 26 de maio e acontecem at\u00e9 o dia 24 de novembro. J\u00e1 as oficinas ocorrem no \u00faltimo s\u00e1bado de cada m\u00eas, a partir do dia 31 de julho. Em dezembro, est\u00e1 programada uma mostra dos trabalhos produzidos pelos estudantes da escola durante as oficinas, inspirados na reflex\u00e3o cr\u00edtica das tem\u00e1ticas discutidas nos c\u00edrculos de di\u00e1logo.<\/p>\n<p>As oficinas, facilitadas por estudantes da UEPB, t\u00eam como objetivo contribuir para que os participantes aprimorem ferramentas que lhes permitam exprimir a sua voz de diversas maneiras (por meio da arte, da escrita, do audiovisual, etc.). Inicialmente, ser\u00e3o tr\u00eas oficinas: de fotografia, facilitada pelo aluno da gradua\u00e7\u00e3o em Rela\u00e7\u00f5es Internacionais e membro do Centro Acad\u00eamico de Rela\u00e7\u00f5es Internacionais, Vitor Tiriba; de fazer liter\u00e1rio, facilitada pela discente da gradua\u00e7\u00e3o em Rela\u00e7\u00f5es Internacionais, mestra em Filosofia, escritora e membro do Resista, Jeov\u00e2nia P.; e de Canva, facilitada pela concluinte do bacharelado em Rela\u00e7\u00f5es Internacionais, assistente de pesquisa e coordenadora de m\u00eddias sociais do Resista, Isabela Nogueira Silva.<\/p>\n<p>A proposta das oficinas \u00e9 que estas auxiliem na constru\u00e7\u00e3o de ferramentas que possam encorajar os estudantes a se expressarem de diferentes formas, de acordo com as suas prefer\u00eancias, seja na constru\u00e7\u00e3o de blog, pintura, desenho, produ\u00e7\u00e3o de v\u00eddeo, poemas, entre outras vertentes de comunica\u00e7\u00e3o.<\/p>\n<p>Estudantes, t\u00e9cnicas, t\u00e9cnicos e docentes do campus V que tenham interesse em contribuir com o Projeto, por meio de oficinas neste ou no pr\u00f3ximo semestre podem entrar em contato por meio do email do Resista (resistaedh@gmail.com) colocando no assunto \u201cProjeto Humaniza\u201d e incluindo uma proposta estruturada de oficina (com t\u00edtulo, objetivos, programa\u00e7\u00e3o, dura\u00e7\u00e3o e minibio dos oficineiros).<\/p>\n<p>De acordo com a coordena\u00e7\u00e3o do Projeto todas as atividades s\u00e3o realizadas de forma online. Inicialmente, podem participar do projeto estudantes dos tr\u00eas anos do ensino m\u00e9dio da Escola Orlando Cavalcanti Gomes, dos per\u00edodos matutino e vespertino, mas, a inten\u00e7\u00e3o \u00e9, em breve, poder estender as atividades tamb\u00e9m aos estudantes do EJA, no per\u00edodo noturno.<\/p>\n<p>Outras informa\u00e7\u00f5es: <a href=\"https:\/\/www.instagram.com\/resistaedh\/\">https:\/\/www.instagram.com\/resistaedh\/<\/a><\/p>\n<p><strong><em>Texto:<\/em><\/strong><em> Juliana Marques<\/em><\/p>\n<p>&nbsp;<\/p>\n","protected":false},"excerpt":{"rendered":"<p>O est\u00edmulo ao protagonismo de estudantes de ensino m\u00e9dio, por meio c\u00edrculos de di\u00e1logo e oficinas que podem empoderar jovens, tem sido o elemento motivador do projeto Humaniza, iniciativa desenvolvida pelo Grupo de Educa\u00e7\u00e3o em Direitos Humanos no Sul Global, do curso de gradua\u00e7\u00e3o em Rela\u00e7\u00f5es Internacionais do c\u00e2mpus V da Universidade Estadual da Para\u00edba <a class=\"leiamais\" href=\"https:\/\/centros.uepb.edu.br\/ccbsa\/projeto-do-campus-v-promove-acoes-de-estimulo-ao-protagonismo-de-estudantes-do-ensino-medio\/\">Leia Mais&#8230;<\/a><\/p>\n","protected":false},"author":8,"featured_media":7688,"comment_status":"closed","ping_status":"closed","sticky":false,"template":"","format":"standard","meta":{"footnotes":""},"categories":[3,11],"tags":[],"class_list":["post-7687","post","type-post","status-publish","format-standard","has-post-thumbnail","hentry","category-noticias","category-noticias-destaque-img"],"jetpack_featured_media_url":"https:\/\/centros.uepb.edu.br\/ccbsa\/files\/2021\/06\/1o-Ci\u0301rculo-de-dia\u0301logo-Humaniza-250521-Foto-2-1.png","_links":{"self":[{"href":"https:\/\/centros.uepb.edu.br\/ccbsa\/wp-json\/wp\/v2\/posts\/7687","targetHints":{"allow":["GET"]}}],"collection":[{"href":"https:\/\/centros.uepb.edu.br\/ccbsa\/wp-json\/wp\/v2\/posts"}],"about":[{"href":"https:\/\/centros.uepb.edu.br\/ccbsa\/wp-json\/wp\/v2\/types\/post"}],"author":[{"embeddable":true,"href":"https:\/\/centros.uepb.edu.br\/ccbsa\/wp-json\/wp\/v2\/users\/8"}],"replies":[{"embeddable":true,"href":"https:\/\/centros.uepb.edu.br\/ccbsa\/wp-json\/wp\/v2\/comments?post=7687"}],"version-history":[{"count":0,"href":"https:\/\/centros.uepb.edu.br\/ccbsa\/wp-json\/wp\/v2\/posts\/7687\/revisions"}],"wp:featuredmedia":[{"embeddable":true,"href":"https:\/\/centros.uepb.edu.br\/ccbsa\/wp-json\/wp\/v2\/media\/7688"}],"wp:attachment":[{"href":"https:\/\/centros.uepb.edu.br\/ccbsa\/wp-json\/wp\/v2\/media?parent=7687"}],"wp:term":[{"taxonomy":"category","embeddable":true,"href":"https:\/\/centros.uepb.edu.br\/ccbsa\/wp-json\/wp\/v2\/categories?post=7687"},{"taxonomy":"post_tag","embeddable":true,"href":"https:\/\/centros.uepb.edu.br\/ccbsa\/wp-json\/wp\/v2\/tags?post=7687"}],"curies":[{"name":"wp","href":"https:\/\/api.w.org\/{rel}","templated":true}]}}