{"id":7683,"date":"2021-06-21T13:44:15","date_gmt":"2021-06-21T13:44:15","guid":{"rendered":"https:\/\/centros.uepb.edu.br\/ccbsa\/?p=7683"},"modified":"2021-06-21T13:44:15","modified_gmt":"2021-06-21T13:44:15","slug":"projeto-que-atende-catadores-de-reciclaveis-de-joao-pessoa-recebe-doacao-de-300-frascos-de-alcool-gel","status":"publish","type":"post","link":"https:\/\/centros.uepb.edu.br\/ccbsa\/projeto-que-atende-catadores-de-reciclaveis-de-joao-pessoa-recebe-doacao-de-300-frascos-de-alcool-gel\/","title":{"rendered":"Projeto que atende catadores de recicl\u00e1veis de Jo\u00e3o Pessoa recebe doa\u00e7\u00e3o de 300 frascos de \u00e1lcool gel"},"content":{"rendered":"\n\t\t<style type=\"text\/css\">\n\t\t\t#gallery-1 {\n\t\t\t\tmargin: auto;\n\t\t\t}\n\t\t\t#gallery-1 .gallery-item {\n\t\t\t\tfloat: left;\n\t\t\t\tmargin-top: 10px;\n\t\t\t\ttext-align: center;\n\t\t\t\twidth: 33%;\n\t\t\t}\n\t\t\t#gallery-1 img {\n\t\t\t\tborder: 2px solid #cfcfcf;\n\t\t\t}\n\t\t\t#gallery-1 .gallery-caption {\n\t\t\t\tmargin-left: 0;\n\t\t\t}\n\t\t\t\/* see gallery_shortcode() in wp-includes\/media.php *\/\n\t\t<\/style>\n\t\t<div id='gallery-1' class='gallery galleryid-7683 gallery-columns-3 gallery-size-full'><dl class='gallery-item'>\n\t\t\t<dt class='gallery-icon portrait'>\n\t\t\t\t<a href='https:\/\/centros.uepb.edu.br\/ccbsa\/files\/2021\/06\/WhatsApp-Image-2021-06-20-at-09.43.58.png'><img loading=\"lazy\" decoding=\"async\" width=\"454\" height=\"605\" src=\"https:\/\/centros.uepb.edu.br\/ccbsa\/files\/2021\/06\/WhatsApp-Image-2021-06-20-at-09.43.58.png\" class=\"attachment-full size-full\" alt=\"\" srcset=\"https:\/\/centros.uepb.edu.br\/ccbsa\/files\/2021\/06\/WhatsApp-Image-2021-06-20-at-09.43.58.png 454w, https:\/\/centros.uepb.edu.br\/ccbsa\/files\/2021\/06\/WhatsApp-Image-2021-06-20-at-09.43.58-225x300.png 225w, https:\/\/centros.uepb.edu.br\/ccbsa\/files\/2021\/06\/WhatsApp-Image-2021-06-20-at-09.43.58-370x493.png 370w\" sizes=\"auto, (max-width: 454px) 100vw, 454px\" \/><\/a>\n\t\t\t<\/dt><\/dl><dl class='gallery-item'>\n\t\t\t<dt class='gallery-icon portrait'>\n\t\t\t\t<a href='https:\/\/centros.uepb.edu.br\/ccbsa\/files\/2021\/06\/WhatsApp-Image-2021-06-20-at-09.43.59.png'><img loading=\"lazy\" decoding=\"async\" width=\"454\" height=\"605\" src=\"https:\/\/centros.uepb.edu.br\/ccbsa\/files\/2021\/06\/WhatsApp-Image-2021-06-20-at-09.43.59.png\" class=\"attachment-full size-full\" alt=\"\" srcset=\"https:\/\/centros.uepb.edu.br\/ccbsa\/files\/2021\/06\/WhatsApp-Image-2021-06-20-at-09.43.59.png 454w, https:\/\/centros.uepb.edu.br\/ccbsa\/files\/2021\/06\/WhatsApp-Image-2021-06-20-at-09.43.59-225x300.png 225w, https:\/\/centros.uepb.edu.br\/ccbsa\/files\/2021\/06\/WhatsApp-Image-2021-06-20-at-09.43.59-370x493.png 370w\" sizes=\"auto, (max-width: 454px) 100vw, 454px\" \/><\/a>\n\t\t\t<\/dt><\/dl>\n\t\t\t<br style='clear: both' \/>\n\t\t<\/div>\n\n<p>O Projeto de Extens\u00e3o \u201cMobiliza\u00e7\u00e3o, Inclus\u00e3o e Forma\u00e7\u00e3o de Catadores(as) de Materiais Recicl\u00e1veis do Munic\u00edpio de Jo\u00e3o Pessoa\u201d, vinculado ao c\u00e2mpus V da Universidade Estadual da Para\u00edba (UEPB), recebeu uma doa\u00e7\u00e3o de 300 frascos de 500 ml de \u00e1lcool gel, da empresa de com\u00e9sticos Hinode, por meio da Uni\u00e3o PB \u2013 Se\u00e7\u00e3o Estadual da Uni\u00e3o BR, que est\u00e3o sendo entregues aos catadores vinculados a cooperativas atendidas pelo projeto.<\/p>\n<p>Segue tamb\u00e9m a Campanha \u201cSOS Catador\u201d que busca arrecadar alimentos, EPIs e donativos em geral que podem ser entregues no pr\u00e9dio do c\u00e2mpus de Jo\u00e3o Pessoa (Rua Hor\u00e1cio Trajano de Oliveira, Cristo) ou no pr\u00e9dio da Administra\u00e7\u00e3o Central da UEPB (Bairro Universit\u00e1rio, Campina Grande). Al\u00e9m disso, tamb\u00e9m podem ser realizadas doa\u00e7\u00f5es financeiras pela plataforma (<a href=\"https:\/\/benfeitoria.com\/soscatador\">https:\/\/benfeitoria.com\/soscatador<\/a>).<\/p>\n<p>Desde o in\u00edcio da pandemia o projeto da UEPB tem intensificado as a\u00e7\u00f5es de assist\u00eancia aos catadores que foram impactados de sobremaneira com as restri\u00e7\u00f5es de circula\u00e7\u00e3o impostas pela Covid-19. As atividades v\u00eam sendo desenvolvidas em parceria com o Minist\u00e9rio P\u00fablico Federal (MPF), a Secretaria de Desenvolvimento Humano e Social (SEDHS) do Governo do Estado da Para\u00edba, a Defensoria P\u00fablica, a Uni\u00e3o PB \u2013 Se\u00e7\u00e3o Estadual da Uni\u00e3o BR e diversas lideran\u00e7as de movimentos sociais, a exemplo da Central \u00danica das Favelas (CUFA), e cooperativas de catadores.<\/p>\n<p>Atrav\u00e9s do cadastro dos catadores vinculados \u00e0 essa iniciativa, diversas entidades p\u00fablicas e privadas t\u00eam realizado doa\u00e7\u00f5es de alimentos e EPIs para esse p\u00fablico intermediadas pelo projeto da UEPB. A log\u00edstica de distribui\u00e7\u00e3o das doa\u00e7\u00f5es fica sob a responsabilidade da UEPB, que tamb\u00e9m tem desenvolvido, em paralelo, iniciativas pr\u00f3prias para minimizar o impacto negativo da pandemia na vida dos catadores de recicl\u00e1veis e popula\u00e7\u00e3o vulner\u00e1vel, seja atrav\u00e9s da campanha \u201cSOS Catador\u201d, ou, por meio da articula\u00e7\u00e3o junto \u00e0s autoridades p\u00fablicas no sentido de assegurar direitos.<\/p>\n<p><strong>Sobre o projeto<\/strong><\/p>\n<p>O projeto de extens\u00e3o \u201cMobiliza\u00e7\u00e3o, inclus\u00e3o e forma\u00e7\u00e3o de catadores\/as de materiais recicl\u00e1veis da cidade de Jo\u00e3o Pessoa: uma experi\u00eancia necess\u00e1ria\u201d foi criado em 2013 com o objetivo de dar apoio para a formaliza\u00e7\u00e3o e organiza\u00e7\u00e3o das cooperativas, promover a alfabetiza\u00e7\u00e3o e o letramento e, assim, possibilitar melhores condi\u00e7\u00f5es de vida para catadores de materiais recicl\u00e1veis da Zona da Mata (Jo\u00e3o Pessoa, Bayeux e Santa Rita).<\/p>\n<p>Al\u00e9m de a\u00e7\u00f5es de alfabetiza\u00e7\u00e3o, o projeto j\u00e1 realizou forma\u00e7\u00f5es de empreendedorismo, consultoria jur\u00eddica, adquiriu EPIs, balan\u00e7as, prensas, geladeira, fog\u00e3o, carrinhos de coleta, um caminh\u00e3o, que auxilia na log\u00edstica da atividade de cooperativas de catadores atendidas pelo projeto, entre outros itens que visam proporcionar melhorias nas condi\u00e7\u00f5es de trabalho e de vida destes catadores.<\/p>\n<p>As atividades do projeto s\u00e3o acompanhadas por docentes da UEPB e discentes do curso de Ci\u00eancias Biol\u00f3gicas do C\u00e2mpus V da UEPB vinculados ao componente curricular \u201cEduca\u00e7\u00e3o Ambiental\u201d.<\/p>\n<p><em><strong>Texto:<\/strong>\u00a0Juliana Marques<\/em><\/p>\n","protected":false},"excerpt":{"rendered":"<p>O Projeto de Extens\u00e3o \u201cMobiliza\u00e7\u00e3o, Inclus\u00e3o e Forma\u00e7\u00e3o de Catadores(as) de Materiais Recicl\u00e1veis do Munic\u00edpio de Jo\u00e3o Pessoa\u201d, vinculado ao c\u00e2mpus V da Universidade Estadual da Para\u00edba (UEPB), recebeu uma doa\u00e7\u00e3o de 300 frascos de 500 ml de \u00e1lcool gel, da empresa de com\u00e9sticos Hinode, por meio da Uni\u00e3o PB \u2013 Se\u00e7\u00e3o Estadual da Uni\u00e3o <a class=\"leiamais\" href=\"https:\/\/centros.uepb.edu.br\/ccbsa\/projeto-que-atende-catadores-de-reciclaveis-de-joao-pessoa-recebe-doacao-de-300-frascos-de-alcool-gel\/\">Leia Mais&#8230;<\/a><\/p>\n","protected":false},"author":8,"featured_media":7586,"comment_status":"closed","ping_status":"closed","sticky":false,"template":"","format":"standard","meta":{"footnotes":""},"categories":[3,11],"tags":[],"class_list":["post-7683","post","type-post","status-publish","format-standard","has-post-thumbnail","hentry","category-noticias","category-noticias-destaque-img"],"jetpack_featured_media_url":"https:\/\/centros.uepb.edu.br\/ccbsa\/files\/2021\/04\/WhatsApp-Image-2021-04-28-at-14.36.07-1.jpeg","_links":{"self":[{"href":"https:\/\/centros.uepb.edu.br\/ccbsa\/wp-json\/wp\/v2\/posts\/7683","targetHints":{"allow":["GET"]}}],"collection":[{"href":"https:\/\/centros.uepb.edu.br\/ccbsa\/wp-json\/wp\/v2\/posts"}],"about":[{"href":"https:\/\/centros.uepb.edu.br\/ccbsa\/wp-json\/wp\/v2\/types\/post"}],"author":[{"embeddable":true,"href":"https:\/\/centros.uepb.edu.br\/ccbsa\/wp-json\/wp\/v2\/users\/8"}],"replies":[{"embeddable":true,"href":"https:\/\/centros.uepb.edu.br\/ccbsa\/wp-json\/wp\/v2\/comments?post=7683"}],"version-history":[{"count":0,"href":"https:\/\/centros.uepb.edu.br\/ccbsa\/wp-json\/wp\/v2\/posts\/7683\/revisions"}],"wp:featuredmedia":[{"embeddable":true,"href":"https:\/\/centros.uepb.edu.br\/ccbsa\/wp-json\/wp\/v2\/media\/7586"}],"wp:attachment":[{"href":"https:\/\/centros.uepb.edu.br\/ccbsa\/wp-json\/wp\/v2\/media?parent=7683"}],"wp:term":[{"taxonomy":"category","embeddable":true,"href":"https:\/\/centros.uepb.edu.br\/ccbsa\/wp-json\/wp\/v2\/categories?post=7683"},{"taxonomy":"post_tag","embeddable":true,"href":"https:\/\/centros.uepb.edu.br\/ccbsa\/wp-json\/wp\/v2\/tags?post=7683"}],"curies":[{"name":"wp","href":"https:\/\/api.w.org\/{rel}","templated":true}]}}