{"id":7667,"date":"2021-06-12T15:35:38","date_gmt":"2021-06-12T15:35:38","guid":{"rendered":"https:\/\/centros.uepb.edu.br\/ccbsa\/?p=7667"},"modified":"2021-06-15T15:45:06","modified_gmt":"2021-06-15T15:45:06","slug":"nucleo-de-linguas-do-campus-de-joao-pessoa-divulga-inscricoes-para-cursos-de-idiomas-do-periodo-2021-1","status":"publish","type":"post","link":"https:\/\/centros.uepb.edu.br\/ccbsa\/nucleo-de-linguas-do-campus-de-joao-pessoa-divulga-inscricoes-para-cursos-de-idiomas-do-periodo-2021-1\/","title":{"rendered":"N\u00facleo de L\u00ednguas do c\u00e2mpus de Jo\u00e3o Pessoa divulga inscri\u00e7\u00f5es para cursos de idiomas do per\u00edodo 2021.1"},"content":{"rendered":"<p><a href=\"https:\/\/centros.uepb.edu.br\/ccbsa\/files\/2020\/01\/foto5.jpeg\"><img loading=\"lazy\" decoding=\"async\" class=\"aligncenter size-full wp-image-6646 img-responsive\" src=\"https:\/\/centros.uepb.edu.br\/ccbsa\/files\/2020\/01\/foto5.jpeg\" alt=\"\" width=\"960\" height=\"720\" srcset=\"https:\/\/centros.uepb.edu.br\/ccbsa\/files\/2020\/01\/foto5.jpeg 960w, https:\/\/centros.uepb.edu.br\/ccbsa\/files\/2020\/01\/foto5-300x225.jpeg 300w, https:\/\/centros.uepb.edu.br\/ccbsa\/files\/2020\/01\/foto5-768x576.jpeg 768w, https:\/\/centros.uepb.edu.br\/ccbsa\/files\/2020\/01\/foto5-370x278.jpeg 370w, https:\/\/centros.uepb.edu.br\/ccbsa\/files\/2020\/01\/foto5-840x630.jpeg 840w\" sizes=\"auto, (max-width: 960px) 100vw, 960px\" \/><\/a><\/p>\n<p>O N\u00facleo de L\u00ednguas do c\u00e2mpus V da Universidade Estadual da Para\u00edba (UEPB), em Jo\u00e3o Pessoa, informa que, entre os dias 14 e 15 de junho, ser\u00e3o realizadas as inscri\u00e7\u00f5es para novatos e veteranos que desejarem cursar uma das forma\u00e7\u00f5es oferecidas no local: Ingl\u00eas, Espanhol e Franc\u00eas, com vagas nos n\u00edveis b\u00e1sico, intermedi\u00e1rio e avan\u00e7ado.<\/p>\n<p>Est\u00e3o sendo oferecidas 25 vagas por turma e \u00e9 exigida a quantidade de, pelo menos, 6 alunos para cada turma possa iniciar os trabalhos. Os cursos s\u00e3o oferecidos nos tr\u00eas turnos, de segunda a sexta-feira, e, enquanto persistir a necessidade de suspens\u00e3o das atividades presenciais, por conta da pandemia de Covid-19, as atividades seguem sendo realizadas de forma remota via Google Meet.<\/p>\n<p>As inscri\u00e7\u00f5es ser\u00e3o realizadas via Google Formul\u00e1rios das 8h do dia 14 de junho at\u00e9 as 22h do dia 15 de junho, por meio de tr\u00eas links diferentes: <a href=\"https:\/\/docs.google.com\/forms\/d\/1Rnsype5J5UlBMBV_TfWKy2s38_fInX2bgyvHM3X3QwA\/edit?usp=sharing\">para comunidade acad\u00eamica,<\/a> <a href=\"https:\/\/docs.google.com\/forms\/d\/1UPl7kX6qFsTqTel5a3C7B__N7XrLNAjBztjDsoNBhSQ\/edit?usp=sharing\">para veteranos<\/a> e para <a href=\"https:\/\/docs.google.com\/forms\/d\/1dRmJBCC7aPjsvSsQgMU3X50gQwfaelbbo_XAzPVHl5s\/edit?usp=sharing\">comunidade geral.<\/a> S\u00f3 podem se inscrever nos cursos pessoas com idade acima de 16 anos.<\/p>\n<p>A prioridade para reserva de vagas \u00e9 destinada \u00e0 comunidade acad\u00eamica do c\u00e2mpus V, que deve entrar em contato com o docente ministrante do curso para enviar, entre os dias 28 e 30 de junho, um comprovante de vinculo (declara\u00e7\u00e3o, hist\u00f3rico escolar). As vagas remanescentes ser\u00e3o ocupadas pela comunidade geral, seguindo o crit\u00e9rio de ordem de inscri\u00e7\u00e3o.<\/p>\n<p>A divulga\u00e7\u00e3o das inscri\u00e7\u00f5es homologadas ser\u00e1 no dia 21 de junho. Entre os dias 28 e 30 de junho ser\u00e1 realizada a prova de nivelamento para os alunos que quiserem verificar em qual n\u00edvel de aprendizagem se encontram e a matr\u00edcula seja feita na turma correspondente ao grau de dom\u00ednio destes estudantes. O in\u00edcio das aulas est\u00e1 previsto para ocorrer no dia 7 de julho.<\/p>\n<p>Outras informa\u00e7\u00f5es: <a href=\"https:\/\/linktr.ee\/nucleodelinguasjp\">https:\/\/linktr.ee\/nucleodelinguasjp<\/a><\/p>\n<p><em><strong>Texto:<\/strong> Juliana Marques<\/em><\/p>\n","protected":false},"excerpt":{"rendered":"<p>O N\u00facleo de L\u00ednguas do c\u00e2mpus V da Universidade Estadual da Para\u00edba (UEPB), em Jo\u00e3o Pessoa, informa que, entre os dias 14 e 15 de junho, ser\u00e3o realizadas as inscri\u00e7\u00f5es para novatos e veteranos que desejarem cursar uma das forma\u00e7\u00f5es oferecidas no local: Ingl\u00eas, Espanhol e Franc\u00eas, com vagas nos n\u00edveis b\u00e1sico, intermedi\u00e1rio e avan\u00e7ado. <a class=\"leiamais\" href=\"https:\/\/centros.uepb.edu.br\/ccbsa\/nucleo-de-linguas-do-campus-de-joao-pessoa-divulga-inscricoes-para-cursos-de-idiomas-do-periodo-2021-1\/\">Leia Mais&#8230;<\/a><\/p>\n","protected":false},"author":8,"featured_media":6616,"comment_status":"closed","ping_status":"closed","sticky":false,"template":"","format":"standard","meta":{"footnotes":""},"categories":[3,11],"tags":[],"class_list":["post-7667","post","type-post","status-publish","format-standard","has-post-thumbnail","hentry","category-noticias","category-noticias-destaque-img"],"jetpack_featured_media_url":"https:\/\/centros.uepb.edu.br\/ccbsa\/files\/2020\/01\/Idiomas-Franc\u00eas-Ingl\u00eas-e-Espanhol.png","_links":{"self":[{"href":"https:\/\/centros.uepb.edu.br\/ccbsa\/wp-json\/wp\/v2\/posts\/7667","targetHints":{"allow":["GET"]}}],"collection":[{"href":"https:\/\/centros.uepb.edu.br\/ccbsa\/wp-json\/wp\/v2\/posts"}],"about":[{"href":"https:\/\/centros.uepb.edu.br\/ccbsa\/wp-json\/wp\/v2\/types\/post"}],"author":[{"embeddable":true,"href":"https:\/\/centros.uepb.edu.br\/ccbsa\/wp-json\/wp\/v2\/users\/8"}],"replies":[{"embeddable":true,"href":"https:\/\/centros.uepb.edu.br\/ccbsa\/wp-json\/wp\/v2\/comments?post=7667"}],"version-history":[{"count":0,"href":"https:\/\/centros.uepb.edu.br\/ccbsa\/wp-json\/wp\/v2\/posts\/7667\/revisions"}],"wp:featuredmedia":[{"embeddable":true,"href":"https:\/\/centros.uepb.edu.br\/ccbsa\/wp-json\/wp\/v2\/media\/6616"}],"wp:attachment":[{"href":"https:\/\/centros.uepb.edu.br\/ccbsa\/wp-json\/wp\/v2\/media?parent=7667"}],"wp:term":[{"taxonomy":"category","embeddable":true,"href":"https:\/\/centros.uepb.edu.br\/ccbsa\/wp-json\/wp\/v2\/categories?post=7667"},{"taxonomy":"post_tag","embeddable":true,"href":"https:\/\/centros.uepb.edu.br\/ccbsa\/wp-json\/wp\/v2\/tags?post=7667"}],"curies":[{"name":"wp","href":"https:\/\/api.w.org\/{rel}","templated":true}]}}