{"id":7648,"date":"2021-06-09T19:21:48","date_gmt":"2021-06-09T19:21:48","guid":{"rendered":"https:\/\/centros.uepb.edu.br\/ccbsa\/?p=7648"},"modified":"2021-06-10T10:24:23","modified_gmt":"2021-06-10T10:24:23","slug":"curso-de-arquivologia-da-uepb-participa-da-5a-semana-nacional-de-arquivos-realizada-ate-o-dia-11-de-junho","status":"publish","type":"post","link":"https:\/\/centros.uepb.edu.br\/ccbsa\/curso-de-arquivologia-da-uepb-participa-da-5a-semana-nacional-de-arquivos-realizada-ate-o-dia-11-de-junho\/","title":{"rendered":"Curso de Arquivologia da UEPB participa da 5\u00aa Semana Nacional de Arquivos realizada at\u00e9 o dia 11 de junho"},"content":{"rendered":"\n\t\t<style type=\"text\/css\">\n\t\t\t#gallery-1 {\n\t\t\t\tmargin: auto;\n\t\t\t}\n\t\t\t#gallery-1 .gallery-item {\n\t\t\t\tfloat: left;\n\t\t\t\tmargin-top: 10px;\n\t\t\t\ttext-align: center;\n\t\t\t\twidth: 33%;\n\t\t\t}\n\t\t\t#gallery-1 img {\n\t\t\t\tborder: 2px solid #cfcfcf;\n\t\t\t}\n\t\t\t#gallery-1 .gallery-caption {\n\t\t\t\tmargin-left: 0;\n\t\t\t}\n\t\t\t\/* see gallery_shortcode() in wp-includes\/media.php *\/\n\t\t<\/style>\n\t\t<div id='gallery-1' class='gallery galleryid-7648 gallery-columns-3 gallery-size-full'><dl class='gallery-item'>\n\t\t\t<dt class='gallery-icon landscape'>\n\t\t\t\t<a href='https:\/\/centros.uepb.edu.br\/ccbsa\/files\/2021\/06\/WhatsApp-Image-2021-06-09-at-14.07.26-1.jpeg'><img loading=\"lazy\" decoding=\"async\" width=\"1280\" height=\"720\" src=\"https:\/\/centros.uepb.edu.br\/ccbsa\/files\/2021\/06\/WhatsApp-Image-2021-06-09-at-14.07.26-1.jpeg\" class=\"attachment-full size-full\" alt=\"\" srcset=\"https:\/\/centros.uepb.edu.br\/ccbsa\/files\/2021\/06\/WhatsApp-Image-2021-06-09-at-14.07.26-1.jpeg 1280w, https:\/\/centros.uepb.edu.br\/ccbsa\/files\/2021\/06\/WhatsApp-Image-2021-06-09-at-14.07.26-1-300x169.jpeg 300w, https:\/\/centros.uepb.edu.br\/ccbsa\/files\/2021\/06\/WhatsApp-Image-2021-06-09-at-14.07.26-1-1024x576.jpeg 1024w, https:\/\/centros.uepb.edu.br\/ccbsa\/files\/2021\/06\/WhatsApp-Image-2021-06-09-at-14.07.26-1-768x432.jpeg 768w, https:\/\/centros.uepb.edu.br\/ccbsa\/files\/2021\/06\/WhatsApp-Image-2021-06-09-at-14.07.26-1-370x208.jpeg 370w, https:\/\/centros.uepb.edu.br\/ccbsa\/files\/2021\/06\/WhatsApp-Image-2021-06-09-at-14.07.26-1-840x473.jpeg 840w\" sizes=\"auto, (max-width: 1280px) 100vw, 1280px\" \/><\/a>\n\t\t\t<\/dt><\/dl><dl class='gallery-item'>\n\t\t\t<dt class='gallery-icon landscape'>\n\t\t\t\t<a href='https:\/\/centros.uepb.edu.br\/ccbsa\/files\/2021\/06\/WhatsApp-Image-2021-06-09-at-14.07.26.jpeg'><img loading=\"lazy\" decoding=\"async\" width=\"481\" height=\"273\" src=\"https:\/\/centros.uepb.edu.br\/ccbsa\/files\/2021\/06\/WhatsApp-Image-2021-06-09-at-14.07.26.jpeg\" class=\"attachment-full size-full\" alt=\"\" srcset=\"https:\/\/centros.uepb.edu.br\/ccbsa\/files\/2021\/06\/WhatsApp-Image-2021-06-09-at-14.07.26.jpeg 481w, https:\/\/centros.uepb.edu.br\/ccbsa\/files\/2021\/06\/WhatsApp-Image-2021-06-09-at-14.07.26-300x170.jpeg 300w, https:\/\/centros.uepb.edu.br\/ccbsa\/files\/2021\/06\/WhatsApp-Image-2021-06-09-at-14.07.26-370x210.jpeg 370w\" sizes=\"auto, (max-width: 481px) 100vw, 481px\" \/><\/a>\n\t\t\t<\/dt><\/dl><dl class='gallery-item'>\n\t\t\t<dt class='gallery-icon landscape'>\n\t\t\t\t<a href='https:\/\/centros.uepb.edu.br\/ccbsa\/files\/2021\/06\/WhatsApp-Image-2021-06-09-at-14.07.25-1.jpeg'><img loading=\"lazy\" decoding=\"async\" width=\"584\" height=\"309\" src=\"https:\/\/centros.uepb.edu.br\/ccbsa\/files\/2021\/06\/WhatsApp-Image-2021-06-09-at-14.07.25-1.jpeg\" class=\"attachment-full size-full\" alt=\"\" srcset=\"https:\/\/centros.uepb.edu.br\/ccbsa\/files\/2021\/06\/WhatsApp-Image-2021-06-09-at-14.07.25-1.jpeg 584w, https:\/\/centros.uepb.edu.br\/ccbsa\/files\/2021\/06\/WhatsApp-Image-2021-06-09-at-14.07.25-1-300x159.jpeg 300w, https:\/\/centros.uepb.edu.br\/ccbsa\/files\/2021\/06\/WhatsApp-Image-2021-06-09-at-14.07.25-1-370x196.jpeg 370w\" sizes=\"auto, (max-width: 584px) 100vw, 584px\" \/><\/a>\n\t\t\t<\/dt><\/dl><br style=\"clear: both\" \/><dl class='gallery-item'>\n\t\t\t<dt class='gallery-icon landscape'>\n\t\t\t\t<a href='https:\/\/centros.uepb.edu.br\/ccbsa\/files\/2021\/06\/WhatsApp-Image-2021-06-09-at-14.07.25.jpeg'><img loading=\"lazy\" decoding=\"async\" width=\"1280\" height=\"719\" src=\"https:\/\/centros.uepb.edu.br\/ccbsa\/files\/2021\/06\/WhatsApp-Image-2021-06-09-at-14.07.25.jpeg\" class=\"attachment-full size-full\" alt=\"\" srcset=\"https:\/\/centros.uepb.edu.br\/ccbsa\/files\/2021\/06\/WhatsApp-Image-2021-06-09-at-14.07.25.jpeg 1280w, https:\/\/centros.uepb.edu.br\/ccbsa\/files\/2021\/06\/WhatsApp-Image-2021-06-09-at-14.07.25-300x169.jpeg 300w, https:\/\/centros.uepb.edu.br\/ccbsa\/files\/2021\/06\/WhatsApp-Image-2021-06-09-at-14.07.25-1024x575.jpeg 1024w, https:\/\/centros.uepb.edu.br\/ccbsa\/files\/2021\/06\/WhatsApp-Image-2021-06-09-at-14.07.25-768x431.jpeg 768w, https:\/\/centros.uepb.edu.br\/ccbsa\/files\/2021\/06\/WhatsApp-Image-2021-06-09-at-14.07.25-370x208.jpeg 370w, https:\/\/centros.uepb.edu.br\/ccbsa\/files\/2021\/06\/WhatsApp-Image-2021-06-09-at-14.07.25-840x472.jpeg 840w\" sizes=\"auto, (max-width: 1280px) 100vw, 1280px\" \/><\/a>\n\t\t\t<\/dt><\/dl><dl class='gallery-item'>\n\t\t\t<dt class='gallery-icon landscape'>\n\t\t\t\t<a href='https:\/\/centros.uepb.edu.br\/ccbsa\/files\/2021\/06\/WhatsApp-Image-2021-06-09-at-13.50.24.jpeg'><img loading=\"lazy\" decoding=\"async\" width=\"800\" height=\"800\" src=\"https:\/\/centros.uepb.edu.br\/ccbsa\/files\/2021\/06\/WhatsApp-Image-2021-06-09-at-13.50.24.jpeg\" class=\"attachment-full size-full\" alt=\"\" srcset=\"https:\/\/centros.uepb.edu.br\/ccbsa\/files\/2021\/06\/WhatsApp-Image-2021-06-09-at-13.50.24.jpeg 800w, https:\/\/centros.uepb.edu.br\/ccbsa\/files\/2021\/06\/WhatsApp-Image-2021-06-09-at-13.50.24-300x300.jpeg 300w, https:\/\/centros.uepb.edu.br\/ccbsa\/files\/2021\/06\/WhatsApp-Image-2021-06-09-at-13.50.24-150x150.jpeg 150w, https:\/\/centros.uepb.edu.br\/ccbsa\/files\/2021\/06\/WhatsApp-Image-2021-06-09-at-13.50.24-768x768.jpeg 768w, https:\/\/centros.uepb.edu.br\/ccbsa\/files\/2021\/06\/WhatsApp-Image-2021-06-09-at-13.50.24-370x370.jpeg 370w\" sizes=\"auto, (max-width: 800px) 100vw, 800px\" \/><\/a>\n\t\t\t<\/dt><\/dl><dl class='gallery-item'>\n\t\t\t<dt class='gallery-icon landscape'>\n\t\t\t\t<a href='https:\/\/centros.uepb.edu.br\/ccbsa\/files\/2021\/06\/WhatsApp-Image-2021-06-09-at-13.52.07.jpeg'><img loading=\"lazy\" decoding=\"async\" width=\"800\" height=\"800\" src=\"https:\/\/centros.uepb.edu.br\/ccbsa\/files\/2021\/06\/WhatsApp-Image-2021-06-09-at-13.52.07.jpeg\" class=\"attachment-full size-full\" alt=\"\" srcset=\"https:\/\/centros.uepb.edu.br\/ccbsa\/files\/2021\/06\/WhatsApp-Image-2021-06-09-at-13.52.07.jpeg 800w, https:\/\/centros.uepb.edu.br\/ccbsa\/files\/2021\/06\/WhatsApp-Image-2021-06-09-at-13.52.07-300x300.jpeg 300w, https:\/\/centros.uepb.edu.br\/ccbsa\/files\/2021\/06\/WhatsApp-Image-2021-06-09-at-13.52.07-150x150.jpeg 150w, https:\/\/centros.uepb.edu.br\/ccbsa\/files\/2021\/06\/WhatsApp-Image-2021-06-09-at-13.52.07-768x768.jpeg 768w, https:\/\/centros.uepb.edu.br\/ccbsa\/files\/2021\/06\/WhatsApp-Image-2021-06-09-at-13.52.07-370x370.jpeg 370w\" sizes=\"auto, (max-width: 800px) 100vw, 800px\" \/><\/a>\n\t\t\t<\/dt><\/dl><br style=\"clear: both\" \/><dl class='gallery-item'>\n\t\t\t<dt class='gallery-icon landscape'>\n\t\t\t\t<a href='https:\/\/centros.uepb.edu.br\/ccbsa\/files\/2021\/06\/WhatsApp-Image-2021-06-09-at-13.56.53-1.jpeg'><img loading=\"lazy\" decoding=\"async\" width=\"800\" height=\"800\" src=\"https:\/\/centros.uepb.edu.br\/ccbsa\/files\/2021\/06\/WhatsApp-Image-2021-06-09-at-13.56.53-1.jpeg\" class=\"attachment-full size-full\" alt=\"\" srcset=\"https:\/\/centros.uepb.edu.br\/ccbsa\/files\/2021\/06\/WhatsApp-Image-2021-06-09-at-13.56.53-1.jpeg 800w, https:\/\/centros.uepb.edu.br\/ccbsa\/files\/2021\/06\/WhatsApp-Image-2021-06-09-at-13.56.53-1-300x300.jpeg 300w, https:\/\/centros.uepb.edu.br\/ccbsa\/files\/2021\/06\/WhatsApp-Image-2021-06-09-at-13.56.53-1-150x150.jpeg 150w, https:\/\/centros.uepb.edu.br\/ccbsa\/files\/2021\/06\/WhatsApp-Image-2021-06-09-at-13.56.53-1-768x768.jpeg 768w, https:\/\/centros.uepb.edu.br\/ccbsa\/files\/2021\/06\/WhatsApp-Image-2021-06-09-at-13.56.53-1-370x370.jpeg 370w\" sizes=\"auto, (max-width: 800px) 100vw, 800px\" \/><\/a>\n\t\t\t<\/dt><\/dl><dl class='gallery-item'>\n\t\t\t<dt class='gallery-icon landscape'>\n\t\t\t\t<a href='https:\/\/centros.uepb.edu.br\/ccbsa\/files\/2021\/06\/WhatsApp-Image-2021-06-09-at-13.56.53.jpeg'><img loading=\"lazy\" decoding=\"async\" width=\"800\" height=\"800\" src=\"https:\/\/centros.uepb.edu.br\/ccbsa\/files\/2021\/06\/WhatsApp-Image-2021-06-09-at-13.56.53.jpeg\" class=\"attachment-full size-full\" alt=\"\" srcset=\"https:\/\/centros.uepb.edu.br\/ccbsa\/files\/2021\/06\/WhatsApp-Image-2021-06-09-at-13.56.53.jpeg 800w, https:\/\/centros.uepb.edu.br\/ccbsa\/files\/2021\/06\/WhatsApp-Image-2021-06-09-at-13.56.53-300x300.jpeg 300w, https:\/\/centros.uepb.edu.br\/ccbsa\/files\/2021\/06\/WhatsApp-Image-2021-06-09-at-13.56.53-150x150.jpeg 150w, https:\/\/centros.uepb.edu.br\/ccbsa\/files\/2021\/06\/WhatsApp-Image-2021-06-09-at-13.56.53-768x768.jpeg 768w, https:\/\/centros.uepb.edu.br\/ccbsa\/files\/2021\/06\/WhatsApp-Image-2021-06-09-at-13.56.53-370x370.jpeg 370w\" sizes=\"auto, (max-width: 800px) 100vw, 800px\" \/><\/a>\n\t\t\t<\/dt><\/dl><dl class='gallery-item'>\n\t\t\t<dt class='gallery-icon landscape'>\n\t\t\t\t<a href='https:\/\/centros.uepb.edu.br\/ccbsa\/files\/2021\/06\/WhatsApp-Image-2021-06-09-at-19.49.09.jpeg'><img loading=\"lazy\" decoding=\"async\" width=\"800\" height=\"800\" src=\"https:\/\/centros.uepb.edu.br\/ccbsa\/files\/2021\/06\/WhatsApp-Image-2021-06-09-at-19.49.09.jpeg\" class=\"attachment-full size-full\" alt=\"\" srcset=\"https:\/\/centros.uepb.edu.br\/ccbsa\/files\/2021\/06\/WhatsApp-Image-2021-06-09-at-19.49.09.jpeg 800w, https:\/\/centros.uepb.edu.br\/ccbsa\/files\/2021\/06\/WhatsApp-Image-2021-06-09-at-19.49.09-300x300.jpeg 300w, https:\/\/centros.uepb.edu.br\/ccbsa\/files\/2021\/06\/WhatsApp-Image-2021-06-09-at-19.49.09-150x150.jpeg 150w, https:\/\/centros.uepb.edu.br\/ccbsa\/files\/2021\/06\/WhatsApp-Image-2021-06-09-at-19.49.09-768x768.jpeg 768w, https:\/\/centros.uepb.edu.br\/ccbsa\/files\/2021\/06\/WhatsApp-Image-2021-06-09-at-19.49.09-370x370.jpeg 370w\" sizes=\"auto, (max-width: 800px) 100vw, 800px\" \/><\/a>\n\t\t\t<\/dt><\/dl><br style=\"clear: both\" \/><dl class='gallery-item'>\n\t\t\t<dt class='gallery-icon landscape'>\n\t\t\t\t<a href='https:\/\/centros.uepb.edu.br\/ccbsa\/files\/2021\/06\/WhatsApp-Image-2021-06-09-at-13.56.54.jpeg'><img loading=\"lazy\" decoding=\"async\" width=\"800\" height=\"800\" src=\"https:\/\/centros.uepb.edu.br\/ccbsa\/files\/2021\/06\/WhatsApp-Image-2021-06-09-at-13.56.54.jpeg\" class=\"attachment-full size-full\" alt=\"\" srcset=\"https:\/\/centros.uepb.edu.br\/ccbsa\/files\/2021\/06\/WhatsApp-Image-2021-06-09-at-13.56.54.jpeg 800w, https:\/\/centros.uepb.edu.br\/ccbsa\/files\/2021\/06\/WhatsApp-Image-2021-06-09-at-13.56.54-300x300.jpeg 300w, https:\/\/centros.uepb.edu.br\/ccbsa\/files\/2021\/06\/WhatsApp-Image-2021-06-09-at-13.56.54-150x150.jpeg 150w, https:\/\/centros.uepb.edu.br\/ccbsa\/files\/2021\/06\/WhatsApp-Image-2021-06-09-at-13.56.54-768x768.jpeg 768w, https:\/\/centros.uepb.edu.br\/ccbsa\/files\/2021\/06\/WhatsApp-Image-2021-06-09-at-13.56.54-370x370.jpeg 370w\" sizes=\"auto, (max-width: 800px) 100vw, 800px\" \/><\/a>\n\t\t\t<\/dt><\/dl>\n\t\t\t<br style='clear: both' \/>\n\t\t<\/div>\n\n<p>&nbsp;<\/p>\n<p>\u201cEmpoderando arquivos\u201d, esse \u00e9 tema da 5\u00aa Semana Nacional de Arquivos (SNA), com atividades em todo pa\u00eds em alus\u00e3o ao dia internacional dos Arquivos, celebrado nesta quarta-feira, 9 de junho, e que na Para\u00edba conta com diversas atividades realizadas remotamente desde o dia 7 at\u00e9 11 de junho, com a participa\u00e7\u00e3o do curso de Arquivologia da Universidade Estadual da Para\u00edba (UEPB) dentre as institui\u00e7\u00f5es organizadoras do evento.<\/p>\n<p>A abertura do evento, realizada na segunda-feira (7), contou com a participa\u00e7\u00e3o de representantes das institui\u00e7\u00f5es organizadoras do evento, tais como o coordenador adjunto do curso de Arquivologia da UEPB, Rams\u00e9s Nunes; o prefeito de Jo\u00e3o Pessoa, C\u00edcero Lucena; o secret\u00e1rio de Gest\u00e3o Governamental da Prefeitura de Jo\u00e3o Pessoa, Diego Tavares; a coordenadora adjunta do curso de Arquivologia da UFPB, Alba L\u00edgia Silva; a presidente da Associa\u00e7\u00e3o dos Arquivistas da Para\u00edba (AAPB), Gabriela Garcia; a diretora do Arquivo P\u00fablico do Estado da Para\u00edba, Naiany Carneiro; \u00a0e as representantes da Secretaria Estadual de Administra\u00e7\u00e3o (SEAD), Walterleide Golzio; do Grupo de Estudos Arquiv\u00edsticos (GEArq), Irene Fernandes; da Funda\u00e7\u00e3o Casa de Jos\u00e9 Am\u00e9rico, L\u00facia Guerra; do TRE-PB, Alexandra Cordeiro, al\u00e9m do arquivista da UFPB, Lucas Lima Santos. A mesa foi mediada pela professora da UFPB, Ana Andr\u00e9a Castro.<\/p>\n<p>Realizada anualmente, a SNA sempre busca oportunizar discuss\u00f5es em torno de tem\u00e1ticas relevantes da \u00e1rea e divulgar os arquivos perante a sociedade. O tema desta 5\u00aa edi\u00e7\u00e3o, Empoderando Arquivos, segundo o ICA (Conselho Internacional de Arquivos), suscita reflex\u00f5es sobre como os arquivos, por meio do acesso \u00e0 informa\u00e7\u00e3o, atuam no fortalecimento da responsabilidade e da transpar\u00eancia governamental, visando monitorar o trabalho feito pelos governos e garantir que os cidad\u00e3os possam proteger seus direitos.<\/p>\n<p>A professora Eliete Correia dos Santos lembra que a SNA \u00e9 uma semana muito significativa para os arquivistas e cursos de Arquivologia como oportunidade para difundir conhecimentos te\u00f3ricos e pr\u00e1ticos das institui\u00e7\u00f5es e provocar reflex\u00f5es sobre o papel dos arquivos perante a sociedade. \u201cEste ano, quando falamos em empoderar os arquivos, que \u00e9 a tem\u00e1tica central, me parece que devemos abrir espa\u00e7os para que os arquivos possam exercer uma fun\u00e7\u00e3o social de relev\u00e2ncia, estar mais perto do que \u00e9 importante para a sociedade. \u00c9 a oportunidade de mostrar a import\u00e2ncia do que est\u00e1 guardado nos documentos dos arquivos p\u00fablicos e privados e entender que eles v\u00e3o formar a mem\u00f3ria social. Ent\u00e3o podemos demonstrar esse valor do arquivo para as institui\u00e7\u00f5es e conscientizar as empresas sobre o papel da gest\u00e3o documental\u201d analisa a coordenadora do curso de Arquivologia da UEPB.<\/p>\n<p>O evento segue com algumas atividades sendo transmitidas pelo canal do Projeto SESA (<a href=\"https:\/\/www.youtube.com\/watch?v=LxxQbq-YjAQ\">https:\/\/www.youtube.com\/watch?v=LxxQbq-YjAQ<\/a>), dentre elas a palestra \u201cTransforma\u00e7\u00e3o digital e os arquivos do futuro: a experi\u00eancia da DGLAB (Portugal)\u201d, que ser\u00e1 realizada nesta quinta-feira, 10 de junho, \u00e0s 10h, com a participa\u00e7\u00e3o do Diretor de Servi\u00e7os de Arquiv\u00edstica e Normaliza\u00e7\u00e3o da Dire\u00e7\u00e3o Geral do Livro, dos Arquivos e das Bibliotecas (DGLAB) de Portugal, Pedro Penteado. A palestra ser\u00e1 mediada pela coordenadora do curso de Arquivologia da UEPB, Eliete Correia dos Santos.<\/p>\n<p><em><strong>Texto<\/strong>: Juliana Marques<\/em><\/p>\n<p>&nbsp;<\/p>\n","protected":false},"excerpt":{"rendered":"<p>&nbsp; \u201cEmpoderando arquivos\u201d, esse \u00e9 tema da 5\u00aa Semana Nacional de Arquivos (SNA), com atividades em todo pa\u00eds em alus\u00e3o ao dia internacional dos Arquivos, celebrado nesta quarta-feira, 9 de junho, e que na Para\u00edba conta com diversas atividades realizadas remotamente desde o dia 7 at\u00e9 11 de junho, com a participa\u00e7\u00e3o do curso de <a class=\"leiamais\" href=\"https:\/\/centros.uepb.edu.br\/ccbsa\/curso-de-arquivologia-da-uepb-participa-da-5a-semana-nacional-de-arquivos-realizada-ate-o-dia-11-de-junho\/\">Leia Mais&#8230;<\/a><\/p>\n","protected":false},"author":8,"featured_media":7659,"comment_status":"closed","ping_status":"closed","sticky":false,"template":"","format":"standard","meta":{"footnotes":""},"categories":[3,11],"tags":[],"class_list":["post-7648","post","type-post","status-publish","format-standard","has-post-thumbnail","hentry","category-noticias","category-noticias-destaque-img"],"jetpack_featured_media_url":"https:\/\/centros.uepb.edu.br\/ccbsa\/files\/2021\/06\/SNA.png","_links":{"self":[{"href":"https:\/\/centros.uepb.edu.br\/ccbsa\/wp-json\/wp\/v2\/posts\/7648","targetHints":{"allow":["GET"]}}],"collection":[{"href":"https:\/\/centros.uepb.edu.br\/ccbsa\/wp-json\/wp\/v2\/posts"}],"about":[{"href":"https:\/\/centros.uepb.edu.br\/ccbsa\/wp-json\/wp\/v2\/types\/post"}],"author":[{"embeddable":true,"href":"https:\/\/centros.uepb.edu.br\/ccbsa\/wp-json\/wp\/v2\/users\/8"}],"replies":[{"embeddable":true,"href":"https:\/\/centros.uepb.edu.br\/ccbsa\/wp-json\/wp\/v2\/comments?post=7648"}],"version-history":[{"count":0,"href":"https:\/\/centros.uepb.edu.br\/ccbsa\/wp-json\/wp\/v2\/posts\/7648\/revisions"}],"wp:featuredmedia":[{"embeddable":true,"href":"https:\/\/centros.uepb.edu.br\/ccbsa\/wp-json\/wp\/v2\/media\/7659"}],"wp:attachment":[{"href":"https:\/\/centros.uepb.edu.br\/ccbsa\/wp-json\/wp\/v2\/media?parent=7648"}],"wp:term":[{"taxonomy":"category","embeddable":true,"href":"https:\/\/centros.uepb.edu.br\/ccbsa\/wp-json\/wp\/v2\/categories?post=7648"},{"taxonomy":"post_tag","embeddable":true,"href":"https:\/\/centros.uepb.edu.br\/ccbsa\/wp-json\/wp\/v2\/tags?post=7648"}],"curies":[{"name":"wp","href":"https:\/\/api.w.org\/{rel}","templated":true}]}}