{"id":7629,"date":"2021-05-27T13:06:21","date_gmt":"2021-05-27T13:06:21","guid":{"rendered":"https:\/\/centros.uepb.edu.br\/ccbsa\/?p=7629"},"modified":"2021-05-27T13:39:53","modified_gmt":"2021-05-27T13:39:53","slug":"projeto-do-ccbsa-recebe-duas-toneladas-de-alimentos-que-serao-entregues-aos-catadores-de-reciclaveis","status":"publish","type":"post","link":"https:\/\/centros.uepb.edu.br\/ccbsa\/projeto-do-ccbsa-recebe-duas-toneladas-de-alimentos-que-serao-entregues-aos-catadores-de-reciclaveis\/","title":{"rendered":"Projeto que atende catadores de materiais recicl\u00e1veis em Jo\u00e3o Pessoa recebe duas toneladas de alimentos"},"content":{"rendered":"\n\t\t<style type=\"text\/css\">\n\t\t\t#gallery-1 {\n\t\t\t\tmargin: auto;\n\t\t\t}\n\t\t\t#gallery-1 .gallery-item {\n\t\t\t\tfloat: left;\n\t\t\t\tmargin-top: 10px;\n\t\t\t\ttext-align: center;\n\t\t\t\twidth: 33%;\n\t\t\t}\n\t\t\t#gallery-1 img {\n\t\t\t\tborder: 2px solid #cfcfcf;\n\t\t\t}\n\t\t\t#gallery-1 .gallery-caption {\n\t\t\t\tmargin-left: 0;\n\t\t\t}\n\t\t\t\/* see gallery_shortcode() in wp-includes\/media.php *\/\n\t\t<\/style>\n\t\t<div id='gallery-1' class='gallery galleryid-7629 gallery-columns-3 gallery-size-full'><dl class='gallery-item'>\n\t\t\t<dt class='gallery-icon landscape'>\n\t\t\t\t<a href='https:\/\/centros.uepb.edu.br\/ccbsa\/files\/2021\/05\/WhatsApp-Image-2021-05-26-at-21.03.16.png'><img loading=\"lazy\" decoding=\"async\" width=\"1280\" height=\"1263\" src=\"https:\/\/centros.uepb.edu.br\/ccbsa\/files\/2021\/05\/WhatsApp-Image-2021-05-26-at-21.03.16.png\" class=\"attachment-full size-full\" alt=\"\" srcset=\"https:\/\/centros.uepb.edu.br\/ccbsa\/files\/2021\/05\/WhatsApp-Image-2021-05-26-at-21.03.16.png 1280w, https:\/\/centros.uepb.edu.br\/ccbsa\/files\/2021\/05\/WhatsApp-Image-2021-05-26-at-21.03.16-300x296.png 300w, https:\/\/centros.uepb.edu.br\/ccbsa\/files\/2021\/05\/WhatsApp-Image-2021-05-26-at-21.03.16-1024x1010.png 1024w, https:\/\/centros.uepb.edu.br\/ccbsa\/files\/2021\/05\/WhatsApp-Image-2021-05-26-at-21.03.16-768x758.png 768w, https:\/\/centros.uepb.edu.br\/ccbsa\/files\/2021\/05\/WhatsApp-Image-2021-05-26-at-21.03.16-370x365.png 370w, https:\/\/centros.uepb.edu.br\/ccbsa\/files\/2021\/05\/WhatsApp-Image-2021-05-26-at-21.03.16-840x829.png 840w\" sizes=\"auto, (max-width: 1280px) 100vw, 1280px\" \/><\/a>\n\t\t\t<\/dt><\/dl><dl class='gallery-item'>\n\t\t\t<dt class='gallery-icon landscape'>\n\t\t\t\t<a href='https:\/\/centros.uepb.edu.br\/ccbsa\/files\/2021\/05\/WhatsApp-Image-2021-05-26-at-21.05.03.jpeg'><img loading=\"lazy\" decoding=\"async\" width=\"1280\" height=\"960\" src=\"https:\/\/centros.uepb.edu.br\/ccbsa\/files\/2021\/05\/WhatsApp-Image-2021-05-26-at-21.05.03.jpeg\" class=\"attachment-full size-full\" alt=\"\" srcset=\"https:\/\/centros.uepb.edu.br\/ccbsa\/files\/2021\/05\/WhatsApp-Image-2021-05-26-at-21.05.03.jpeg 1280w, https:\/\/centros.uepb.edu.br\/ccbsa\/files\/2021\/05\/WhatsApp-Image-2021-05-26-at-21.05.03-300x225.jpeg 300w, https:\/\/centros.uepb.edu.br\/ccbsa\/files\/2021\/05\/WhatsApp-Image-2021-05-26-at-21.05.03-1024x768.jpeg 1024w, https:\/\/centros.uepb.edu.br\/ccbsa\/files\/2021\/05\/WhatsApp-Image-2021-05-26-at-21.05.03-768x576.jpeg 768w, https:\/\/centros.uepb.edu.br\/ccbsa\/files\/2021\/05\/WhatsApp-Image-2021-05-26-at-21.05.03-370x278.jpeg 370w, https:\/\/centros.uepb.edu.br\/ccbsa\/files\/2021\/05\/WhatsApp-Image-2021-05-26-at-21.05.03-840x630.jpeg 840w\" sizes=\"auto, (max-width: 1280px) 100vw, 1280px\" \/><\/a>\n\t\t\t<\/dt><\/dl><dl class='gallery-item'>\n\t\t\t<dt class='gallery-icon portrait'>\n\t\t\t\t<a href='https:\/\/centros.uepb.edu.br\/ccbsa\/files\/2021\/05\/WhatsApp-Image-2021-05-26-at-21.15.16.jpeg'><img loading=\"lazy\" decoding=\"async\" width=\"960\" height=\"1280\" src=\"https:\/\/centros.uepb.edu.br\/ccbsa\/files\/2021\/05\/WhatsApp-Image-2021-05-26-at-21.15.16.jpeg\" class=\"attachment-full size-full\" alt=\"\" srcset=\"https:\/\/centros.uepb.edu.br\/ccbsa\/files\/2021\/05\/WhatsApp-Image-2021-05-26-at-21.15.16.jpeg 960w, https:\/\/centros.uepb.edu.br\/ccbsa\/files\/2021\/05\/WhatsApp-Image-2021-05-26-at-21.15.16-225x300.jpeg 225w, https:\/\/centros.uepb.edu.br\/ccbsa\/files\/2021\/05\/WhatsApp-Image-2021-05-26-at-21.15.16-768x1024.jpeg 768w, https:\/\/centros.uepb.edu.br\/ccbsa\/files\/2021\/05\/WhatsApp-Image-2021-05-26-at-21.15.16-370x493.jpeg 370w, https:\/\/centros.uepb.edu.br\/ccbsa\/files\/2021\/05\/WhatsApp-Image-2021-05-26-at-21.15.16-840x1120.jpeg 840w\" sizes=\"auto, (max-width: 960px) 100vw, 960px\" \/><\/a>\n\t\t\t<\/dt><\/dl><br style=\"clear: both\" \/>\n\t\t<\/div>\n\n<p>O Projeto de Extens\u00e3o \u201cMobiliza\u00e7\u00e3o, Inclus\u00e3o e Forma\u00e7\u00e3o de Catadores(as) de Materiais Recicl\u00e1veis do Munic\u00edpio de Jo\u00e3o Pessoa\u201d, vinculado ao c\u00e2mpus V da Universidade Estadual da Para\u00edba (UEPB), recebeu, na manh\u00e3 desta quarta-feira (26), em solenidade na Esta\u00e7\u00e3o Ci\u00eancias e Artes, duas toneladas de alimentos da Prefeitura Municipal de Jo\u00e3o Pessoa (PMJP), atrav\u00e9s do Procon Solid\u00e1rio.<\/p>\n<p>Na oportunidade, a UEPB foi representada pela professora Martha Simone Amorim, consultora jur\u00eddica do Projeto de Extens\u00e3o, que assinou o Termo de Responsabilidade para a destina\u00e7\u00e3o dos alimentos n\u00e3o perec\u00edveis aos catadores vinculados ao projeto. Tamb\u00e9m estiveram presentes na solenidade o prefeito de Jo\u00e3o Pessoa, C\u00edcero Lucena, a primeira dama Laurem\u00edlia Lucena, o secret\u00e1rio do Procon JP Rougger Guerra, al\u00e9m de outras autoridades civis e religiosas.<\/p>\n<p>\u201cAgradecemos a solidariedade e a coopera\u00e7\u00e3o da PMJP, especialmente de Laurem\u00edlia Lucena, que se mostrou disposta a colaborar com os catadores. Nesse per\u00edodo em que a cata\u00e7\u00e3o diminuiu sistematicamente e uma grande parte dos catadores e catadoras est\u00e3o com dificuldades de trabalho, renda, moradia, alimenta\u00e7\u00e3o e sa\u00fade esse tipo de iniciativa \u00e9 imprescind\u00edvel\u201d, declara professora Martha Simone.<\/p>\n<p>Desde o in\u00edcio da pandemia o projeto da UEPB tem intensificado as a\u00e7\u00f5es de assist\u00eancia aos catadores que foram impactados de sobremaneira com as restri\u00e7\u00f5es de circula\u00e7\u00e3o impostas pela Covid-19. Neste sentido, foi lan\u00e7ada a Campanha SOS Catador que busca arrecadar alimentos, EPIs, que podem ser entregues no pr\u00e9dio do c\u00e2mpus de Jo\u00e3o Pessoa (Rua Hor\u00e1cio Trajano de Oliveira, Cristo) ou no pr\u00e9dio da Administra\u00e7\u00e3o Central da UEPB (Bairro Universit\u00e1rio, Campina Grande), e por meio de doa\u00e7\u00f5es financeiras pela plataforma (<a href=\"https:\/\/benfeitoria.com\/soscatador\">https:\/\/benfeitoria.com\/soscatador<\/a>). Mesmo com a significativa arrecada\u00e7\u00e3o de alimentos recente a a\u00e7\u00e3o prossegue, j\u00e1 que n\u00e3o h\u00e1 perspectiva de fim da pandemia e volta \u00e0 rotina de trabalho normal, sobretudo para grupos de catadores com comorbidades. Al\u00e9m disso, o grupo vulner\u00e1vel possui outras demandas que v\u00e3o al\u00e9m do alimento, como EPIs, medicamentos, dentre outras.<\/p>\n<p>Ap\u00f3s a solenidade, a PMJP encaminhou os ve\u00edculos com os alimentos para a sede do CCBSA, cujos t\u00e9cnicos far\u00e3o as entregas, junto \u00e0s cestas b\u00e1sicas j\u00e1 arrecadadas pelo projeto junto \u00e0 comunidade acad\u00eamica, nas cooperativas e associa\u00e7\u00f5es de catadores sob a supervis\u00e3o da coordenadora do projeto, professora Maria de F\u00e1tima Ara\u00fajo. A professora F\u00e1tima Ara\u00fajo destaca que uma vez que, segundo as autoridades sanit\u00e1rias, a chamada terceira onda da pandemia aparenta estar pr\u00f3xima, toda a cadeia produtiva est\u00e1 afetada, com poucas perspectivas de revers\u00e3o, o que enseja a\u00e7\u00f5es efetivas do projeto com a continuidade da campanha SOS Catador.<\/p>\n<p><em><strong>Texto:<\/strong> Juliana Marques<\/em><\/p>\n<p><em><strong>Fotos<\/strong>: Divulga\u00e7\u00e3o<\/em><\/p>\n<p>&nbsp;<\/p>\n<p>&nbsp;<\/p>\n","protected":false},"excerpt":{"rendered":"<p>O Projeto de Extens\u00e3o \u201cMobiliza\u00e7\u00e3o, Inclus\u00e3o e Forma\u00e7\u00e3o de Catadores(as) de Materiais Recicl\u00e1veis do Munic\u00edpio de Jo\u00e3o Pessoa\u201d, vinculado ao c\u00e2mpus V da Universidade Estadual da Para\u00edba (UEPB), recebeu, na manh\u00e3 desta quarta-feira (26), em solenidade na Esta\u00e7\u00e3o Ci\u00eancias e Artes, duas toneladas de alimentos da Prefeitura Municipal de Jo\u00e3o Pessoa (PMJP), atrav\u00e9s do Procon <a class=\"leiamais\" href=\"https:\/\/centros.uepb.edu.br\/ccbsa\/projeto-do-ccbsa-recebe-duas-toneladas-de-alimentos-que-serao-entregues-aos-catadores-de-reciclaveis\/\">Leia Mais&#8230;<\/a><\/p>\n","protected":false},"author":8,"featured_media":7585,"comment_status":"closed","ping_status":"closed","sticky":false,"template":"","format":"standard","meta":{"footnotes":""},"categories":[3,11],"tags":[],"class_list":["post-7629","post","type-post","status-publish","format-standard","has-post-thumbnail","hentry","category-noticias","category-noticias-destaque-img"],"jetpack_featured_media_url":"https:\/\/centros.uepb.edu.br\/ccbsa\/files\/2021\/04\/WhatsApp-Image-2021-04-28-at-14.36.07.jpg","_links":{"self":[{"href":"https:\/\/centros.uepb.edu.br\/ccbsa\/wp-json\/wp\/v2\/posts\/7629","targetHints":{"allow":["GET"]}}],"collection":[{"href":"https:\/\/centros.uepb.edu.br\/ccbsa\/wp-json\/wp\/v2\/posts"}],"about":[{"href":"https:\/\/centros.uepb.edu.br\/ccbsa\/wp-json\/wp\/v2\/types\/post"}],"author":[{"embeddable":true,"href":"https:\/\/centros.uepb.edu.br\/ccbsa\/wp-json\/wp\/v2\/users\/8"}],"replies":[{"embeddable":true,"href":"https:\/\/centros.uepb.edu.br\/ccbsa\/wp-json\/wp\/v2\/comments?post=7629"}],"version-history":[{"count":0,"href":"https:\/\/centros.uepb.edu.br\/ccbsa\/wp-json\/wp\/v2\/posts\/7629\/revisions"}],"wp:featuredmedia":[{"embeddable":true,"href":"https:\/\/centros.uepb.edu.br\/ccbsa\/wp-json\/wp\/v2\/media\/7585"}],"wp:attachment":[{"href":"https:\/\/centros.uepb.edu.br\/ccbsa\/wp-json\/wp\/v2\/media?parent=7629"}],"wp:term":[{"taxonomy":"category","embeddable":true,"href":"https:\/\/centros.uepb.edu.br\/ccbsa\/wp-json\/wp\/v2\/categories?post=7629"},{"taxonomy":"post_tag","embeddable":true,"href":"https:\/\/centros.uepb.edu.br\/ccbsa\/wp-json\/wp\/v2\/tags?post=7629"}],"curies":[{"name":"wp","href":"https:\/\/api.w.org\/{rel}","templated":true}]}}