{"id":7626,"date":"2021-05-24T21:57:05","date_gmt":"2021-05-24T21:57:05","guid":{"rendered":"https:\/\/centros.uepb.edu.br\/ccbsa\/?p=7626"},"modified":"2021-05-24T21:57:05","modified_gmt":"2021-05-24T21:57:05","slug":"projeto-de-assistencia-aos-catadores-promove-reuniao-com-mpf-para-apresentar-demandas","status":"publish","type":"post","link":"https:\/\/centros.uepb.edu.br\/ccbsa\/projeto-de-assistencia-aos-catadores-promove-reuniao-com-mpf-para-apresentar-demandas\/","title":{"rendered":"Projeto de assist\u00eancia aos catadores promove reuni\u00e3o com MPF para apresentar demandas"},"content":{"rendered":"<p><a href=\"https:\/\/centros.uepb.edu.br\/ccbsa\/files\/2021\/04\/WhatsApp-Image-2021-04-28-at-14.36.07.jpg\"><img loading=\"lazy\" decoding=\"async\" class=\"aligncenter size-full wp-image-7585 img-responsive\" src=\"https:\/\/centros.uepb.edu.br\/ccbsa\/files\/2021\/04\/WhatsApp-Image-2021-04-28-at-14.36.07.jpg\" alt=\"\" width=\"840\" height=\"454\" srcset=\"https:\/\/centros.uepb.edu.br\/ccbsa\/files\/2021\/04\/WhatsApp-Image-2021-04-28-at-14.36.07.jpg 840w, https:\/\/centros.uepb.edu.br\/ccbsa\/files\/2021\/04\/WhatsApp-Image-2021-04-28-at-14.36.07-300x162.jpg 300w, https:\/\/centros.uepb.edu.br\/ccbsa\/files\/2021\/04\/WhatsApp-Image-2021-04-28-at-14.36.07-768x415.jpg 768w, https:\/\/centros.uepb.edu.br\/ccbsa\/files\/2021\/04\/WhatsApp-Image-2021-04-28-at-14.36.07-370x200.jpg 370w\" sizes=\"auto, (max-width: 840px) 100vw, 840px\" \/><\/a><\/p>\n<p>Com o objetivo de apresentar as demandas da categoria e solicitar a intermedia\u00e7\u00e3o do Minist\u00e9rio P\u00fablico Federal (MPF) da Para\u00edba para encaminhar solu\u00e7\u00f5es, foi realizada na sexta-feira (21), uma reuni\u00e3o da equipe do projeto de extens\u00e3o \u201cMobiliza\u00e7\u00e3o, inclus\u00e3o e forma\u00e7\u00e3o de catadores\/as de materiais recicl\u00e1veis da cidade de Jo\u00e3o Pessoa: uma experi\u00eancia necess\u00e1ria\u201d, vinculado ao C\u00e2mpus V da Universidade Estadual da Para\u00edba (UEPB), com representantes do referido \u00f3rg\u00e3o e de cooperativas de catadores de Jo\u00e3o Pessoa.<\/p>\n<p>Participaram da reuni\u00e3o, a coordenadora do projeto da UEPB, professora Maria de F\u00e1tima Ara\u00fajo, o procurador da Rep\u00fablica na\u00a0Para\u00edba,\u00a0Jos\u00e9 Godoy\u00a0Bezerra, l\u00edderes dos empreendimentos ASTRAMARE, Santa Clara, S\u00e3o Rafael, Acordo Verde, Timb\u00f3, CATAJAMPA, Empasa\/Catalivre, Ascare JP, Ascamang\/Mangabeira, ACATAVALE, representantes dos catadores que integram grupos de risco, demais membros do projeto de extens\u00e3o e assessores do MPF.<\/p>\n<p>Na ocasi\u00e3o, os catadores apresentaram algumas dificuldades enfrentadas pela categoria relacionadas \u00e0 precariedade nas condi\u00e7\u00f5es de trabalho e moradia. O procurador do MPF Jos\u00e9 Godoy acolheu as demandas e realizou encaminhamentos no sentido de intermediar as solu\u00e7\u00f5es junto aos \u00f3rg\u00e3os envolvidos.<\/p>\n<p>\u201cA reuni\u00e3o foi bastante proveitosa! Foi apresentado ao MPF o panorama dos catadores que s\u00e3o acompanhados pelo projeto, as dificuldades e desafios enfrentados. Fiquei muito feliz com a reuni\u00e3o porque o Minist\u00e9rio P\u00fablico acatou as demandas e vai dar os devidos encaminhamentos para a Prefeitura, EMLUR, Secretaria de Desenvolvimento Humano, Defensoria P\u00fablica, para que seja resolvidas essas pend\u00eancias. Esse \u00e9 um dos objetivos do nosso projeto mobilizar a categoria e encaminhar os problemas\u201d, avalia a coordenadora do projeto de extens\u00e3o da UEPB, professora F\u00e1tima Ara\u00fajo.<\/p>\n<p><strong>Campanha SOS Catador<\/strong><\/p>\n<p>O projeto de extens\u00e3o \u201cMobiliza\u00e7\u00e3o, inclus\u00e3o e forma\u00e7\u00e3o de catadores\/as de materiais recicl\u00e1veis da cidade de Jo\u00e3o Pessoa: uma experi\u00eancia necess\u00e1ria\u201d, que atua desde 2013 junto a essa parcela da sociedade, est\u00e1 realizando uma campanha com o objetivo de prestar assist\u00eancia aos catadores e suas fam\u00edlias neste momento de dificuldades impostas pela pandemia de Covid-19.<\/p>\n<p>A coordena\u00e7\u00e3o do projeto est\u00e1 recebendo doa\u00e7\u00f5es de cestas b\u00e1sicas e equipamentos de prote\u00e7\u00e3o individual que devem ser deixados no pr\u00e9dio do c\u00e2mpus V, localizado \u00e0 Rua Hor\u00e1cio Trajano de Oliveira, Cristo, Jo\u00e3o Pessoa; e no hall do pr\u00e9dio da administra\u00e7\u00e3o central da UEPB, em Campina Grande. As doa\u00e7\u00f5es tamb\u00e9m podem ser feitas online por meio de uma plataforma de arrecada\u00e7\u00e3o (<a href=\"https:\/\/benfeitoria.com\/soscatador\">https:\/\/benfeitoria.com\/soscatador<\/a>).<\/p>\n<p><em><strong>Texto:<\/strong> Juliana Marques<\/em><\/p>\n","protected":false},"excerpt":{"rendered":"<p>Com o objetivo de apresentar as demandas da categoria e solicitar a intermedia\u00e7\u00e3o do Minist\u00e9rio P\u00fablico Federal (MPF) da Para\u00edba para encaminhar solu\u00e7\u00f5es, foi realizada na sexta-feira (21), uma reuni\u00e3o da equipe do projeto de extens\u00e3o \u201cMobiliza\u00e7\u00e3o, inclus\u00e3o e forma\u00e7\u00e3o de catadores\/as de materiais recicl\u00e1veis da cidade de Jo\u00e3o Pessoa: uma experi\u00eancia necess\u00e1ria\u201d, vinculado ao <a class=\"leiamais\" href=\"https:\/\/centros.uepb.edu.br\/ccbsa\/projeto-de-assistencia-aos-catadores-promove-reuniao-com-mpf-para-apresentar-demandas\/\">Leia Mais&#8230;<\/a><\/p>\n","protected":false},"author":8,"featured_media":7585,"comment_status":"closed","ping_status":"closed","sticky":false,"template":"","format":"standard","meta":{"footnotes":""},"categories":[3,11],"tags":[],"class_list":["post-7626","post","type-post","status-publish","format-standard","has-post-thumbnail","hentry","category-noticias","category-noticias-destaque-img"],"jetpack_featured_media_url":"https:\/\/centros.uepb.edu.br\/ccbsa\/files\/2021\/04\/WhatsApp-Image-2021-04-28-at-14.36.07.jpg","_links":{"self":[{"href":"https:\/\/centros.uepb.edu.br\/ccbsa\/wp-json\/wp\/v2\/posts\/7626","targetHints":{"allow":["GET"]}}],"collection":[{"href":"https:\/\/centros.uepb.edu.br\/ccbsa\/wp-json\/wp\/v2\/posts"}],"about":[{"href":"https:\/\/centros.uepb.edu.br\/ccbsa\/wp-json\/wp\/v2\/types\/post"}],"author":[{"embeddable":true,"href":"https:\/\/centros.uepb.edu.br\/ccbsa\/wp-json\/wp\/v2\/users\/8"}],"replies":[{"embeddable":true,"href":"https:\/\/centros.uepb.edu.br\/ccbsa\/wp-json\/wp\/v2\/comments?post=7626"}],"version-history":[{"count":0,"href":"https:\/\/centros.uepb.edu.br\/ccbsa\/wp-json\/wp\/v2\/posts\/7626\/revisions"}],"wp:featuredmedia":[{"embeddable":true,"href":"https:\/\/centros.uepb.edu.br\/ccbsa\/wp-json\/wp\/v2\/media\/7585"}],"wp:attachment":[{"href":"https:\/\/centros.uepb.edu.br\/ccbsa\/wp-json\/wp\/v2\/media?parent=7626"}],"wp:term":[{"taxonomy":"category","embeddable":true,"href":"https:\/\/centros.uepb.edu.br\/ccbsa\/wp-json\/wp\/v2\/categories?post=7626"},{"taxonomy":"post_tag","embeddable":true,"href":"https:\/\/centros.uepb.edu.br\/ccbsa\/wp-json\/wp\/v2\/tags?post=7626"}],"curies":[{"name":"wp","href":"https:\/\/api.w.org\/{rel}","templated":true}]}}