{"id":7623,"date":"2021-05-21T19:55:07","date_gmt":"2021-05-21T19:55:07","guid":{"rendered":"https:\/\/centros.uepb.edu.br\/ccbsa\/?p=7623"},"modified":"2021-05-21T19:55:07","modified_gmt":"2021-05-21T19:55:07","slug":"seminario-da-uepb-que-discutira-restauracao-ecossistemica-e-adaptacao-as-mudancas-climaticas-inscreve-ate-15-de-junho","status":"publish","type":"post","link":"https:\/\/centros.uepb.edu.br\/ccbsa\/seminario-da-uepb-que-discutira-restauracao-ecossistemica-e-adaptacao-as-mudancas-climaticas-inscreve-ate-15-de-junho\/","title":{"rendered":"Semin\u00e1rio da UEPB que discutir\u00e1 restaura\u00e7\u00e3o ecossist\u00eamica e adapta\u00e7\u00e3o \u00e0s mudan\u00e7as clim\u00e1ticas inscreve at\u00e9 15 de junho"},"content":{"rendered":"<p><a href=\"https:\/\/centros.uepb.edu.br\/ccbsa\/files\/2021\/05\/WhatsApp-Image-2021-05-21-at-16.31.28.jpeg\"><img loading=\"lazy\" decoding=\"async\" class=\"aligncenter size-full wp-image-7624 img-responsive\" src=\"https:\/\/centros.uepb.edu.br\/ccbsa\/files\/2021\/05\/WhatsApp-Image-2021-05-21-at-16.31.28.jpeg\" alt=\"\" width=\"840\" height=\"454\" srcset=\"https:\/\/centros.uepb.edu.br\/ccbsa\/files\/2021\/05\/WhatsApp-Image-2021-05-21-at-16.31.28.jpeg 840w, https:\/\/centros.uepb.edu.br\/ccbsa\/files\/2021\/05\/WhatsApp-Image-2021-05-21-at-16.31.28-300x162.jpeg 300w, https:\/\/centros.uepb.edu.br\/ccbsa\/files\/2021\/05\/WhatsApp-Image-2021-05-21-at-16.31.28-768x415.jpeg 768w, https:\/\/centros.uepb.edu.br\/ccbsa\/files\/2021\/05\/WhatsApp-Image-2021-05-21-at-16.31.28-370x200.jpeg 370w\" sizes=\"auto, (max-width: 840px) 100vw, 840px\" \/><\/a><\/p>\n<p>Confrontada por uma realidade de explora\u00e7\u00e3o dos recursos naturais, polui\u00e7\u00e3o e mudan\u00e7as clim\u00e1ticas que degradam e amea\u00e7am ecossistemas terrestres e aqu\u00e1ticos, a ci\u00eancia tem empreendido diversas iniciativas para contrapor esse cen\u00e1rio adverso e possibilitar \u00e0 sociedade reflex\u00f5es e ado\u00e7\u00e3o de novas formas de se relacionar com o meio ambiente. Neste sentido, o professor do curso de Ci\u00eancias Biol\u00f3gicas do c\u00e2mpus V da Universidade Estadual da Para\u00edba, Cleber Salimon promove, entre os dias 21 e 24 de junho, das 9 \u00e0s 12h, o semin\u00e1rio \u201cRestaura\u00e7\u00e3o Ecossist\u00eamica e adapta\u00e7\u00e3o \u00e0s mudan\u00e7as clim\u00e1ticas \u2013 experi\u00eancias na Amaz\u00f4nia, Mata Atl\u00e2ntica e Semi\u00e1rido\u201d.<\/p>\n<p>Financiado com recursos do edital N\u00ba 002\/2019 da Funda\u00e7\u00e3o de Apoio \u00e0 Pesquisa do Estado da Para\u00edba (FAPESQ-PB) destinado ao apoio na organiza\u00e7\u00e3o e realiza\u00e7\u00e3o de eventos cient\u00edficos, tecnol\u00f3gicos e de inova\u00e7\u00e3o, o Semin\u00e1rio busca apresentar um panorama sobre temas centrais na \u00e1rea de restaura\u00e7\u00e3o de ecossistemas, os servi\u00e7os prestados \u00e0 humanidade e os efeitos dos impactos antropog\u00eanicos (tanto na destrui\u00e7\u00e3o de habitats naturais, quanto nas mudan\u00e7as clim\u00e1ticas devido a emiss\u00e3o de gases de efeito estufa).<\/p>\n<p>A partir desse objetivo ser\u00e3o abordados os seguintes temas: a import\u00e2ncia e os desafios da conserva\u00e7\u00e3o e restaura\u00e7\u00e3o ecossist\u00eamica; desmatamento, governan\u00e7a, mitiga\u00e7\u00e3o e adapta\u00e7\u00e3o face \u00e0s mudan\u00e7as clim\u00e1ticas; desenvolvimento sustent\u00e1vel, mudan\u00e7as clim\u00e1ticas e desertifica\u00e7\u00e3o e gest\u00e3o de bacias, consumo e seguran\u00e7a h\u00eddrica. A programa\u00e7\u00e3o contemplar\u00e1 palestras e mesas de discuss\u00e3o realizadas remotamente com transmiss\u00e3o pelo <a href=\"https:\/\/www.youtube.com\/channel\/UCVRIdGWL9ZYCkBG8uVHg4FA\">canal do evento no YouTube<\/a>.<\/p>\n<p>Al\u00e9m da UEPB participam do evento o Centro Nacional de Monitoramento e Alertas de Desastres Naturais, Instituto Nacional de Pesquisas Espaciais, Instituto Nacional do Semi\u00e1rido, The Woods Whole Research Center, Universidade Federal do Acre, Universidade Federal de Campina Grande, Universidade Estadual de Londrina, Universidade Federal de Pernambuco\/ Funda\u00e7\u00e3o Joaquim Nabuco e Universidade Federal de Sergipe.<\/p>\n<p>Para participar do Semin\u00e1rio \u00e9 necess\u00e1rio realizar a inscri\u00e7\u00e3o at\u00e9 o dia 15 de junho via <a href=\"https:\/\/docs.google.com\/forms\/d\/e\/1FAIpQLScLvTTIpW8Q6gducJlF4F-3EZZz-P85wFJOwelXOMxVnmiPyw\/viewform\">formul\u00e1rio eletr\u00f4nico<\/a>.<\/p>\n<p>&nbsp;<\/p>\n<p>Outras informa\u00e7\u00f5es: <a href=\"mailto:readapt@evento.uepb.edu.br\">readapt@evento.uepb.edu.br<\/a><\/p>\n<p>Acesse a programa\u00e7\u00e3o completa <a href=\"https:\/\/sites.google.com\/view\/readapt-uepb\/programa%C3%A7%C3%A3o-do-evento?authuser=0\">aqui<\/a>.<\/p>\n<p>&nbsp;<\/p>\n<p>&nbsp;<\/p>\n","protected":false},"excerpt":{"rendered":"<p>Confrontada por uma realidade de explora\u00e7\u00e3o dos recursos naturais, polui\u00e7\u00e3o e mudan\u00e7as clim\u00e1ticas que degradam e amea\u00e7am ecossistemas terrestres e aqu\u00e1ticos, a ci\u00eancia tem empreendido diversas iniciativas para contrapor esse cen\u00e1rio adverso e possibilitar \u00e0 sociedade reflex\u00f5es e ado\u00e7\u00e3o de novas formas de se relacionar com o meio ambiente. Neste sentido, o professor do curso <a class=\"leiamais\" href=\"https:\/\/centros.uepb.edu.br\/ccbsa\/seminario-da-uepb-que-discutira-restauracao-ecossistemica-e-adaptacao-as-mudancas-climaticas-inscreve-ate-15-de-junho\/\">Leia Mais&#8230;<\/a><\/p>\n","protected":false},"author":8,"featured_media":7624,"comment_status":"closed","ping_status":"closed","sticky":false,"template":"","format":"standard","meta":{"footnotes":""},"categories":[3,11],"tags":[],"class_list":["post-7623","post","type-post","status-publish","format-standard","has-post-thumbnail","hentry","category-noticias","category-noticias-destaque-img"],"jetpack_featured_media_url":"https:\/\/centros.uepb.edu.br\/ccbsa\/files\/2021\/05\/WhatsApp-Image-2021-05-21-at-16.31.28.jpeg","_links":{"self":[{"href":"https:\/\/centros.uepb.edu.br\/ccbsa\/wp-json\/wp\/v2\/posts\/7623","targetHints":{"allow":["GET"]}}],"collection":[{"href":"https:\/\/centros.uepb.edu.br\/ccbsa\/wp-json\/wp\/v2\/posts"}],"about":[{"href":"https:\/\/centros.uepb.edu.br\/ccbsa\/wp-json\/wp\/v2\/types\/post"}],"author":[{"embeddable":true,"href":"https:\/\/centros.uepb.edu.br\/ccbsa\/wp-json\/wp\/v2\/users\/8"}],"replies":[{"embeddable":true,"href":"https:\/\/centros.uepb.edu.br\/ccbsa\/wp-json\/wp\/v2\/comments?post=7623"}],"version-history":[{"count":0,"href":"https:\/\/centros.uepb.edu.br\/ccbsa\/wp-json\/wp\/v2\/posts\/7623\/revisions"}],"wp:featuredmedia":[{"embeddable":true,"href":"https:\/\/centros.uepb.edu.br\/ccbsa\/wp-json\/wp\/v2\/media\/7624"}],"wp:attachment":[{"href":"https:\/\/centros.uepb.edu.br\/ccbsa\/wp-json\/wp\/v2\/media?parent=7623"}],"wp:term":[{"taxonomy":"category","embeddable":true,"href":"https:\/\/centros.uepb.edu.br\/ccbsa\/wp-json\/wp\/v2\/categories?post=7623"},{"taxonomy":"post_tag","embeddable":true,"href":"https:\/\/centros.uepb.edu.br\/ccbsa\/wp-json\/wp\/v2\/tags?post=7623"}],"curies":[{"name":"wp","href":"https:\/\/api.w.org\/{rel}","templated":true}]}}