{"id":7610,"date":"2021-05-08T00:09:24","date_gmt":"2021-05-08T00:09:24","guid":{"rendered":"https:\/\/centros.uepb.edu.br\/ccbsa\/?p=7610"},"modified":"2021-05-08T00:09:24","modified_gmt":"2021-05-08T00:09:24","slug":"farpas-2021-e-realizado-remotamente-com-apresentacoes-artisticas-e-reflexoes-que-resgatam-clima-caloroso-do-evento-presencial","status":"publish","type":"post","link":"https:\/\/centros.uepb.edu.br\/ccbsa\/farpas-2021-e-realizado-remotamente-com-apresentacoes-artisticas-e-reflexoes-que-resgatam-clima-caloroso-do-evento-presencial\/","title":{"rendered":"Farpas 2021 \u00e9 realizado remotamente com apresenta\u00e7\u00f5es art\u00edsticas e reflex\u00f5es que resgatam clima caloroso do evento presencial"},"content":{"rendered":"\n\t\t<style type=\"text\/css\">\n\t\t\t#gallery-1 {\n\t\t\t\tmargin: auto;\n\t\t\t}\n\t\t\t#gallery-1 .gallery-item {\n\t\t\t\tfloat: left;\n\t\t\t\tmargin-top: 10px;\n\t\t\t\ttext-align: center;\n\t\t\t\twidth: 33%;\n\t\t\t}\n\t\t\t#gallery-1 img {\n\t\t\t\tborder: 2px solid #cfcfcf;\n\t\t\t}\n\t\t\t#gallery-1 .gallery-caption {\n\t\t\t\tmargin-left: 0;\n\t\t\t}\n\t\t\t\/* see gallery_shortcode() in wp-includes\/media.php *\/\n\t\t<\/style>\n\t\t<div id='gallery-1' class='gallery galleryid-7610 gallery-columns-3 gallery-size-full'><dl class='gallery-item'>\n\t\t\t<dt class='gallery-icon landscape'>\n\t\t\t\t<a href='https:\/\/centros.uepb.edu.br\/ccbsa\/files\/2021\/05\/capa-farpas-1.png'><img loading=\"lazy\" decoding=\"async\" width=\"840\" height=\"454\" src=\"https:\/\/centros.uepb.edu.br\/ccbsa\/files\/2021\/05\/capa-farpas-1.png\" class=\"attachment-full size-full\" alt=\"\" srcset=\"https:\/\/centros.uepb.edu.br\/ccbsa\/files\/2021\/05\/capa-farpas-1.png 840w, https:\/\/centros.uepb.edu.br\/ccbsa\/files\/2021\/05\/capa-farpas-1-300x162.png 300w, https:\/\/centros.uepb.edu.br\/ccbsa\/files\/2021\/05\/capa-farpas-1-768x415.png 768w, https:\/\/centros.uepb.edu.br\/ccbsa\/files\/2021\/05\/capa-farpas-1-370x200.png 370w\" sizes=\"auto, (max-width: 840px) 100vw, 840px\" \/><\/a>\n\t\t\t<\/dt><\/dl><dl class='gallery-item'>\n\t\t\t<dt class='gallery-icon landscape'>\n\t\t\t\t<a href='https:\/\/centros.uepb.edu.br\/ccbsa\/files\/2021\/05\/farpas1.png'><img loading=\"lazy\" decoding=\"async\" width=\"840\" height=\"634\" src=\"https:\/\/centros.uepb.edu.br\/ccbsa\/files\/2021\/05\/farpas1.png\" class=\"attachment-full size-full\" alt=\"\" srcset=\"https:\/\/centros.uepb.edu.br\/ccbsa\/files\/2021\/05\/farpas1.png 840w, https:\/\/centros.uepb.edu.br\/ccbsa\/files\/2021\/05\/farpas1-300x226.png 300w, https:\/\/centros.uepb.edu.br\/ccbsa\/files\/2021\/05\/farpas1-768x580.png 768w, https:\/\/centros.uepb.edu.br\/ccbsa\/files\/2021\/05\/farpas1-370x279.png 370w\" sizes=\"auto, (max-width: 840px) 100vw, 840px\" \/><\/a>\n\t\t\t<\/dt><\/dl><dl class='gallery-item'>\n\t\t\t<dt class='gallery-icon landscape'>\n\t\t\t\t<a href='https:\/\/centros.uepb.edu.br\/ccbsa\/files\/2021\/05\/farpas3.png'><img loading=\"lazy\" decoding=\"async\" width=\"840\" height=\"632\" src=\"https:\/\/centros.uepb.edu.br\/ccbsa\/files\/2021\/05\/farpas3.png\" class=\"attachment-full size-full\" alt=\"\" srcset=\"https:\/\/centros.uepb.edu.br\/ccbsa\/files\/2021\/05\/farpas3.png 840w, https:\/\/centros.uepb.edu.br\/ccbsa\/files\/2021\/05\/farpas3-300x226.png 300w, https:\/\/centros.uepb.edu.br\/ccbsa\/files\/2021\/05\/farpas3-768x578.png 768w, https:\/\/centros.uepb.edu.br\/ccbsa\/files\/2021\/05\/farpas3-370x278.png 370w\" sizes=\"auto, (max-width: 840px) 100vw, 840px\" \/><\/a>\n\t\t\t<\/dt><\/dl><br style=\"clear: both\" \/><dl class='gallery-item'>\n\t\t\t<dt class='gallery-icon landscape'>\n\t\t\t\t<a href='https:\/\/centros.uepb.edu.br\/ccbsa\/files\/2021\/05\/farpas4.png'><img loading=\"lazy\" decoding=\"async\" width=\"840\" height=\"615\" src=\"https:\/\/centros.uepb.edu.br\/ccbsa\/files\/2021\/05\/farpas4.png\" class=\"attachment-full size-full\" alt=\"\" srcset=\"https:\/\/centros.uepb.edu.br\/ccbsa\/files\/2021\/05\/farpas4.png 840w, https:\/\/centros.uepb.edu.br\/ccbsa\/files\/2021\/05\/farpas4-300x220.png 300w, https:\/\/centros.uepb.edu.br\/ccbsa\/files\/2021\/05\/farpas4-768x562.png 768w, https:\/\/centros.uepb.edu.br\/ccbsa\/files\/2021\/05\/farpas4-370x271.png 370w\" sizes=\"auto, (max-width: 840px) 100vw, 840px\" \/><\/a>\n\t\t\t<\/dt><\/dl><dl class='gallery-item'>\n\t\t\t<dt class='gallery-icon landscape'>\n\t\t\t\t<a href='https:\/\/centros.uepb.edu.br\/ccbsa\/files\/2021\/05\/farpas5.png'><img loading=\"lazy\" decoding=\"async\" width=\"840\" height=\"615\" src=\"https:\/\/centros.uepb.edu.br\/ccbsa\/files\/2021\/05\/farpas5.png\" class=\"attachment-full size-full\" alt=\"\" srcset=\"https:\/\/centros.uepb.edu.br\/ccbsa\/files\/2021\/05\/farpas5.png 840w, https:\/\/centros.uepb.edu.br\/ccbsa\/files\/2021\/05\/farpas5-300x220.png 300w, https:\/\/centros.uepb.edu.br\/ccbsa\/files\/2021\/05\/farpas5-768x562.png 768w, https:\/\/centros.uepb.edu.br\/ccbsa\/files\/2021\/05\/farpas5-370x271.png 370w\" sizes=\"auto, (max-width: 840px) 100vw, 840px\" \/><\/a>\n\t\t\t<\/dt><\/dl><dl class='gallery-item'>\n\t\t\t<dt class='gallery-icon landscape'>\n\t\t\t\t<a href='https:\/\/centros.uepb.edu.br\/ccbsa\/files\/2021\/05\/farpas6.png'><img loading=\"lazy\" decoding=\"async\" width=\"840\" height=\"616\" src=\"https:\/\/centros.uepb.edu.br\/ccbsa\/files\/2021\/05\/farpas6.png\" class=\"attachment-full size-full\" alt=\"\" srcset=\"https:\/\/centros.uepb.edu.br\/ccbsa\/files\/2021\/05\/farpas6.png 840w, https:\/\/centros.uepb.edu.br\/ccbsa\/files\/2021\/05\/farpas6-300x220.png 300w, https:\/\/centros.uepb.edu.br\/ccbsa\/files\/2021\/05\/farpas6-768x563.png 768w, https:\/\/centros.uepb.edu.br\/ccbsa\/files\/2021\/05\/farpas6-370x271.png 370w\" sizes=\"auto, (max-width: 840px) 100vw, 840px\" \/><\/a>\n\t\t\t<\/dt><\/dl><br style=\"clear: both\" \/>\n\t\t<\/div>\n\n<p>&#8220;Conhe\u00e7a todas as teorias, domine todas as t\u00e9cnicas, mas ao tocar uma alma humana, seja apenas outra alma humana&#8221;, se uma frase fosse utilizadas para definir esta edi\u00e7\u00e3o do Festival de Artes e Participa\u00e7\u00e3o Social (Farpas) da Universidade Estadual da Para\u00edba (UEPB) certamente o pensamento do psiquiatra Carl Jung exemplificaria bem a alma deste evento, que \u00e9 realizado desde 2017, mas, apenas em 2020 e 2021, em decorr\u00eancias das restri\u00e7\u00f5es impostas pela Covid-19 teve de se reinventar e ser realizado remotamente. Embora promovido no ambiente acad\u00eamico, muito al\u00e9m de conte\u00fado te\u00f3rico o evento busca tocar cabe\u00e7as e cora\u00e7\u00f5es, por meio da arte, para tem\u00e1ticas sociais, pol\u00edticas e culturais urgentes e necess\u00e1rias.<\/p>\n<p>Conhecido pelo clima caloroso que preenche os corredores do c\u00e2mpus V com m\u00fasica, poesia, rodas de conversa, reflex\u00f5es diversas, este ano o Farpas foi realizado com uma programa\u00e7\u00e3o, transmitida pelo <a href=\"https:\/\/www.youtube.com\/watch?v=2FumIfd4DLk\">canal do Projeto SESA<\/a>, relacionada \u00e0 tem\u00e1tica \u201cVacina contra a ignor\u00e2ncia\u201d. Apresentado pelos organizadores do evento, professora Suerde Brito e professor Henrique Fran\u00e7a, o evento contou com a participa\u00e7\u00e3o ativa da comunidade acad\u00eamica assistindo a programa\u00e7\u00e3o em tempo real e dialogando no chat resgatando um pouco da atmosfera de afeto e acolhida que emanam durante o evento.\u00a0 Em quatro blocos, que a comiss\u00e3o organizadora do evento chamou de quatro doses da vacina contra a ignor\u00e2ncia: conhecer, (auto)cuidar, esperan\u00e7ar e (re)existir, foram apresentados clipes musicais de Myra Maya, Nathalia Bellar, Socorro Lira, DigZin, Banda Cabur\u00e9, al\u00e9m de charges de R\u00e9gis Soares e uma esquete de humor com Mancada Obom.<\/p>\n<p>Na oportunidade a mestre em comunica\u00e7\u00e3o e entusiasta da filosofia budista e da psican\u00e1lise Kalyne Vieira apresentou algumas reflex\u00f5es sobre a import\u00e2ncia do conhecer, da toler\u00e2ncia e do respeito ao pr\u00f3ximo. &#8220;N\u00f3s somos seres de rela\u00e7\u00e3o, \u00e9 imposs\u00edvel viver sem o outro. Ent\u00e3o, precisamos entender que,\u00a0quando minha opini\u00e3o pode afetar negativamente as outras pessoas e a comunidade em que eu vivo, precisamos refletir se \u00e9 s\u00f3 quest\u00e3o de opini\u00e3o mesmo. \u00c9 imposs\u00edvel desconsiderar o outro em nossas escolhas e, apesar das diferen\u00e7as, a vida humana deve ser preservada e cuidada. E se a gente n\u00e3o sabe como preservar a vida, precisamos eleger alguns mediadores que nos ajudem a fazer isso&#8221;, reflete Kalyne.<\/p>\n<p>A psic\u00f3loga e mestre em Ci\u00eancias da Educa\u00e7\u00e3o In\u00eas Cavalcante Mendes deu prosseguimento \u00e0s reflex\u00f5es com uma apresenta\u00e7\u00e3o centrada no autocuidado. &#8220;Hoje, diante de tudo que estamos vivenciando estamos inseguros, em situa\u00e7\u00e3o de ansiedade e o fato \u00e9 que n\u00f3s estamos muito mais suscet\u00edveis \u00e0 problemas de sa\u00fade n\u00e3o apenas f\u00edsicos, mas, mentais. Neste sentido, precisamos entender a import\u00e2ncia de cuidarmos desses dois aspectos, porque quando a gente cuida de si a gente se habilita a, de maneira respons\u00e1vel, cuidar do outro. A amar o outro da maneira que ele precisa. Nesse momento de tantas polariza\u00e7\u00f5es, discuss\u00f5es acaloradas, devemos praticar o autocuidado e entender que ele n\u00e3o \u00e9 um processo unilateral pois, reverbera no outro. Para fazer desses tempos suport\u00e1veis, mais leves, precisamos at\u00e9 como forma de esperan\u00e7a, praticar o autocuidado. Pensarmos sobre o que podemos melhorar para chegar no cora\u00e7\u00e3o do outro&#8221;, reflete.<\/p>\n<p>Na sequ\u00eancia a psic\u00f3loga Josev\u00e2nia da Silva relembrou a participa\u00e7\u00e3o nas edi\u00e7\u00f5es anteriores do Farpas e apresentou reflex\u00f5es sobre a necessidade de esperan\u00e7ar em tempos t\u00e3o adversos. &#8220;Falar de esperan\u00e7a, n\u00e3o \u00e9 abstrair da realidade. Em meio a tantas desesperan\u00e7as, em meio a tanto sofrimento, \u00e9 falar de resist\u00eancia. Que possamos, conforme o que diz Paulo Freire, esperan\u00e7ar no sentido de construir um novo lugar poss\u00edvel, de solidariedade, de justi\u00e7a, de partilha. Que possamos entender que n\u00e3o estamos s\u00f3s, seguindo rumo \u00e0 reinven\u00e7\u00e3o da nossa exist\u00eancia&#8221;, avalia.<\/p>\n<p>Ao cantar &#8220;Amar demais at\u00e9 parece mal, mas, nenhum outro mal me faz t\u00e3o bem&#8221;, e outras m\u00fasicas o cantor e compositor Adeildo Vieira apresentou algumas reflex\u00f5es sobre o tempo presente e sobre o futuro. &#8220;Resistir e (re)existir, precisamos entender a import\u00e2ncia desses dois verbos. Resist\u00eancia, que aqui apresentamos na perspectiva da express\u00e3o do pensamento e da arte para trazer reflex\u00f5es profundas. E pensar como reexistir depois da pandemia, com mais 400 mil fam\u00edlias enlutadas, com tantas perdas. S\u00f3 a solidariedade pode nos retirar desse abismo. N\u00e3o \u00e9 o movimento de \u00f3dio que vai vencer&#8221;, destacou Adeildo.<\/p>\n<p>Entre uma fala e outra foi realizada a divulga\u00e7\u00e3o da campanha de arrecada\u00e7\u00e3o voltada aos catadores do Projeto de Extens\u00e3o do Campus V \u2013 UEPB atrav\u00e9s da campanha SOS Catadores (<a href=\"https:\/\/benfeitoria.com\/soscatador\">https:\/\/benfeitoria.com\/soscatador<\/a>). A abertura do evento tamb\u00e9m contou com uma homenagem a algumas v\u00edtimas de Covid com a proje\u00e7\u00e3o de nomes de pessoas que morreram de Covid-19 enviados por membros da comunidade acad\u00eamica.<\/p>\n<p>O FARPAS \u00e9 uma a\u00e7\u00e3o do projeto \u201cMem\u00f3ria, sociedade e cidadania (MUDDE): reflex\u00f5es para al\u00e9m dos muros acad\u00eamicos\u201d, cadastrado junto \u00e0 Pro-Reitoria de Extens\u00e3o da UEPB como parte do Programa \u201cSemin\u00e1rio de Saberes Arquiv\u00edsticos: tecnologia, inova\u00e7\u00e3o e pr\u00e1ticas (SESA)\u201d do C\u00e2mpus V da UEPB. Tradicionalmente o evento agrega, desde 2017, um p\u00fablico diversificado em torno de uma vasta programa\u00e7\u00e3o que, por meio da m\u00fasica, grafite, rodas de di\u00e1logo, oficinas, exibi\u00e7\u00f5es de filmes, entre outras a\u00e7\u00f5es, discute tem\u00e1ticas emergentes e urgentes de acordo com o contexto social do per\u00edodo de realiza\u00e7\u00e3o do evento.<\/p>\n<p><em><strong>Texto:<\/strong>\u00a0Juliana Marques<\/em><\/p>\n","protected":false},"excerpt":{"rendered":"<p>&#8220;Conhe\u00e7a todas as teorias, domine todas as t\u00e9cnicas, mas ao tocar uma alma humana, seja apenas outra alma humana&#8221;, se uma frase fosse utilizadas para definir esta edi\u00e7\u00e3o do Festival de Artes e Participa\u00e7\u00e3o Social (Farpas) da Universidade Estadual da Para\u00edba (UEPB) certamente o pensamento do psiquiatra Carl Jung exemplificaria bem a alma deste evento, <a class=\"leiamais\" href=\"https:\/\/centros.uepb.edu.br\/ccbsa\/farpas-2021-e-realizado-remotamente-com-apresentacoes-artisticas-e-reflexoes-que-resgatam-clima-caloroso-do-evento-presencial\/\">Leia Mais&#8230;<\/a><\/p>\n","protected":false},"author":8,"featured_media":7611,"comment_status":"closed","ping_status":"closed","sticky":false,"template":"","format":"standard","meta":{"footnotes":""},"categories":[3,11],"tags":[],"class_list":["post-7610","post","type-post","status-publish","format-standard","has-post-thumbnail","hentry","category-noticias","category-noticias-destaque-img"],"jetpack_featured_media_url":"https:\/\/centros.uepb.edu.br\/ccbsa\/files\/2021\/05\/capa-farpas.png","_links":{"self":[{"href":"https:\/\/centros.uepb.edu.br\/ccbsa\/wp-json\/wp\/v2\/posts\/7610","targetHints":{"allow":["GET"]}}],"collection":[{"href":"https:\/\/centros.uepb.edu.br\/ccbsa\/wp-json\/wp\/v2\/posts"}],"about":[{"href":"https:\/\/centros.uepb.edu.br\/ccbsa\/wp-json\/wp\/v2\/types\/post"}],"author":[{"embeddable":true,"href":"https:\/\/centros.uepb.edu.br\/ccbsa\/wp-json\/wp\/v2\/users\/8"}],"replies":[{"embeddable":true,"href":"https:\/\/centros.uepb.edu.br\/ccbsa\/wp-json\/wp\/v2\/comments?post=7610"}],"version-history":[{"count":0,"href":"https:\/\/centros.uepb.edu.br\/ccbsa\/wp-json\/wp\/v2\/posts\/7610\/revisions"}],"wp:featuredmedia":[{"embeddable":true,"href":"https:\/\/centros.uepb.edu.br\/ccbsa\/wp-json\/wp\/v2\/media\/7611"}],"wp:attachment":[{"href":"https:\/\/centros.uepb.edu.br\/ccbsa\/wp-json\/wp\/v2\/media?parent=7610"}],"wp:term":[{"taxonomy":"category","embeddable":true,"href":"https:\/\/centros.uepb.edu.br\/ccbsa\/wp-json\/wp\/v2\/categories?post=7610"},{"taxonomy":"post_tag","embeddable":true,"href":"https:\/\/centros.uepb.edu.br\/ccbsa\/wp-json\/wp\/v2\/tags?post=7610"}],"curies":[{"name":"wp","href":"https:\/\/api.w.org\/{rel}","templated":true}]}}