{"id":761,"date":"2013-08-21T20:09:48","date_gmt":"2013-08-21T20:09:48","guid":{"rendered":"\/ccbsa\/?p=761"},"modified":"2013-08-21T20:09:48","modified_gmt":"2013-08-21T20:09:48","slug":"direcao-informa-sobre-funcionamento-do-ccbsa-durante-as-festividades-do-7-aniversario-do-campus","status":"publish","type":"post","link":"https:\/\/centros.uepb.edu.br\/ccbsa\/direcao-informa-sobre-funcionamento-do-ccbsa-durante-as-festividades-do-7-aniversario-do-campus\/","title":{"rendered":"Dire\u00e7\u00e3o informa sobre funcionamento do CCBSA durante as festividades do 7\u00b0 Anivers\u00e1rio do Campus"},"content":{"rendered":"<p><em><strong>Prezada comunidade acad\u00eamica do Campus V,<\/strong><\/em><\/p>\n<p><em>Tendo em vista a aproxima\u00e7\u00e3o das atividades que integram a programa\u00e7\u00e3o do 7\u00ba anivers\u00e1rio do Campus V da Universidade Estadual da Para\u00edba, programadas para acontecer nos dias 27 (turno noturno) e 28 de agosto (tr\u00eas turnos), nas depend\u00eancias do CCBSA.<\/em><\/p>\n<p><em>Informamos que: conforme decis\u00e3o da 23\u00b0 Reuni\u00e3o Ordin\u00e1ria do Conselho de Centro (COC), todas as atividades acad\u00eamico-administrativas do Campus V ficar\u00e3o suspensas nesses dias e hor\u00e1rios permitindo assim que todos representantes, dos tr\u00eas segmentos universit\u00e1rios possam, pelo menos durante seus respectivos hor\u00e1rios de trabalho e estudo, participar das atividades comemorativas programadas.<\/em><\/p>\n<p><em>Cabe aqui salientar que n\u00e3o se trata de ponto facultativo e\/ou feriado, e que corpo docente e t\u00e9cnico-administrativo dever\u00e1 al\u00e9m de priorizar a participa\u00e7\u00e3o nas atividades programadas, dar plenas condi\u00e7\u00f5es para que os estudantes interessados em participar das atividades cient\u00edficas e\/ou culturais possam assim faz\u00ea-las sem nenhum tipo de preju\u00edzo.<\/em><\/p>\n<p><em>A Dire\u00e7\u00e3o agrade\u00e7e a compreens\u00e3o de todos e deseja uma boa comemora\u00e7\u00e3o!<\/em><\/p>\n","protected":false},"excerpt":{"rendered":"<p>Prezada comunidade acad\u00eamica do Campus V, Tendo em vista a aproxima\u00e7\u00e3o das atividades que integram a programa\u00e7\u00e3o do 7\u00ba anivers\u00e1rio do Campus V da Universidade Estadual da Para\u00edba, programadas para acontecer nos dias 27 (turno noturno) e 28 de agosto (tr\u00eas turnos), nas depend\u00eancias do CCBSA. Informamos que: conforme decis\u00e3o da 23\u00b0 Reuni\u00e3o Ordin\u00e1ria do <a class=\"leiamais\" href=\"https:\/\/centros.uepb.edu.br\/ccbsa\/direcao-informa-sobre-funcionamento-do-ccbsa-durante-as-festividades-do-7-aniversario-do-campus\/\">Leia Mais&#8230;<\/a><\/p>\n","protected":false},"author":8,"featured_media":0,"comment_status":"open","ping_status":"open","sticky":false,"template":"","format":"standard","meta":{"footnotes":""},"categories":[3,5],"tags":[],"class_list":["post-761","post","type-post","status-publish","format-standard","hentry","category-noticias","category-visiveis"],"jetpack_featured_media_url":"","_links":{"self":[{"href":"https:\/\/centros.uepb.edu.br\/ccbsa\/wp-json\/wp\/v2\/posts\/761","targetHints":{"allow":["GET"]}}],"collection":[{"href":"https:\/\/centros.uepb.edu.br\/ccbsa\/wp-json\/wp\/v2\/posts"}],"about":[{"href":"https:\/\/centros.uepb.edu.br\/ccbsa\/wp-json\/wp\/v2\/types\/post"}],"author":[{"embeddable":true,"href":"https:\/\/centros.uepb.edu.br\/ccbsa\/wp-json\/wp\/v2\/users\/8"}],"replies":[{"embeddable":true,"href":"https:\/\/centros.uepb.edu.br\/ccbsa\/wp-json\/wp\/v2\/comments?post=761"}],"version-history":[{"count":0,"href":"https:\/\/centros.uepb.edu.br\/ccbsa\/wp-json\/wp\/v2\/posts\/761\/revisions"}],"wp:attachment":[{"href":"https:\/\/centros.uepb.edu.br\/ccbsa\/wp-json\/wp\/v2\/media?parent=761"}],"wp:term":[{"taxonomy":"category","embeddable":true,"href":"https:\/\/centros.uepb.edu.br\/ccbsa\/wp-json\/wp\/v2\/categories?post=761"},{"taxonomy":"post_tag","embeddable":true,"href":"https:\/\/centros.uepb.edu.br\/ccbsa\/wp-json\/wp\/v2\/tags?post=761"}],"curies":[{"name":"wp","href":"https:\/\/api.w.org\/{rel}","templated":true}]}}