{"id":7597,"date":"2021-05-05T13:40:27","date_gmt":"2021-05-05T13:40:27","guid":{"rendered":"https:\/\/centros.uepb.edu.br\/ccbsa\/?p=7597"},"modified":"2021-05-06T11:08:34","modified_gmt":"2021-05-06T11:08:34","slug":"egressos-de-relacoes-internacionais-da-uepb-apresentam-trajetorias-de-conquistas-no-exterior","status":"publish","type":"post","link":"https:\/\/centros.uepb.edu.br\/ccbsa\/egressos-de-relacoes-internacionais-da-uepb-apresentam-trajetorias-de-conquistas-no-exterior\/","title":{"rendered":"Egressos de Rela\u00e7\u00f5es Internacionais da UEPB apresentam trajet\u00f3rias de conquistas no exterior"},"content":{"rendered":"<p><a href=\"https:\/\/centros.uepb.edu.br\/ccbsa\/files\/2021\/05\/WhatsApp-Image-2021-05-03-at-11.53.58.png\"><img loading=\"lazy\" decoding=\"async\" class=\"aligncenter size-full wp-image-7598 img-responsive\" src=\"https:\/\/centros.uepb.edu.br\/ccbsa\/files\/2021\/05\/WhatsApp-Image-2021-05-03-at-11.53.58.png\" alt=\"\" width=\"840\" height=\"454\" srcset=\"https:\/\/centros.uepb.edu.br\/ccbsa\/files\/2021\/05\/WhatsApp-Image-2021-05-03-at-11.53.58.png 840w, https:\/\/centros.uepb.edu.br\/ccbsa\/files\/2021\/05\/WhatsApp-Image-2021-05-03-at-11.53.58-300x162.png 300w, https:\/\/centros.uepb.edu.br\/ccbsa\/files\/2021\/05\/WhatsApp-Image-2021-05-03-at-11.53.58-768x415.png 768w, https:\/\/centros.uepb.edu.br\/ccbsa\/files\/2021\/05\/WhatsApp-Image-2021-05-03-at-11.53.58-370x200.png 370w\" sizes=\"auto, (max-width: 840px) 100vw, 840px\" \/><\/a><\/p>\n<p>Contribuir com a constru\u00e7\u00e3o de rela\u00e7\u00f5es de coopera\u00e7\u00e3o e paz entre os pa\u00edses, desenvolver habilidades de negocia\u00e7\u00e3o e comunica\u00e7\u00e3o, aprimorar o conhecimento de novas culturas e idiomas, vivenciar a pol\u00edtica num \u00e2mbito global, s\u00e3o muitas as atribui\u00e7\u00f5es que comp\u00f5em o perfil do internacionalista e que servem de inspira\u00e7\u00e3o para quem aspira desenvolver trajet\u00f3rias de sucesso na \u00e1rea.<\/p>\n<p>No \u00e2mbito da gradua\u00e7\u00e3o e da p\u00f3s-gradua\u00e7\u00e3o em Rela\u00e7\u00f5es Internacionais da Universidade Estadual da Para\u00edba (UEPB), desde o in\u00edcio das atividades dos referidos cursos, em 2006, no caso da gradua\u00e7\u00e3o, e em 2009, no mestrado, s\u00e3o v\u00e1rios os casos de egressos que, a partir do conhecimento adquirido nas forma\u00e7\u00f5es acad\u00eamicas e direcionados pelas atribui\u00e7\u00f5es profissionais da \u00e1rea, trilham caminhos de supera\u00e7\u00e3o e vit\u00f3rias.<\/p>\n<p>Esta \u00e9 a realidade dos egressos da gradua\u00e7\u00e3o, Rafael Oliveira Andrade e Larissa Ponce Leon, e do egresso da p\u00f3s-gradua\u00e7\u00e3o Valter \u00c2ngelo da Silva J\u00fanior, que, ap\u00f3s conclu\u00edrem os cursos na UEPB, deram continuidade \u00e0 forma\u00e7\u00e3o acad\u00eamica no exterior e seguem realizando sonhos constru\u00eddos a partir da dedica\u00e7\u00e3o, trabalho e disciplina.<\/p>\n<p><a href=\"https:\/\/centros.uepb.edu.br\/ccbsa\/files\/2021\/05\/IMG_4243-1.png\"><img loading=\"lazy\" decoding=\"async\" class=\"aligncenter wp-image-7599 size-large img-responsive\" src=\"https:\/\/centros.uepb.edu.br\/ccbsa\/files\/2021\/05\/IMG_4243-1-768x1024.png\" alt=\"\" width=\"768\" height=\"1024\" srcset=\"https:\/\/centros.uepb.edu.br\/ccbsa\/files\/2021\/05\/IMG_4243-1-768x1024.png 768w, https:\/\/centros.uepb.edu.br\/ccbsa\/files\/2021\/05\/IMG_4243-1-225x300.png 225w, https:\/\/centros.uepb.edu.br\/ccbsa\/files\/2021\/05\/IMG_4243-1-370x493.png 370w, https:\/\/centros.uepb.edu.br\/ccbsa\/files\/2021\/05\/IMG_4243-1.png 840w\" sizes=\"auto, (max-width: 768px) 100vw, 768px\" \/><\/a><\/p>\n<p>O egresso da gradua\u00e7\u00e3o e do mestrado em Rela\u00e7\u00f5es Internacionais, Valter \u00c2ngelo, foi aprovado, recentemente, para integrar o quadro de pesquisador associado no Instituto Max Planck de Direito P\u00fablico Comparado e Direito Internacional e cursar o doutorado na Universidade de Frankfurt (Goethe-Universit\u00e4t Frankfurt am Main),\u00a0na Alemanha. O referido Instituto de Pesquisa faz parte da \u201cSociedade Max Planck\u201d, que \u00e9 a organiza\u00e7\u00e3o de pesquisa de maior sucesso na Alemanha. O Instituto Max Planck e a Universidade de Frankfurt s\u00e3o organiza\u00e7\u00f5es reconhecidas dentre as melhores e mais prestigiadas institui\u00e7\u00f5es de pesquisa do mundo, com v\u00e1rios ganhadores do Pr\u00eamio Nobel integrando o quadro de cientistas destes centros de refer\u00eancia.<\/p>\n<p>Para chegar a essa conquista Valter \u00c2ngelo aponta alguns fatores. Al\u00e9m do conhecimento adquirido em atividades curriculares e extracurriculares da gradua\u00e7\u00e3o e mestrado realizados na UEPB, o pesquisador acredita que o engajamento em atividades diversas e a postura empreendedora podem ter colaborado para a trajet\u00f3ria de conquistas.<\/p>\n<p>\u201cDurante minha gradua\u00e7\u00e3o, assim como no per\u00edodo enquanto estudante de mestrado, eu tive a oportunidade de me envolver em diversas a\u00e7\u00f5es acad\u00eamicas curriculares e extracurriculares, atuando no PIBIC, em assessorias de institui\u00e7\u00f5es como a UEPB e IFPB. Al\u00e9m disso, tive o privil\u00e9gio de iniciar minha forma\u00e7\u00e3o na UEPB em uma \u00e9poca em que o pa\u00eds passava por crescimento econ\u00f4mico, expans\u00e3o de oportunidades (sobretudo no que se refere ao financiamento na educa\u00e7\u00e3o superior) e prest\u00edgio internacional consolidado.\u00a0Estes fatores, somados ao engajamento que tive enquanto estudante, me colocaram na maioria das vezes em posi\u00e7\u00f5es em que pude me articular melhor e sonhar alto\u201d, avalia.<\/p>\n<p><a href=\"https:\/\/centros.uepb.edu.br\/ccbsa\/files\/2021\/05\/WhatsApp-Image-2021-04-23-at-18.43.38.png\"><img loading=\"lazy\" decoding=\"async\" class=\"aligncenter wp-image-7600 size-large img-responsive\" src=\"https:\/\/centros.uepb.edu.br\/ccbsa\/files\/2021\/05\/WhatsApp-Image-2021-04-23-at-18.43.38-727x1024.png\" alt=\"\" width=\"727\" height=\"1024\" srcset=\"https:\/\/centros.uepb.edu.br\/ccbsa\/files\/2021\/05\/WhatsApp-Image-2021-04-23-at-18.43.38-727x1024.png 727w, https:\/\/centros.uepb.edu.br\/ccbsa\/files\/2021\/05\/WhatsApp-Image-2021-04-23-at-18.43.38-213x300.png 213w, https:\/\/centros.uepb.edu.br\/ccbsa\/files\/2021\/05\/WhatsApp-Image-2021-04-23-at-18.43.38-768x1082.png 768w, https:\/\/centros.uepb.edu.br\/ccbsa\/files\/2021\/05\/WhatsApp-Image-2021-04-23-at-18.43.38-1091x1536.png 1091w, https:\/\/centros.uepb.edu.br\/ccbsa\/files\/2021\/05\/WhatsApp-Image-2021-04-23-at-18.43.38-370x521.png 370w, https:\/\/centros.uepb.edu.br\/ccbsa\/files\/2021\/05\/WhatsApp-Image-2021-04-23-at-18.43.38-840x1183.png 840w, https:\/\/centros.uepb.edu.br\/ccbsa\/files\/2021\/05\/WhatsApp-Image-2021-04-23-at-18.43.38.png 1136w\" sizes=\"auto, (max-width: 727px) 100vw, 727px\" \/><\/a><\/p>\n<p>O egresso do curso de gradua\u00e7\u00e3o em Rela\u00e7\u00f5es Internacionais Rafael Andrade tamb\u00e9m \u00e9 um exemplo de proatividade no qual a busca por oportunidades e experi\u00eancias ainda durante a gradua\u00e7\u00e3o fizeram a diferen\u00e7a na trajet\u00f3ria constru\u00edda e resultaram na aprova\u00e7\u00e3o na Universidade Johns Hopkins, em Washington D.C., Estados Unidos.<\/p>\n<p>\u201cQuando entrei na UEPB, no in\u00edcio do curso eu j\u00e1 busquei um est\u00e1gio no consulado alem\u00e3o. Eu falava alem\u00e3o, porque tinha feito interc\u00e2mbio na Alemanha quando era mais jovem, e decidi fazer est\u00e1gio. Inclusive est\u00e1gio n\u00e3o pago. Porque eu queria aprender, saber se era aquilo que eu queria, se eu iria seguir a carreira diplom\u00e1tica ou n\u00e3o. A UEPB me deu a base te\u00f3rica e a pr\u00e1tica aprendi nos est\u00e1gios. Trabalhei em cursos de ingl\u00eas, tradu\u00e7\u00e3o simult\u00e2nea, com marketing digital, at\u00e9 que fui selecionado, ap\u00f3s um disputado processo seletivo, para o est\u00e1gio no Banco Interamericano de Desenvolvimento (BID), em Washington D.C. (EUA). Depois do est\u00e1gio no BID, fui contratado e pude voltar pra Jo\u00e3o Pessoa para retomar a gradua\u00e7\u00e3o enquanto trabalhava virtualmente para o \u00f3rg\u00e3o, onde atuei como consultor por 3 anos. Ao fim desse per\u00edodo me inscrevi para o mestrado em universidades americanas e europeias e acabei sendo aprovado em cinco institui\u00e7\u00f5es, quatro delas entre as melhores no ranking da revista Foreign Policy. Acabei optando pela Johns Hopkins por conta do curr\u00edculo e da possibilidade de manter minha rede de contatos\u201d, explica Rafael.<\/p>\n<p><a href=\"https:\/\/centros.uepb.edu.br\/ccbsa\/files\/2021\/05\/WhatsApp-Image-2021-05-03-at-09.55.24.png\"><img loading=\"lazy\" decoding=\"async\" class=\"aligncenter wp-image-7601 size-full img-responsive\" src=\"https:\/\/centros.uepb.edu.br\/ccbsa\/files\/2021\/05\/WhatsApp-Image-2021-05-03-at-09.55.24.png\" alt=\"\" width=\"800\" height=\"988\" srcset=\"https:\/\/centros.uepb.edu.br\/ccbsa\/files\/2021\/05\/WhatsApp-Image-2021-05-03-at-09.55.24.png 800w, https:\/\/centros.uepb.edu.br\/ccbsa\/files\/2021\/05\/WhatsApp-Image-2021-05-03-at-09.55.24-243x300.png 243w, https:\/\/centros.uepb.edu.br\/ccbsa\/files\/2021\/05\/WhatsApp-Image-2021-05-03-at-09.55.24-768x948.png 768w, https:\/\/centros.uepb.edu.br\/ccbsa\/files\/2021\/05\/WhatsApp-Image-2021-05-03-at-09.55.24-370x457.png 370w\" sizes=\"auto, (max-width: 800px) 100vw, 800px\" \/><\/a><\/p>\n<p>A egressa Larissa Ponce Leon tamb\u00e9m buscou nas experi\u00eancias internacionais a possibilidade de realiza\u00e7\u00e3o pessoal, profissional e acad\u00eamica. Ap\u00f3s a supera\u00e7\u00e3o de alguns obst\u00e1culos e direcionada pelo desejo de aprofundar os conhecimentos em ci\u00eancia pol\u00edtica e atuar numa organiza\u00e7\u00e3o internacional a internacionalista agora vivencia a fase de consolida\u00e7\u00e3o profissional, com a atua\u00e7\u00e3o numa \u00e1rea que sempre se identificou.<\/p>\n<p>\u201cAos 17 anos, quando cursava o ensino m\u00e9dio, fiz interc\u00e2mbio na B\u00e9lgica e coloquei na cabe\u00e7a que voltaria para o mestrado l\u00e1 e a escolha pelo curso de Rela\u00e7\u00f5es Internacionais foi pensando nisso, em ter experi\u00eancias acad\u00eamicas e profissionais fora do pa\u00eds. Durante a gradua\u00e7\u00e3o na UEPB sempre busquei manter minhas notas altas, fazer atividades extra curriculares, fui monitora, participei de PIBIC, projetos de extens\u00e3o, comiss\u00e3o organizadora de eventos, tudo buscando fortalecer meu curr\u00edculo para quando fosse tentar ingressar em algum programa de p\u00f3s-gradua\u00e7\u00e3o. At\u00e9 que em 2017 ingressei no mestrado na Universidade de Antu\u00e9rpia onde estudei na \u00e1rea de ci\u00eancia pol\u00edtica por 1 ano. Ap\u00f3s esse per\u00edodo passei por v\u00e1rias experi\u00eancias no pa\u00eds at\u00e9 conseguir ser contratada por uma multinacional da Holanda onde acabei de ser promovida e atuo na \u00e1rea de comunica\u00e7\u00e3o coorporativa humanizada que sempre me interessou\u201d, declarou Larissa.<\/p>\n<p>Ao refletir sobre as li\u00e7\u00f5es aprendidas durante a passagem pela UEPB os egressos lembram da import\u00e2ncia de aproveitar o conte\u00fado ministrado n\u00e3o apenas nos componentes curriculares, mas, nos eventos e atividades de pesquisa e extens\u00e3o para aprender e crescer, fortalecer a rede de contatos a partir dos pesquisadores da \u00e1rea apresentados ao longo do curso e ter iniciativa para buscar construir experi\u00eancias que possam direcion\u00e1-los \u00e0s metas tra\u00e7adas.<\/p>\n<p>Para Valter \u00c2ngelo o corpo docente, discente e t\u00e9cnico da UEPB, sobretudo o de Rela\u00e7\u00f5es Internacionais, foi sempre muito inspirador. \u201cEu tenho muito a agradecer a meus professores, sobretudo meus orientadores. A UEPB me proporcionou a interlocu\u00e7\u00e3o com profissionais de alto n\u00edvel e de refer\u00eancia para meu futuro. Para mim foi esse terreno f\u00e9rtil que, apesar das dificuldades, me fez vislumbrar uma carreira fora do Brasil\u201d, avalia.<\/p>\n<p><strong>Sobre o curso de Rela\u00e7\u00f5es Internacionais<\/strong><\/p>\n<p>Os profissionais formados em Rela\u00e7\u00f5es Internacionais pela UEPB est\u00e3o aptos a trabalhar em institui\u00e7\u00f5es p\u00fablicas, privadas e do terceiro setor, assim como no assessoramento de atividades parlamentares e de partidos pol\u00edticos que demandem percep\u00e7\u00f5es amplas e aprofundadas da realidade internacional e de conhecimentos espec\u00edficos sobre os processos, mecanismos e pr\u00e1ticas inerentes \u00e0 din\u00e2mica das rela\u00e7\u00f5es entre os povos e na\u00e7\u00f5es.<\/p>\n<p>Al\u00e9m disso, muitos graduados em Rela\u00e7\u00f5es Internacionais da UEPB t\u00eam sido aprovados em cursos de p\u00f3s-gradua\u00e7\u00e3o em todo o Brasil, e optam por seguir uma carreira acad\u00eamica, principalmente ap\u00f3s a cria\u00e7\u00e3o da p\u00f3s-gradua\u00e7\u00e3o em Rela\u00e7\u00f5es Internacionais da Institui\u00e7\u00e3o.Com professores doutores e de refer\u00eancia a gradua\u00e7\u00e3o tem desenvolvido projetos de pesquisa e extens\u00e3o em diversas \u00e1reas do conhecimento, atividades que somadas \u00e0s publica\u00e7\u00f5es de car\u00e1ter cient\u00edfico e eventos com abrang\u00eancia nacional e internacional t\u00eam projetado o curso por todo o pa\u00eds.<\/p>\n<p><em><strong>Texto:<\/strong> Juliana Marques<\/em><br \/>\n<em><strong>Fotos:<\/strong> Divulga\u00e7\u00e3o<\/em><\/p>\n","protected":false},"excerpt":{"rendered":"<p>Contribuir com a constru\u00e7\u00e3o de rela\u00e7\u00f5es de coopera\u00e7\u00e3o e paz entre os pa\u00edses, desenvolver habilidades de negocia\u00e7\u00e3o e comunica\u00e7\u00e3o, aprimorar o conhecimento de novas culturas e idiomas, vivenciar a pol\u00edtica num \u00e2mbito global, s\u00e3o muitas as atribui\u00e7\u00f5es que comp\u00f5em o perfil do internacionalista e que servem de inspira\u00e7\u00e3o para quem aspira desenvolver trajet\u00f3rias de sucesso <a class=\"leiamais\" href=\"https:\/\/centros.uepb.edu.br\/ccbsa\/egressos-de-relacoes-internacionais-da-uepb-apresentam-trajetorias-de-conquistas-no-exterior\/\">Leia Mais&#8230;<\/a><\/p>\n","protected":false},"author":8,"featured_media":7598,"comment_status":"closed","ping_status":"closed","sticky":false,"template":"","format":"standard","meta":{"footnotes":""},"categories":[3,11],"tags":[],"class_list":["post-7597","post","type-post","status-publish","format-standard","has-post-thumbnail","hentry","category-noticias","category-noticias-destaque-img"],"jetpack_featured_media_url":"https:\/\/centros.uepb.edu.br\/ccbsa\/files\/2021\/05\/WhatsApp-Image-2021-05-03-at-11.53.58.png","_links":{"self":[{"href":"https:\/\/centros.uepb.edu.br\/ccbsa\/wp-json\/wp\/v2\/posts\/7597","targetHints":{"allow":["GET"]}}],"collection":[{"href":"https:\/\/centros.uepb.edu.br\/ccbsa\/wp-json\/wp\/v2\/posts"}],"about":[{"href":"https:\/\/centros.uepb.edu.br\/ccbsa\/wp-json\/wp\/v2\/types\/post"}],"author":[{"embeddable":true,"href":"https:\/\/centros.uepb.edu.br\/ccbsa\/wp-json\/wp\/v2\/users\/8"}],"replies":[{"embeddable":true,"href":"https:\/\/centros.uepb.edu.br\/ccbsa\/wp-json\/wp\/v2\/comments?post=7597"}],"version-history":[{"count":0,"href":"https:\/\/centros.uepb.edu.br\/ccbsa\/wp-json\/wp\/v2\/posts\/7597\/revisions"}],"wp:featuredmedia":[{"embeddable":true,"href":"https:\/\/centros.uepb.edu.br\/ccbsa\/wp-json\/wp\/v2\/media\/7598"}],"wp:attachment":[{"href":"https:\/\/centros.uepb.edu.br\/ccbsa\/wp-json\/wp\/v2\/media?parent=7597"}],"wp:term":[{"taxonomy":"category","embeddable":true,"href":"https:\/\/centros.uepb.edu.br\/ccbsa\/wp-json\/wp\/v2\/categories?post=7597"},{"taxonomy":"post_tag","embeddable":true,"href":"https:\/\/centros.uepb.edu.br\/ccbsa\/wp-json\/wp\/v2\/tags?post=7597"}],"curies":[{"name":"wp","href":"https:\/\/api.w.org\/{rel}","templated":true}]}}