{"id":7570,"date":"2021-04-21T11:39:52","date_gmt":"2021-04-21T11:39:52","guid":{"rendered":"https:\/\/centros.uepb.edu.br\/ccbsa\/?p=7570"},"modified":"2021-04-21T11:41:01","modified_gmt":"2021-04-21T11:41:01","slug":"cineclube-do-campus-v-promove-debate-nesta-sexta-feira-23-sobre-as-lutas-dos-povos-indigenas","status":"publish","type":"post","link":"https:\/\/centros.uepb.edu.br\/ccbsa\/cineclube-do-campus-v-promove-debate-nesta-sexta-feira-23-sobre-as-lutas-dos-povos-indigenas\/","title":{"rendered":"Cineclube do C\u00e2mpus V promove debate nesta sexta-feira (23) sobre as lutas dos povos ind\u00edgenas"},"content":{"rendered":"\n\t\t<style type=\"text\/css\">\n\t\t\t#gallery-1 {\n\t\t\t\tmargin: auto;\n\t\t\t}\n\t\t\t#gallery-1 .gallery-item {\n\t\t\t\tfloat: left;\n\t\t\t\tmargin-top: 10px;\n\t\t\t\ttext-align: center;\n\t\t\t\twidth: 33%;\n\t\t\t}\n\t\t\t#gallery-1 img {\n\t\t\t\tborder: 2px solid #cfcfcf;\n\t\t\t}\n\t\t\t#gallery-1 .gallery-caption {\n\t\t\t\tmargin-left: 0;\n\t\t\t}\n\t\t\t\/* see gallery_shortcode() in wp-includes\/media.php *\/\n\t\t<\/style>\n\t\t<div id='gallery-1' class='gallery galleryid-7570 gallery-columns-3 gallery-size-full'><dl class='gallery-item'>\n\t\t\t<dt class='gallery-icon landscape'>\n\t\t\t\t<a href='https:\/\/centros.uepb.edu.br\/ccbsa\/files\/2021\/04\/f3ec0d81-a330-49f9-8c95-4dd32d66beeb.png'><img loading=\"lazy\" decoding=\"async\" width=\"1080\" height=\"1080\" src=\"https:\/\/centros.uepb.edu.br\/ccbsa\/files\/2021\/04\/f3ec0d81-a330-49f9-8c95-4dd32d66beeb.png\" class=\"attachment-full size-full\" alt=\"\" srcset=\"https:\/\/centros.uepb.edu.br\/ccbsa\/files\/2021\/04\/f3ec0d81-a330-49f9-8c95-4dd32d66beeb.png 1080w, https:\/\/centros.uepb.edu.br\/ccbsa\/files\/2021\/04\/f3ec0d81-a330-49f9-8c95-4dd32d66beeb-300x300.png 300w, https:\/\/centros.uepb.edu.br\/ccbsa\/files\/2021\/04\/f3ec0d81-a330-49f9-8c95-4dd32d66beeb-1024x1024.png 1024w, https:\/\/centros.uepb.edu.br\/ccbsa\/files\/2021\/04\/f3ec0d81-a330-49f9-8c95-4dd32d66beeb-150x150.png 150w, https:\/\/centros.uepb.edu.br\/ccbsa\/files\/2021\/04\/f3ec0d81-a330-49f9-8c95-4dd32d66beeb-768x768.png 768w, https:\/\/centros.uepb.edu.br\/ccbsa\/files\/2021\/04\/f3ec0d81-a330-49f9-8c95-4dd32d66beeb-370x370.png 370w, https:\/\/centros.uepb.edu.br\/ccbsa\/files\/2021\/04\/f3ec0d81-a330-49f9-8c95-4dd32d66beeb-840x840.png 840w\" sizes=\"auto, (max-width: 1080px) 100vw, 1080px\" \/><\/a>\n\t\t\t<\/dt><\/dl><dl class='gallery-item'>\n\t\t\t<dt class='gallery-icon landscape'>\n\t\t\t\t<a href='https:\/\/centros.uepb.edu.br\/ccbsa\/files\/2021\/04\/992600e4-65b5-47fb-854c-85e520968cdc.png'><img loading=\"lazy\" decoding=\"async\" width=\"1080\" height=\"1080\" src=\"https:\/\/centros.uepb.edu.br\/ccbsa\/files\/2021\/04\/992600e4-65b5-47fb-854c-85e520968cdc.png\" class=\"attachment-full size-full\" alt=\"\" srcset=\"https:\/\/centros.uepb.edu.br\/ccbsa\/files\/2021\/04\/992600e4-65b5-47fb-854c-85e520968cdc.png 1080w, https:\/\/centros.uepb.edu.br\/ccbsa\/files\/2021\/04\/992600e4-65b5-47fb-854c-85e520968cdc-300x300.png 300w, https:\/\/centros.uepb.edu.br\/ccbsa\/files\/2021\/04\/992600e4-65b5-47fb-854c-85e520968cdc-1024x1024.png 1024w, https:\/\/centros.uepb.edu.br\/ccbsa\/files\/2021\/04\/992600e4-65b5-47fb-854c-85e520968cdc-150x150.png 150w, https:\/\/centros.uepb.edu.br\/ccbsa\/files\/2021\/04\/992600e4-65b5-47fb-854c-85e520968cdc-768x768.png 768w, https:\/\/centros.uepb.edu.br\/ccbsa\/files\/2021\/04\/992600e4-65b5-47fb-854c-85e520968cdc-370x370.png 370w, https:\/\/centros.uepb.edu.br\/ccbsa\/files\/2021\/04\/992600e4-65b5-47fb-854c-85e520968cdc-840x840.png 840w\" sizes=\"auto, (max-width: 1080px) 100vw, 1080px\" \/><\/a>\n\t\t\t<\/dt><\/dl><dl class='gallery-item'>\n\t\t\t<dt class='gallery-icon landscape'>\n\t\t\t\t<a href='https:\/\/centros.uepb.edu.br\/ccbsa\/files\/2021\/04\/2120c0cf-b526-40f5-8337-6d990ce51330.png'><img loading=\"lazy\" decoding=\"async\" width=\"1080\" height=\"1080\" src=\"https:\/\/centros.uepb.edu.br\/ccbsa\/files\/2021\/04\/2120c0cf-b526-40f5-8337-6d990ce51330.png\" class=\"attachment-full size-full\" alt=\"\" srcset=\"https:\/\/centros.uepb.edu.br\/ccbsa\/files\/2021\/04\/2120c0cf-b526-40f5-8337-6d990ce51330.png 1080w, https:\/\/centros.uepb.edu.br\/ccbsa\/files\/2021\/04\/2120c0cf-b526-40f5-8337-6d990ce51330-300x300.png 300w, https:\/\/centros.uepb.edu.br\/ccbsa\/files\/2021\/04\/2120c0cf-b526-40f5-8337-6d990ce51330-1024x1024.png 1024w, https:\/\/centros.uepb.edu.br\/ccbsa\/files\/2021\/04\/2120c0cf-b526-40f5-8337-6d990ce51330-150x150.png 150w, https:\/\/centros.uepb.edu.br\/ccbsa\/files\/2021\/04\/2120c0cf-b526-40f5-8337-6d990ce51330-768x768.png 768w, https:\/\/centros.uepb.edu.br\/ccbsa\/files\/2021\/04\/2120c0cf-b526-40f5-8337-6d990ce51330-370x370.png 370w, https:\/\/centros.uepb.edu.br\/ccbsa\/files\/2021\/04\/2120c0cf-b526-40f5-8337-6d990ce51330-840x840.png 840w\" sizes=\"auto, (max-width: 1080px) 100vw, 1080px\" \/><\/a>\n\t\t\t<\/dt><\/dl><br style=\"clear: both\" \/>\n\t\t<\/div>\n\n<p>O Cineclube C\u00e2mpus V, projeto de extens\u00e3o vinculado ao curso de gradua\u00e7\u00e3o em Rela\u00e7\u00f5es Internacionais do Centro de Ci\u00eancias Biol\u00f3gicas e Sociais Aplicadas (CCBSA) da Universidade Estadual da Para\u00edba (UEPB), realiza nesta sexta-feira, 23 de abril, \u00e0s 16h, atrav\u00e9s do <a href=\"http:\/\/meet.google.com\/qxc-pqhf-uap\">Google Meet<\/a>, o debate &#8220;As lutas dos povos ind\u00edgenas&#8221;, que ser\u00e1 mediado a partir do document\u00e1rio &#8220;<a href=\"https:\/\/www.youtube.com\/watch?v=ebfv6c4aj2A\">Terras brasileiras<\/a>&#8220;.<\/p>\n<p>O debate conta com a participa\u00e7\u00e3o da doutora em antropologia social e coordenadora do Observat\u00f3rio de Direitos Pol\u00edticas Ind\u00edgenas da Universidade de Bras\u00edlia, Elaine Moreira e do doutor em Antropologia e m\u00e9dico com anos de presta\u00e7\u00e3o de servi\u00e7os de sa\u00fade a povos ind\u00edgenas, Marcos Pellegrini. A atividade ser\u00e1 mediada pela discente de Rela\u00e7\u00f5es Internacionais Yvone Morais.<\/p>\n<p>Produzido pela TV C\u00e2mara o filme<a href=\"https:\/\/www.youtube.com\/watch?v=ebfv6c4aj2A\"> Terras Brasileiras<\/a> retrata a disputa entre ind\u00edgenas e produtores rurais na fronteira entre Brasil e Paraguai.\u00a0 O filme\u00a0j\u00e1 ganhou os pr\u00eamios de melhor filme pelo j\u00fari popular e men\u00e7\u00e3o honrosa no Festival Guarnic\u00ea de Cinema, em S\u00e3o Lu\u00eds, no Maranh\u00e3o. Tamb\u00e9m foi exibido em sess\u00f5es internacionais, no Parlamento Europeu, em Bruxelas, na B\u00e9lgica, e na <em>Ecole Normale Sup\u00e9rieure<\/em>, em Paris, Fran\u00e7a.<\/p>\n<p>&nbsp;<\/p>\n","protected":false},"excerpt":{"rendered":"<p>O Cineclube C\u00e2mpus V, projeto de extens\u00e3o vinculado ao curso de gradua\u00e7\u00e3o em Rela\u00e7\u00f5es Internacionais do Centro de Ci\u00eancias Biol\u00f3gicas e Sociais Aplicadas (CCBSA) da Universidade Estadual da Para\u00edba (UEPB), realiza nesta sexta-feira, 23 de abril, \u00e0s 16h, atrav\u00e9s do Google Meet, o debate &#8220;As lutas dos povos ind\u00edgenas&#8221;, que ser\u00e1 mediado a partir do <a class=\"leiamais\" href=\"https:\/\/centros.uepb.edu.br\/ccbsa\/cineclube-do-campus-v-promove-debate-nesta-sexta-feira-23-sobre-as-lutas-dos-povos-indigenas\/\">Leia Mais&#8230;<\/a><\/p>\n","protected":false},"author":8,"featured_media":7571,"comment_status":"closed","ping_status":"closed","sticky":false,"template":"","format":"standard","meta":{"footnotes":""},"categories":[3,11],"tags":[],"class_list":["post-7570","post","type-post","status-publish","format-standard","has-post-thumbnail","hentry","category-noticias","category-noticias-destaque-img"],"jetpack_featured_media_url":"https:\/\/centros.uepb.edu.br\/ccbsa\/files\/2021\/04\/f3ec0d81-a330-49f9-8c95-4dd32d66beeb.jpg","_links":{"self":[{"href":"https:\/\/centros.uepb.edu.br\/ccbsa\/wp-json\/wp\/v2\/posts\/7570","targetHints":{"allow":["GET"]}}],"collection":[{"href":"https:\/\/centros.uepb.edu.br\/ccbsa\/wp-json\/wp\/v2\/posts"}],"about":[{"href":"https:\/\/centros.uepb.edu.br\/ccbsa\/wp-json\/wp\/v2\/types\/post"}],"author":[{"embeddable":true,"href":"https:\/\/centros.uepb.edu.br\/ccbsa\/wp-json\/wp\/v2\/users\/8"}],"replies":[{"embeddable":true,"href":"https:\/\/centros.uepb.edu.br\/ccbsa\/wp-json\/wp\/v2\/comments?post=7570"}],"version-history":[{"count":0,"href":"https:\/\/centros.uepb.edu.br\/ccbsa\/wp-json\/wp\/v2\/posts\/7570\/revisions"}],"wp:featuredmedia":[{"embeddable":true,"href":"https:\/\/centros.uepb.edu.br\/ccbsa\/wp-json\/wp\/v2\/media\/7571"}],"wp:attachment":[{"href":"https:\/\/centros.uepb.edu.br\/ccbsa\/wp-json\/wp\/v2\/media?parent=7570"}],"wp:term":[{"taxonomy":"category","embeddable":true,"href":"https:\/\/centros.uepb.edu.br\/ccbsa\/wp-json\/wp\/v2\/categories?post=7570"},{"taxonomy":"post_tag","embeddable":true,"href":"https:\/\/centros.uepb.edu.br\/ccbsa\/wp-json\/wp\/v2\/tags?post=7570"}],"curies":[{"name":"wp","href":"https:\/\/api.w.org\/{rel}","templated":true}]}}