{"id":7544,"date":"2021-04-16T12:33:28","date_gmt":"2021-04-16T12:33:28","guid":{"rendered":"https:\/\/centros.uepb.edu.br\/ccbsa\/?p=7544"},"modified":"2021-04-30T18:02:57","modified_gmt":"2021-04-30T18:02:57","slug":"projeto-do-campus-v-realiza-campanha-para-arrecadacao-de-alimentos-e-epis-para-catadores-de-reciclaveis","status":"publish","type":"post","link":"https:\/\/centros.uepb.edu.br\/ccbsa\/projeto-do-campus-v-realiza-campanha-para-arrecadacao-de-alimentos-e-epis-para-catadores-de-reciclaveis\/","title":{"rendered":"Projeto do c\u00e2mpus V realiza campanha para arrecada\u00e7\u00e3o de alimentos e EPIs para catadores de recicl\u00e1veis"},"content":{"rendered":"<p><a href=\"https:\/\/centros.uepb.edu.br\/ccbsa\/files\/2021\/04\/WhatsApp-Image-2021-04-28-at-14.36.07-1.jpeg\"><img loading=\"lazy\" decoding=\"async\" class=\"aligncenter size-full wp-image-7586 img-responsive\" src=\"https:\/\/centros.uepb.edu.br\/ccbsa\/files\/2021\/04\/WhatsApp-Image-2021-04-28-at-14.36.07-1.jpeg\" alt=\"\" width=\"1024\" height=\"576\" srcset=\"https:\/\/centros.uepb.edu.br\/ccbsa\/files\/2021\/04\/WhatsApp-Image-2021-04-28-at-14.36.07-1.jpeg 1024w, https:\/\/centros.uepb.edu.br\/ccbsa\/files\/2021\/04\/WhatsApp-Image-2021-04-28-at-14.36.07-1-300x169.jpeg 300w, https:\/\/centros.uepb.edu.br\/ccbsa\/files\/2021\/04\/WhatsApp-Image-2021-04-28-at-14.36.07-1-768x432.jpeg 768w, https:\/\/centros.uepb.edu.br\/ccbsa\/files\/2021\/04\/WhatsApp-Image-2021-04-28-at-14.36.07-1-370x208.jpeg 370w, https:\/\/centros.uepb.edu.br\/ccbsa\/files\/2021\/04\/WhatsApp-Image-2021-04-28-at-14.36.07-1-840x473.jpeg 840w\" sizes=\"auto, (max-width: 1024px) 100vw, 1024px\" \/><\/a><\/p>\n<p>Al\u00e9m dos desdobramentos na \u00e1rea da sa\u00fade, a pandemia de Covid-19 tem descortinado uma s\u00e9rie de quest\u00f5es sociais que j\u00e1 eram problem\u00e1ticas antes desse per\u00edodo. As repercuss\u00f5es financeiras causadas pelas a\u00e7\u00f5es de combate \u00e0 dissemina\u00e7\u00e3o do v\u00edrus em todas as na\u00e7\u00f5es, sobretudo nos pa\u00edses mais pobres, foram potencializadas e atingiram, principalmente, popula\u00e7\u00f5es vulner\u00e1veis. Dentre esses grupos, os catadores de materiais recicl\u00e1veis v\u00eam sofrendo desde o in\u00edcio da pandemia, com uma redu\u00e7\u00e3o dr\u00e1stica na renda, e, nos casos daqueles que possuem comorbidades, com a impossibilidade de trabalhar e assim poder bancar as necessidades b\u00e1sicas e nenhuma garantia governamental de assist\u00eancia a situa\u00e7\u00e3o \u00e9 preocupante.<\/p>\n<p>Nesse sentido, o projeto de extens\u00e3o \u201cMobiliza\u00e7\u00e3o, inclus\u00e3o e forma\u00e7\u00e3o de catadores\/as de materiais recicl\u00e1veis da cidade de Jo\u00e3o Pessoa: uma experi\u00eancia necess\u00e1ria\u201d, vinculado ao C\u00e2mpus V da Universidade Estadual da Para\u00edba (UEPB), que atua desde 2013 junto a essa parcela da sociedade, iniciou uma campanha com o objetivo de prestar assist\u00eancia aos catadores e suas fam\u00edlias neste momento de dificuldade. A a\u00e7\u00e3o conta com o apoio da dire\u00e7\u00e3o do Centro de Ci\u00eancias Biol\u00f3gicas e Sociais Aplicadas (CCBSA) da UEPB e de docentes e discentes.<\/p>\n<p>A coordena\u00e7\u00e3o do projeto est\u00e1 recebendo doa\u00e7\u00f5es de cestas b\u00e1sicas e equipamentos de prote\u00e7\u00e3o individual que devem ser deixados no pr\u00e9dio do c\u00e2mpus V, localizado \u00e0 Rua Hor\u00e1cio Trajano de Oliveira, Cristo, Jo\u00e3o Pessoa; e no hall do pr\u00e9dio da administra\u00e7\u00e3o central da UEPB, em Campina Grande. As doa\u00e7\u00f5es tamb\u00e9m podem ser feitas online por meio de uma plataforma de arrecada\u00e7\u00e3o (<a href=\"https:\/\/benfeitoria.com\/soscatador\">https:\/\/benfeitoria.com\/soscatador<\/a>). De acordo com a coordenadora do projeto, os docentes e discentes vinculados a essa iniciativa intensificaram as a\u00e7\u00f5es, com iniciativas de articula\u00e7\u00e3o junto aos poderes p\u00fablicos e autoridades pol\u00edticas para auxiliar essa parcela vulner\u00e1vel da sociedade, por\u00e9m, diante dos tr\u00e2mites burocr\u00e1ticos que impedem a resolu\u00e7\u00e3o desses problemas de forma mais c\u00e9lere, a equipe do projeto resolver mobilizar a comunidade acad\u00eamica para suprir as necessidades mais urgentes.<\/p>\n<p>\u201cOs catadores assim como todos os trabalhadores informais est\u00e3o passando por momentos muito dif\u00edceis, precisando de ajuda porque muitos n\u00e3o t\u00eam como pagar pela moradia, outros sequer t\u00eam o que comer. Ent\u00e3o organizamos uma lista de cadastro desse p\u00fablico e estamos realizando uma triagem separando por ordem de necessidade para atend\u00ea-los com as doa\u00e7\u00f5es que est\u00e3o chegando. Neste sentido pedimos \u00e0 comunidade que nos ajude. Basta deixar os alimentos ou cestas b\u00e1sicas no pr\u00e9dio do c\u00e2mpus V que n\u00f3s organizamos a entrega\u201d, explica a coordenadora do projeto, professora F\u00e1tima Ara\u00fajo.<\/p>\n<p>A docente lembra que j\u00e1 foi protocolado na Prefeitura Municipal de Jo\u00e3o Pessoa e Governo do Estado da Para\u00edba a solicita\u00e7\u00e3o para a cria\u00e7\u00e3o de um plano de emerg\u00eancia para os catadores. A equipe do projeto, que conta com a assessoria jur\u00eddica da professora Martha Simone Amorim, j\u00e1 encaminhou diversos pedidos de pauta aos Legislativo Estadual voltados \u00e0 assist\u00eancia dos catadores, e acompanha a discuss\u00e3o na Assembleia Legislativa que deve pautar, em breve, a inclus\u00e3o dessa parcela da sociedade dentre as prioridades do plano estadual de vacina\u00e7\u00e3o.<\/p>\n<p>Desde o in\u00edcio da pandemia o projeto vem acompanhando a situa\u00e7\u00e3o dos catadores e popula\u00e7\u00f5es vulner\u00e1veis da Para\u00edba realizando a\u00e7\u00f5es articuladas com o Minist\u00e9rio P\u00fablico Federal (MPF), a Secretaria de Desenvolvimento Humano e Social (SEDHS) do Governo do Estado da Para\u00edba, a Defensoria P\u00fablica e representantes de cooperativas de catadores.<\/p>\n<p><em><strong>Texto:<\/strong> Juliana Marques<\/em><br \/>\n<em><strong>Fotos:<\/strong> Divulga\u00e7\u00e3o do projeto<\/em><\/p>\n","protected":false},"excerpt":{"rendered":"<p>Al\u00e9m dos desdobramentos na \u00e1rea da sa\u00fade, a pandemia de Covid-19 tem descortinado uma s\u00e9rie de quest\u00f5es sociais que j\u00e1 eram problem\u00e1ticas antes desse per\u00edodo. As repercuss\u00f5es financeiras causadas pelas a\u00e7\u00f5es de combate \u00e0 dissemina\u00e7\u00e3o do v\u00edrus em todas as na\u00e7\u00f5es, sobretudo nos pa\u00edses mais pobres, foram potencializadas e atingiram, principalmente, popula\u00e7\u00f5es vulner\u00e1veis. Dentre esses <a class=\"leiamais\" href=\"https:\/\/centros.uepb.edu.br\/ccbsa\/projeto-do-campus-v-realiza-campanha-para-arrecadacao-de-alimentos-e-epis-para-catadores-de-reciclaveis\/\">Leia Mais&#8230;<\/a><\/p>\n","protected":false},"author":8,"featured_media":7585,"comment_status":"closed","ping_status":"closed","sticky":false,"template":"","format":"standard","meta":{"footnotes":""},"categories":[3,11],"tags":[],"class_list":["post-7544","post","type-post","status-publish","format-standard","has-post-thumbnail","hentry","category-noticias","category-noticias-destaque-img"],"jetpack_featured_media_url":"https:\/\/centros.uepb.edu.br\/ccbsa\/files\/2021\/04\/WhatsApp-Image-2021-04-28-at-14.36.07.jpg","_links":{"self":[{"href":"https:\/\/centros.uepb.edu.br\/ccbsa\/wp-json\/wp\/v2\/posts\/7544","targetHints":{"allow":["GET"]}}],"collection":[{"href":"https:\/\/centros.uepb.edu.br\/ccbsa\/wp-json\/wp\/v2\/posts"}],"about":[{"href":"https:\/\/centros.uepb.edu.br\/ccbsa\/wp-json\/wp\/v2\/types\/post"}],"author":[{"embeddable":true,"href":"https:\/\/centros.uepb.edu.br\/ccbsa\/wp-json\/wp\/v2\/users\/8"}],"replies":[{"embeddable":true,"href":"https:\/\/centros.uepb.edu.br\/ccbsa\/wp-json\/wp\/v2\/comments?post=7544"}],"version-history":[{"count":0,"href":"https:\/\/centros.uepb.edu.br\/ccbsa\/wp-json\/wp\/v2\/posts\/7544\/revisions"}],"wp:featuredmedia":[{"embeddable":true,"href":"https:\/\/centros.uepb.edu.br\/ccbsa\/wp-json\/wp\/v2\/media\/7585"}],"wp:attachment":[{"href":"https:\/\/centros.uepb.edu.br\/ccbsa\/wp-json\/wp\/v2\/media?parent=7544"}],"wp:term":[{"taxonomy":"category","embeddable":true,"href":"https:\/\/centros.uepb.edu.br\/ccbsa\/wp-json\/wp\/v2\/categories?post=7544"},{"taxonomy":"post_tag","embeddable":true,"href":"https:\/\/centros.uepb.edu.br\/ccbsa\/wp-json\/wp\/v2\/tags?post=7544"}],"curies":[{"name":"wp","href":"https:\/\/api.w.org\/{rel}","templated":true}]}}