{"id":7505,"date":"2021-03-25T18:05:20","date_gmt":"2021-03-25T18:05:20","guid":{"rendered":"https:\/\/centros.uepb.edu.br\/ccbsa\/?p=7505"},"modified":"2021-03-25T18:05:20","modified_gmt":"2021-03-25T18:05:20","slug":"por-uma-nova-normalidade-educacao-para-a-paz-e-tema-de-roda-de-dialogo-com-a-participacao-de-pesquisador-da-uepb","status":"publish","type":"post","link":"https:\/\/centros.uepb.edu.br\/ccbsa\/por-uma-nova-normalidade-educacao-para-a-paz-e-tema-de-roda-de-dialogo-com-a-participacao-de-pesquisador-da-uepb\/","title":{"rendered":"Por uma nova normalidade: Educa\u00e7\u00e3o para a paz \u00e9 tema de roda de di\u00e1logo com a participa\u00e7\u00e3o de pesquisador da UEPB"},"content":{"rendered":"<p><a href=\"https:\/\/centros.uepb.edu.br\/ccbsa\/files\/2021\/03\/161319246_274929634216614_5030087968435995158_n.png\"><img loading=\"lazy\" decoding=\"async\" class=\"aligncenter size-full wp-image-7506 img-responsive\" src=\"https:\/\/centros.uepb.edu.br\/ccbsa\/files\/2021\/03\/161319246_274929634216614_5030087968435995158_n.png\" alt=\"\" width=\"726\" height=\"752\" srcset=\"https:\/\/centros.uepb.edu.br\/ccbsa\/files\/2021\/03\/161319246_274929634216614_5030087968435995158_n.png 726w, https:\/\/centros.uepb.edu.br\/ccbsa\/files\/2021\/03\/161319246_274929634216614_5030087968435995158_n-290x300.png 290w, https:\/\/centros.uepb.edu.br\/ccbsa\/files\/2021\/03\/161319246_274929634216614_5030087968435995158_n-370x383.png 370w\" sizes=\"auto, (max-width: 726px) 100vw, 726px\" \/><\/a><\/p>\n<p>A constru\u00e7\u00e3o de um novo normal implica na promo\u00e7\u00e3o de estrat\u00e9gias educativas dial\u00f3gicas, participativas e emancipat\u00f3rias. Nesse sentido, as pr\u00e1ticas educacionais para a paz surgem como alternativas capazes de fomentar a reflexividade cr\u00edtica, os afetos e a solidariedade entre os povos. Partindo dessa assertiva, um grupo de pesquisadores latino-americano, dentre eles o pesquisador do Centro de Ci\u00eancias Biol\u00f3gicas e Sociais Aplicadas (CCBSA) da Universidade Estadual da Para\u00edba (UEPB), Paulo Kuhlmann, realiza nesta sexta-feira, 26 de mar\u00e7o, \u00e0s 18h, uma transmiss\u00e3o ao vivo pela <a href=\"https:\/\/www.facebook.com\/Una-nueva-normalidad-104227414620171\/\">p\u00e1gina da campanha \u201cUma nova normalidade\u201d<\/a> com a tem\u00e1tica \u201cEduca\u00e7\u00e3o para a paz\u201d.<\/p>\n<p>Al\u00e9m do pesquisador da UEPB participam da roda de di\u00e1logo a professora da Universidade Federal do Rio Grande do Norte, Elanne Cannuto e a pesquisadora mexicana Lucia Rodriguez Mc Keon. A atividade ser\u00e1 mediada pelo pesquisador do\u00a0Instituto Universitario en Democracia, Paz y Seguridad\u00a0\u2013 UNAH, de Honduras, Esteban Muslera. O evento, que \u00e9 voltado sobretudo para estudantes e professores, \u00e9 gratuito e faz parte de uma s\u00e9rie de a\u00e7\u00f5es formativas da campanha por \u201cUma Nova Normalidade\u201d.<\/p>\n<p>Vinculado \u00e0 gradua\u00e7\u00e3o e ao mestrado em Rela\u00e7\u00f5es Internacionais da UEPB, com doutorado em Ci\u00eancia Pol\u00edtica o professor Paulo Kuhlmann tem empreendido h\u00e1 anos diversas iniciativas relacionadas aos estudos para a paz, tornando-se refer\u00eancia nessa \u00e1rea de pesquisa. Dentre estas a\u00e7\u00f5es est\u00e3o as atividades do Grupo de Estudos de Paz e Seguran\u00e7a Mundial (GEPASM\/UEPB), que o docente coordena em parceria com o professor da UFPB Marcos Alan Ferreira, e o Projeto UEPB em A\u00e7\u00e3o, tamb\u00e9m coordenado por Paulo Kuhlmann e que conta com iniciativas de seguran\u00e7a humana, emancipa\u00e7\u00e3o e cultura de paz nas comunidades adjacentes ao Campus V da UEPB.<\/p>\n<p>Dentre as a\u00e7\u00f5es j\u00e1 implementadas pelo PUA est\u00e3o a alfabetiza\u00e7\u00e3o e o letramento; fortalecimento dos artistas locais e clown, com palha\u00e7os desenvolvendo atividades l\u00fadicas na comunidade, buscando diminuir animosidades e criar intera\u00e7\u00f5es positivas. Tais iniciativas j\u00e1 foram realizadas em pres\u00eddios, asilos, creches e escolas p\u00fablicas.<\/p>\n<p>Al\u00e9m disso, s\u00e3o diversas as pesquisas publicadas em eventos, peri\u00f3dicos e que resultam em Trabalhos de Conclus\u00e3o de Curso de discentes da gradua\u00e7\u00e3o e p\u00f3s-gradua\u00e7\u00e3o em Rela\u00e7\u00f5es Internacionais que tratam da tem\u00e1tica de estudos para a paz. Recentemente foi lan\u00e7ado o livro \u201cEstudos para a paz: conceitos e debates\u201d, organizado pelos pesquisadores Paulo Kuhlmann, Marcos Alan Ferreira e Roberta Maschietto, e produzido em parceria com acad\u00eamicos do Brasil, Portugal, Mo\u00e7ambique e Estados Unidos.<\/p>\n<p><strong>Por uma nova normalidade<\/strong><\/p>\n<p>\u201cUma nova normalidade\u201d \u00e9 uma campanha de comunica\u00e7\u00e3o para a paz, impulsionada pelo Conselho Latino-americano de Investiga\u00e7\u00e3o para a Paz (CLAIP), cuja finalidade \u00e9 gerar uma corrente de opini\u00e3o cr\u00edtica sobre a normalidade antes do in\u00edcio da pandemia. Esta campanha pretende estimular o compromisso do cidad\u00e3o com a constru\u00e7\u00e3o participativa de uma nova normalidade, justa e necess\u00e1ria, por meio da conscientiza\u00e7\u00e3o e reflex\u00e3o coletiva.<\/p>\n<p>Al\u00e9m dos membros da UEPB, como o professor Paulo Kuhlmann, o docente F\u00e1bio Nobre, a t\u00e9cnica-administrativa Maria Ellem Maciel, e demais integrantes do GEPASM\/UEPB e do PUA, a iniciativa tamb\u00e9m conta com o a participa\u00e7\u00e3o de representantes da\u00a0Revista Latinoamericana Estudios de la Paz y el Conflicto\u00a0(Latinoam\u00e9rica),\u00a0J\u00f3venes Voluntari@s Universitari@s por la Paz\u00a0(Honduras),\u00a0Global Unity Sumak Kausay AC\u00a0(M\u00e9xico) e do\u00a0Centro Internacional de Estudios sobre Democracia y Paz Social\u00a0(Argentina).<\/p>\n<p>Por meio desta iniciativa, o grupo pretende gerar uma corrente internacional de opini\u00e3o cr\u00edtica sobre a necessidade de constru\u00e7\u00e3o coletiva de uma nova normalidade p\u00f3s-pandemia. \u201cPensar uma volta \u00e0 normalidade \u00e9 o que todos queremos. Uma sociedade na qual o v\u00edrus n\u00e3o mais nos atormente, restrinja e amedronte. Entretanto, a Covid-19 evidenciou uma s\u00e9rie de quest\u00f5es graves que j\u00e1 t\u00ednhamos na \u2018normalidade\u2019 em que viv\u00edamos. O sucateamento do sistema de sa\u00fade, a falta de \u00e1gua e saneamento b\u00e1sico para grande parte da popula\u00e7\u00e3o, pessoas que passam fome num pa\u00eds exportador de alimentos, dentre tantos outros problemas. Num momento cr\u00edtico como este, pensar o que queremos e para onde vamos \u00e9 fundamental. Por isso, pensamos nesta campanha por uma nova normalidade poss\u00edvel, desej\u00e1vel e que precisamos lutar para alcan\u00e7ar\u201d, resume o docente.<\/p>\n<p>A campanha tamb\u00e9m est\u00e1 sendo desenvolvida nas principais redes sociais: Twitter (<a href=\"https:\/\/twitter.com\/normalidadnuev1?s=20\">https:\/\/twitter.com\/normalidadnuev1?s=20<\/a>), Facebook (<a href=\"https:\/\/www.facebook.com\/Una-nueva-normalidad-104227414620171\/\">https:\/\/www.facebook.com\/Una-nueva-normalidad-104227414620171\/<\/a>) e Instagram (<a href=\"https:\/\/www.instagram.com\/normalidadnueva\/\">https:\/\/www.instagram.com\/normalidadnueva\/<\/a>), utilizando o slogan \u201cUma nova normalidade \u00e9 poss\u00edvel e necess\u00e1ria\u201d e a hastag #UmaNovaNormalidade.<\/p>\n<p><em><strong>Texto:<\/strong> Juliana Marques<\/em><\/p>\n","protected":false},"excerpt":{"rendered":"<p>A constru\u00e7\u00e3o de um novo normal implica na promo\u00e7\u00e3o de estrat\u00e9gias educativas dial\u00f3gicas, participativas e emancipat\u00f3rias. Nesse sentido, as pr\u00e1ticas educacionais para a paz surgem como alternativas capazes de fomentar a reflexividade cr\u00edtica, os afetos e a solidariedade entre os povos. Partindo dessa assertiva, um grupo de pesquisadores latino-americano, dentre eles o pesquisador do Centro <a class=\"leiamais\" href=\"https:\/\/centros.uepb.edu.br\/ccbsa\/por-uma-nova-normalidade-educacao-para-a-paz-e-tema-de-roda-de-dialogo-com-a-participacao-de-pesquisador-da-uepb\/\">Leia Mais&#8230;<\/a><\/p>\n","protected":false},"author":8,"featured_media":7507,"comment_status":"closed","ping_status":"closed","sticky":false,"template":"","format":"standard","meta":{"footnotes":""},"categories":[3,11],"tags":[],"class_list":["post-7505","post","type-post","status-publish","format-standard","has-post-thumbnail","hentry","category-noticias","category-noticias-destaque-img"],"jetpack_featured_media_url":"https:\/\/centros.uepb.edu.br\/ccbsa\/files\/2021\/03\/161319246_274929634216614_5030087968435995158_nok.png","_links":{"self":[{"href":"https:\/\/centros.uepb.edu.br\/ccbsa\/wp-json\/wp\/v2\/posts\/7505","targetHints":{"allow":["GET"]}}],"collection":[{"href":"https:\/\/centros.uepb.edu.br\/ccbsa\/wp-json\/wp\/v2\/posts"}],"about":[{"href":"https:\/\/centros.uepb.edu.br\/ccbsa\/wp-json\/wp\/v2\/types\/post"}],"author":[{"embeddable":true,"href":"https:\/\/centros.uepb.edu.br\/ccbsa\/wp-json\/wp\/v2\/users\/8"}],"replies":[{"embeddable":true,"href":"https:\/\/centros.uepb.edu.br\/ccbsa\/wp-json\/wp\/v2\/comments?post=7505"}],"version-history":[{"count":0,"href":"https:\/\/centros.uepb.edu.br\/ccbsa\/wp-json\/wp\/v2\/posts\/7505\/revisions"}],"wp:featuredmedia":[{"embeddable":true,"href":"https:\/\/centros.uepb.edu.br\/ccbsa\/wp-json\/wp\/v2\/media\/7507"}],"wp:attachment":[{"href":"https:\/\/centros.uepb.edu.br\/ccbsa\/wp-json\/wp\/v2\/media?parent=7505"}],"wp:term":[{"taxonomy":"category","embeddable":true,"href":"https:\/\/centros.uepb.edu.br\/ccbsa\/wp-json\/wp\/v2\/categories?post=7505"},{"taxonomy":"post_tag","embeddable":true,"href":"https:\/\/centros.uepb.edu.br\/ccbsa\/wp-json\/wp\/v2\/tags?post=7505"}],"curies":[{"name":"wp","href":"https:\/\/api.w.org\/{rel}","templated":true}]}}